{"id":159510,"date":"2025-12-19T08:52:09","date_gmt":"2025-12-19T08:52:09","guid":{"rendered":"https:\/\/www.europesays.com\/pl\/159510\/"},"modified":"2025-12-19T08:52:09","modified_gmt":"2025-12-19T08:52:09","slug":"nowacka-nie-spodziewala-sie-takiej-odpowiedzi-na-swoj-wpis","status":"publish","type":"post","link":"https:\/\/www.europesays.com\/pl\/159510\/","title":{"rendered":"Nowacka nie spodziewa\u0142a si\u0119 takiej odpowiedzi na sw\u00f3j wpis"},"content":{"rendered":"\n<p>&#13;<br \/>\nW czwartek prezydent Karol Nawrocki poinformowa\u0142, \u017ce\u00a0podpisa\u0142 15, a\u00a0<a href=\"https:\/\/dorzeczy.pl\/kraj\/822305\/prezydent-karol-nawrocki-podpisal-15-ustaw-trzy-zawetowal.html\" rel=\"nofollow noopener\" target=\"_blank\">zawetowa\u0142 3\u00a0ustawy<\/a>. W\u015br\u00f3d projekt\u00f3w, kt\u00f3re nie\u00a0zyska\u0142y aprobaty g\u0142owy pa\u0144stwa znalaz\u0142a si\u0119 ustawa z\u00a0dnia 21 listopada 2025\u00a0r. o\u00a0zmianie ustawy \u2013\u00a0Prawo o\u015bwiatowe oraz\u00a0niekt\u00f3rych innych ustaw. Jako pow\u00f3d weta Nawrocki wskaza\u0142 &#8222;ideologiczny charakter&#8221; zmian przedstawionych przez Ministerstwo Edukacji Narodowej. &#13;\n<\/p>\n<p>&#13;<br \/>\n\u2013 W\u00a0Pa\u0142acu Prezydenckim zorganizowali\u015bmy specjalne konsultacje z\u00a0ekspertami, nauczycielami, organizacjami o\u015bwiatowymi. Po\u00a0rozmowach z\u00a0nimi, po\u00a0ich apelach, nie\u00a0mog\u0119 wyrazi\u0107 zgody na\u00a0tak\u0105 ustaw\u0119. To\u00a0reforma prowadz\u0105ca do\u00a0chaosu, ideologizacji szko\u0142y i\u00a0eksperymentowania na\u00a0ca\u0142ych rocznikach \u2013\u00a0powiedzia\u0142 i\u00a0doda\u0142, \u017ce\u00a0&#8222;polska szko\u0142a potrzebuje spokoju, wiedzy i\u00a0stabilno\u015bci, a\u00a0nie nieprzemy\u015blanych chaotycznych zmian, kt\u00f3re zaraz po\u00a0wprowadzeniu trzeba b\u0119dzie poprawia\u0107&#8221;. &#13;\n<\/p>\n<p>Nowacka skrytykowana przez J\u00f3zefaciuka<\/p>\n<p>&#13;<br \/>\nSzefowa MEN Barbara Nowacka, co\u00a0nie mo\u017ce dziwi\u0107, skrytykowa\u0142a prezydenta Nawrockiego. We\u00a0wpisie na\u00a0platformie X stwierdzi\u0142a, \u017ce\u00a0prezydenckie weto zosta\u0142o poparte &#8222;\u017cenuj\u0105co niemerytoryczn\u0105 argumentacj\u0105&#8221;. &#13;\n<\/p>\n<p>&#13;<br \/>\n&#8222;Nie rozumie Pan szko\u0142y. Nie\u00a0szanuje Pan autonomii nauczycieli. I\u00a0ewidentnie boi si\u0119 Pan krytycznie my\u015bl\u0105cego m\u0142odego pokolenia. I\u00a0nie ma\u00a0Pan ani mandatu, ani si\u0142y, by\u00a0zatrzyma\u0107 dobre zmiany w\u00a0reformie \u00abKompas Jutra\u00bb\u201d \u2013\u00a0napisa\u0142a. &#13;\n<\/p>\n<p>&#13;<br \/>\nJak si\u0119 okazuje, cho\u0107 Nowacka chcia\u0142a uderzy\u0107 w\u00a0prezydenta, to\u00a0szybko sama sta\u0142a si\u0119 obiektem krytyki. Na\u00a0jej wpis zareagowa\u0142 Marcin J\u00f3zefaciuk, by\u0142y pose\u0142 Koalicji Obywatelskiej z\u00a0\u0141odzi, w\u00a0przesz\u0142o\u015bci nauczyciel. Polityk stwierdzi\u0142, \u017ce\u00a0pomimo dw\u00f3ch lat na\u00a0stanowisku ministra edukacji Nowacka sama &#8222;nie rozumie tego systemu \u2013\u00a0nie\u00a0kocha go, nie\u00a0jest po\u00a0stronie szk\u00f3\u0142 i\u00a0nauczycieli&#8221;. &#13;\n<\/p>\n<p>&#13;<br \/>\n&#8222;Ewidentnie boi si\u0119 Pani konfrontacji merytorycznej oraz\u00a0krytycznego my\u015blenia Polak\u00f3w \u2013\u00a0wszystkich Polak\u00f3w. Niszczenie swobody, autonomii, szk\u00f3\u0142 niepublicznych, kszta\u0142cenia doros\u0142ych, edukacji domowej, neuror\u00f3\u017cnorodno\u015bci \u2013\u00a0wymienia\u0107 dalej? Prosz\u0119 poda\u0107 si\u0119 do\u00a0dymisji, serio \u2013\u00a0dla\u00a0dobra edukacji, kt\u00f3r\u0105 bierze Pani na\u00a0\u0142a\u0144cuch dla\u00a0dobra samorz\u0105d\u00f3w nie\u00a0patrz\u0105c na\u00a0\u015brodowisko lokalne. Pani wci\u0105\u017c nie\u00a0rozumie edukacji \u2013\u00a0no bo\u00a0sk\u0105d? Nie\u00a0kocha jej Pani przecie\u017c. Wyzywam Pani\u0105 na\u00a0otwarty st\u00f3\u0142 edukacyjny!&#8221; \u2013\u00a0stwierdzi\u0142 pose\u0142. &#13;\n<\/p>\n<p>&#13;<br \/>\nCzytaj te\u017c:<br \/><a href=\"https:\/\/dorzeczy.pl\/opinie\/821921\/reforma-edukacji-biejat-o-nawrockim-prezydent-ma-obsesje-na-punkcie-ideologii.html\" rel=\"follow nofollow noopener\" data-schema=\"DORZECZY\" data-image=\"https:\/\/img.dorzeczy.pl\/_thumb\/01\/56\/1692db7a124d449b58fd8dd90d2d.jpeg\" target=\"_blank\">&#8222;Obsesja&#8221;. Biejat uderza w\u00a0Nawrockiego<\/a>Czytaj te\u017c:<br \/><a href=\"https:\/\/dorzeczy.pl\/kraj\/821444\/minister-nowacka-apeluje-po-tragicznej-smierci-11-latki-zwrocila-sie-do-dziennikarzy.html\" rel=\"follow nofollow noopener\" data-schema=\"DORZECZY\" data-image=\"https:\/\/img.dorzeczy.pl\/_thumb\/36\/7b\/ff5707c383f77fc0cf42812aeb3d.jpeg\" target=\"_blank\">Nowacka apeluje po\u00a0tragicznej \u015bmierci 11-latki. Zwr\u00f3ci\u0142a si\u0119 do\u00a0dziennikarzy<\/a>&#13;<\/p>\n","protected":false},"excerpt":{"rendered":"&#13; W czwartek prezydent Karol Nawrocki poinformowa\u0142, \u017ce\u00a0podpisa\u0142 15, a\u00a0zawetowa\u0142 3\u00a0ustawy. W\u015br\u00f3d projekt\u00f3w, kt\u00f3re nie\u00a0zyska\u0142y aprobaty g\u0142owy pa\u0144stwa&hellip;\n","protected":false},"author":2,"featured_media":159511,"comment_status":"","ping_status":"","sticky":false,"template":"","format":"standard","meta":{"footnotes":""},"categories":[5],"tags":[32,33,98,36,37,27,31595,49,34,35,601,28,31,1315,25,3761,102,42,38,40,39,41,31596,29,30,6158,8206,26],"class_list":{"0":"post-159510","1":"post","2":"type-post","3":"status-publish","4":"format-standard","5":"has-post-thumbnail","7":"category-naglowki","8":"tag-breaking-news","9":"tag-breakingnews","10":"tag-dorzeczy","11":"tag-featured-news","12":"tag-featurednews","13":"tag-headlines","14":"tag-jozefaciuk","15":"tag-kraj","16":"tag-latest-news","17":"tag-latestnews","18":"tag-marcin-bugaj","19":"tag-naglowki","20":"tag-najwazniejsze-artykuly","21":"tag-nawrocki","22":"tag-news","23":"tag-nowacka","24":"tag-opinie","25":"tag-pl","26":"tag-poland","27":"tag-polish","28":"tag-polska","29":"tag-polski","30":"tag-prawo-oswiatowe","31":"tag-top-stories","32":"tag-topstories","33":"tag-ustawa","34":"tag-weto","35":"tag-wiadomosci"},"share_on_mastodon":{"url":"https:\/\/pubeurope.com\/@pl\/115745386892118304","error":""},"_links":{"self":[{"href":"https:\/\/www.europesays.com\/pl\/wp-json\/wp\/v2\/posts\/159510","targetHints":{"allow":["GET"]}}],"collection":[{"href":"https:\/\/www.europesays.com\/pl\/wp-json\/wp\/v2\/posts"}],"about":[{"href":"https:\/\/www.europesays.com\/pl\/wp-json\/wp\/v2\/types\/post"}],"author":[{"embeddable":true,"href":"https:\/\/www.europesays.com\/pl\/wp-json\/wp\/v2\/users\/2"}],"replies":[{"embeddable":true,"href":"https:\/\/www.europesays.com\/pl\/wp-json\/wp\/v2\/comments?post=159510"}],"version-history":[{"count":0,"href":"https:\/\/www.europesays.com\/pl\/wp-json\/wp\/v2\/posts\/159510\/revisions"}],"wp:featuredmedia":[{"embeddable":true,"href":"https:\/\/www.europesays.com\/pl\/wp-json\/wp\/v2\/media\/159511"}],"wp:attachment":[{"href":"https:\/\/www.europesays.com\/pl\/wp-json\/wp\/v2\/media?parent=159510"}],"wp:term":[{"taxonomy":"category","embeddable":true,"href":"https:\/\/www.europesays.com\/pl\/wp-json\/wp\/v2\/categories?post=159510"},{"taxonomy":"post_tag","embeddable":true,"href":"https:\/\/www.europesays.com\/pl\/wp-json\/wp\/v2\/tags?post=159510"}],"curies":[{"name":"wp","href":"https:\/\/api.w.org\/{rel}","templated":true}]}}