{"id":159512,"date":"2025-12-19T08:53:09","date_gmt":"2025-12-19T08:53:09","guid":{"rendered":"https:\/\/www.europesays.com\/pl\/159512\/"},"modified":"2025-12-19T08:53:09","modified_gmt":"2025-12-19T08:53:09","slug":"potezne-kontrowersje-w-meczu-jagiellonii-bialystok-trener-rywali-zaskoczyl","status":"publish","type":"post","link":"https:\/\/www.europesays.com\/pl\/159512\/","title":{"rendered":"Pot\u0119\u017cne kontrowersje w meczu Jagiellonii Bia\u0142ystok. Trener rywali zaskoczy\u0142"},"content":{"rendered":"<p class=\"Paragraph_desktopParagraph__Fd2e9\">Bezbramkowy remis da\u0142 Jagiellonii miejsce w gronie zespo\u0142\u00f3w, kt\u00f3re zagraj\u0105 w lutym w fazie play-off LK. Mimo to wci\u0105\u017c sporo m\u00f3wi si\u0119 o decyzjach arbitra. Dwie by\u0142y co najmniej kontrowersyjne. Po pierwsze, przed przerw\u0105 <a href=\"https:\/\/przegladsportowy.onet.pl\/pilka-nozna\/liga-konferencji-europy\/jagiellonia-bialystok-grala-w-dziesiatke-i-sie-wybronila-kluczowy-wynik\/ged5k9p\" id=\"91a25821-7076-4a58-81f3-5a48967f6865\" rel=\"nofollow noopener\" target=\"_blank\">VAR interweniowa\u0142 w sprawie skomplikowanej sytuacji w szesnastce AZ<\/a>. Pi\u0142karze Jagiellonii domagali si\u0119 rzutu karnego, ale ostatecznie s\u0119dzia zdecydowa\u0142, \u017ce najpierw pi\u0142k\u0119 r\u0119k\u0105 zagra\u0142 jeden z graczy z Bia\u0142egostoku. <\/p>\n<p class=\"VideoPlayerText_videoPlayerText__zrtJk\">Dalszy ci\u0105g materia\u0142u pod wideo<\/p>\n<p class=\"Paragraph_desktopParagraph__Fd2e9\">Tego zagrania nie widzieli ani komentatorzy, ani kibice, ani nawet trenerzy. Adrian Siemieniec a\u017c z\u0142apa\u0142 si\u0119 za g\u0142ow\u0119, gdy dowiedzia\u0142 si\u0119 z jakiego powodu jego zesp\u00f3\u0142 nie otrzyma &#8222;jedenastki&#8221; daj\u0105cej szanse na to, by wyj\u015b\u0107 na trudnym terenie na prowadzenie. <\/p>\n<p>Trener AZ Alkmaar komentuje powa\u017cne kontrowersje<\/p>\n<p class=\"Paragraph_desktopParagraph__Fd2e9\">Po drugie, z boiska wylecia\u0142 Afimico Pululu. Po godzinie gry Mees de Wit pad\u0142 na muraw\u0119 po tym, jak sfaulowa\u0142 go snajper. Arbiter zacz\u0105\u0142 od pokazania \u017c\u00f3\u0142tej kartki, ale nast\u0119pnie podszed\u0142 do monitora. Wydawa\u0142o si\u0119, \u017ce gracz z Podlasia nie zachowa\u0142 si\u0119 a\u017c tak agresywnie, by zobaczy\u0107 czerwony kartonik. A jednak. Zahaczenie o pi\u0119t\u0119 rywala sprawi\u0142o, \u017ce by\u0142y mistrz Polski gra\u0142 w os\u0142abieniu. <\/p>\n<p class=\"Paragraph_desktopParagraph__Fd2e9\">Te dwie sytuacje oceni\u0142 ju\u017c belgijski szkoleniowiec. \u2014 W przypadku zamieszania z rzutem karnym sam do ko\u0144ca nie wiem, co tam si\u0119 wydarzy\u0142o \u2014 zaskoczy\u0142 szczero\u015bci\u0105 Maarten Martens cytowany przez dziennikarza Jakuba Seweryna b\u0119d\u0105cego na miejscu zdarze\u0144. <\/p>\n<p class=\"Paragraph_desktopParagraph__Fd2e9\">O ile nie do ko\u0144ca zrozumia\u0142 decyzji w sprawie &#8222;jedenastki&#8221;, czerwona kartka by\u0142a dla niego zrozumia\u0142a. \u2014 Je\u015bli chodzi o czerwon\u0105 kartk\u0119, to by\u0142 to atak na achillesa \u2014 ocenia wprost trener AZ podczas pomeczowej konferencji. <\/p>\n<p class=\"Paragraph_desktopParagraph__Fd2e9\">Nie zamierza\u0142 mie\u0107 jednak pretensji do nikogo z Bia\u0142egostoku, a do tego pochwali\u0142 rywali. \u2014 Pierwsz\u0105 po\u0142ow\u0119 rozegrali\u015bmy lepsz\u0105 ni\u017c drug\u0105, ale nie uda\u0142o nam si\u0119 wygra\u0107. Nie mieli\u015bmy odpowiedniego tempa w grze, nasz pressing te\u017c nie by\u0142 wystarczaj\u0105co dobry. Jagiellonia to mocny przeciwnik i wiadomo by\u0142o, \u017ce b\u0119dzie dobrze si\u0119 broni\u0107, jak r\u00f3wnie\u017c atakowa\u0107. Wiedzieli\u015bmy te\u017c, \u017ce dobrze rozgrywa pi\u0142k\u0119 od ty\u0142u, to by\u0142o widoczne. Uda\u0142o nam si\u0119 stworzy\u0107 kilka szans, ale zabrak\u0142o trafienia do bramki. Gdyby\u015bmy byli wystarczaj\u0105co dobrzy, to by nam si\u0119 uda\u0142o \u2014 analizuje Maarten.<\/p>\n<p>Adrian Siemieniec nie ma w\u0105tpliwo\u015bci w sprawie czerwonej kartki<\/p>\n<p class=\"Paragraph_desktopParagraph__Fd2e9\">Sytuacje z Pululu skomentowa\u0142 tak\u017ce trener zespo\u0142u z Ekstraklasy. \u2014 Druga po\u0142owa to ponownie nasze dobre wej\u015bcie, ten mecz si\u0119 przechyla\u0142 w nasz\u0105 stron\u0119, bo przeciwnik by\u0142 niezadowolony z wyniku, pewnie si\u0119 pojawi\u0142o troch\u0119 presji, rozczarowania, a to by\u0142a dla nas sytuacja na nabranie pewno\u015bci i przej\u0119cie kontroli. Tak by\u0142o do momentu czerwonej kartki, kt\u00f3ra ca\u0142kowicie zmieni\u0142a spotkanie, a by\u0142a bardzo kontrowersyjna. Widzia\u0142em t\u0119 sytuacj\u0119, pa\u0144stwu zostawiam do oceny, dla mnie to nie by\u0142a czerwona kartka \u2014 ocenia Siemieniec.<\/p>\n","protected":false},"excerpt":{"rendered":"Bezbramkowy remis da\u0142 Jagiellonii miejsce w gronie zespo\u0142\u00f3w, kt\u00f3re zagraj\u0105 w lutym w fazie play-off LK. Mimo to&hellip;\n","protected":false},"author":2,"featured_media":159513,"comment_status":"","ping_status":"","sticky":false,"template":"","format":"standard","meta":{"footnotes":""},"categories":[24],"tags":[31001,67,2477,7714,7713,42,38,40,39,41,136,128,47,127,135,126,130],"class_list":{"0":"post-159512","1":"post","2":"type-post","3":"status-publish","4":"format-standard","5":"has-post-thumbnail","7":"category-sport","8":"tag-az_alkmaar","9":"tag-intextvideo_splayer","10":"tag-jagiellonia_bialystok","11":"tag-liga_konferencji","12":"tag-liga_konferencji_europy","13":"tag-pl","14":"tag-poland","15":"tag-polish","16":"tag-polska","17":"tag-polski","18":"tag-ps_detal_new","19":"tag-psv2","20":"tag-screening_general","21":"tag-sport","22":"tag-sport_sport","23":"tag-sports","24":"tag-wiadomosci_sportowe"},"share_on_mastodon":{"url":"https:\/\/pubeurope.com\/@pl\/115745390913458332","error":""},"_links":{"self":[{"href":"https:\/\/www.europesays.com\/pl\/wp-json\/wp\/v2\/posts\/159512","targetHints":{"allow":["GET"]}}],"collection":[{"href":"https:\/\/www.europesays.com\/pl\/wp-json\/wp\/v2\/posts"}],"about":[{"href":"https:\/\/www.europesays.com\/pl\/wp-json\/wp\/v2\/types\/post"}],"author":[{"embeddable":true,"href":"https:\/\/www.europesays.com\/pl\/wp-json\/wp\/v2\/users\/2"}],"replies":[{"embeddable":true,"href":"https:\/\/www.europesays.com\/pl\/wp-json\/wp\/v2\/comments?post=159512"}],"version-history":[{"count":0,"href":"https:\/\/www.europesays.com\/pl\/wp-json\/wp\/v2\/posts\/159512\/revisions"}],"wp:featuredmedia":[{"embeddable":true,"href":"https:\/\/www.europesays.com\/pl\/wp-json\/wp\/v2\/media\/159513"}],"wp:attachment":[{"href":"https:\/\/www.europesays.com\/pl\/wp-json\/wp\/v2\/media?parent=159512"}],"wp:term":[{"taxonomy":"category","embeddable":true,"href":"https:\/\/www.europesays.com\/pl\/wp-json\/wp\/v2\/categories?post=159512"},{"taxonomy":"post_tag","embeddable":true,"href":"https:\/\/www.europesays.com\/pl\/wp-json\/wp\/v2\/tags?post=159512"}],"curies":[{"name":"wp","href":"https:\/\/api.w.org\/{rel}","templated":true}]}}