{"id":159518,"date":"2025-12-19T08:57:10","date_gmt":"2025-12-19T08:57:10","guid":{"rendered":"https:\/\/www.europesays.com\/pl\/159518\/"},"modified":"2025-12-19T08:57:10","modified_gmt":"2025-12-19T08:57:10","slug":"wiadomo-co-z-aktywami-za-kulisami-szczytu-w-brukseli-to-cios-dla-jednosci-ue","status":"publish","type":"post","link":"https:\/\/www.europesays.com\/pl\/159518\/","title":{"rendered":"Wiadomo, co z aktywami. Za kulisami szczytu w Brukseli. To cios dla jedno\u015bci UE"},"content":{"rendered":"<p>Kraje zosta\u0142y zmuszone do uzgodnienia awaryjnego planu opartego na wsp\u00f3lnym d\u0142ugu UE. Od tygodni by\u0142 on forsowany przez premiera Belgii <a href=\"https:\/\/wiadomosci.onet.pl\/swiat\/europa-zdecydowala-po-mysli-belgii-premier-bart-de-wever-ukraina-zwyciezyla\/2g55z5e\" id=\"23fb343b-18f5-49e1-b5ef-3250e5d658b3\" rel=\"nofollow noopener\" target=\"_blank\">Bart De Wever<\/a> i do ostatnich godzin przed zawarciem porozumienia by\u0142 uwa\u017cany za ma\u0142o realny. Kolejnym ciosem dla jedno\u015bci UE jest fakt, \u017ce trzy pa\u0144stwa \u2014 W\u0119gry, S\u0142owacja i Czechy \u2014 nie wezm\u0105 udzia\u0142u w tym planie.<\/p>\n<p>&#8222;Najwa\u017cniejsze jest to, \u017ce po dzisiejszym dniu nasze wsparcie dla Ukrainy jest zagwarantowane&#8221; \u2014 powiedzia\u0142a premier Danii Mette Frederiksen po zako\u0144czeniu szczytu o 3 nad ranem.<\/p>\n<p class=\"ods-c-paragraph \">Porozumienie stanowi kluczow\u0105 pomoc dla <a href=\"https:\/\/wiadomosci.onet.pl\/swiat\/ukraina-otrzyma-miliardy-euro-w-trybie-pilnym-udzielimy-pozyczki\/tqdjmwx\" id=\"094232a5-d330-45b8-ba63-eb205fd160c0\" rel=\"nofollow noopener\" target=\"_blank\">zniszczonej wojn\u0105 gospodarki Ukrainy<\/a>, kt\u00f3ra boryka si\u0119 z ryzykiem zbli\u017caj\u0105cego si\u0119 kryzysu p\u0142ynno\u015bci finansowej ju\u017c wiosn\u0105 przysz\u0142ego roku. A to wszystko w czasie, kiedy inwazja Rosji na pe\u0142n\u0105 skal\u0119 trwa ju\u017c czwarty rok.<\/p>\n<p class=\"ods-c-paragraph \">Chocia\u017c porozumienie pozwala wszystkim og\u0142osi\u0107 zwyci\u0119stwo, nie by\u0142o to rozwi\u0105zanie, do kt\u00f3rego d\u0105\u017cy\u0142y Niemcy i Komisja przed szczytem.<\/p>\n<p class=\"ods-c-paragraph \">&#8222;Oczywi\u015bcie niekt\u00f3rym si\u0119 to nie podoba\u0142o. Chc\u0105 ukara\u0107 [prezydenta Rosji W\u0142adimira] Putina, zabieraj\u0105c mu pieni\u0105dze&#8221; \u2014 powiedzia\u0142 De Wever, odnosz\u0105c si\u0119 do pierwotnego planu wykorzystania rosyjskich aktyw\u00f3w. Jednak &#8222;polityka nie jest zaj\u0119ciem emocjonalnym&#8221; i &#8222;przewa\u017cy\u0142a racjonalno\u015b\u0107&#8221;.<\/p>\n<p>   Bruksela pod \u015bcian\u0105<\/p>\n<p class=\"ods-c-paragraph \">Od tygodni w\u0142adze wykonawcze UE i Berlin wywiera\u0142y presj\u0119 na pa\u0144stwa cz\u0142onkowskie, aby sfinalizowa\u0142y kontrowersyjny plan wykorzystania <a href=\"https:\/\/wiadomosci.onet.pl\/swiat\/ue-podjela-decyzje-w-sprawie-rosyjskich-aktywow-dwa-kraje-byly-przeciw\/x9zh550\" id=\"c7409e03-560b-4f16-9870-1e87e08d5957\" rel=\"nofollow noopener\" target=\"_blank\">zamro\u017conych aktyw\u00f3w pa\u0144stwowych Rosji<\/a> o warto\u015bci do 210 mld euro (882 mld z\u0142) do sfinansowania Ukrainy. De Wever po raz kolejny zapewni\u0142, \u017ce tak si\u0119 nie stanie. Ju\u017c w czasie poprzedniego szczytu w pa\u017adzierniku zniweczy\u0142 plan wykorzystania rosyjskich aktyw\u00f3w.<\/p>\n<p class=\"ods-c-paragraph \">Zamiast tego przyw\u00f3dcy zgodzili si\u0119 po\u017cyczy\u0107 90 mld euro (378 mld z\u0142) na sfinansowanie po\u017cyczki dla Ukrainy w ci\u0105gu dw\u00f3ch lat. Zostanie ona zagwarantowana ze wsp\u00f3lnego bud\u017cetu UE.<\/p>\n<p class=\"ods-c-paragraph \">Chocia\u017c opcja ta spodoba\u0142a si\u0119 krajom po\u0142udniowym, nie spotka\u0142a si\u0119 z aprobat\u0105 Niemiec i ich p\u00f3\u0142nocnoeuropejskich sojusznik\u00f3w, kt\u00f3rzy tradycyjnie sprzeciwiaj\u0105 si\u0119 gwarantowaniu obligacji dla swoich wysoko zad\u0142u\u017conych partner\u00f3w.<\/p>\n<p class=\"ods-c-paragraph \">Ostatecznie jednak przewa\u017cy\u0142a pilna potrzeba finansowania Ukrainy oraz desperacka ch\u0119\u0107 przyw\u00f3dc\u00f3w UE do okazania swojego wsparcia. Zw\u0142aszcza w obliczu wahania <a href=\"https:\/\/www.onet.pl\/informacje\/onetwiadomosci\/donald-trump-pospiesza-ukraine-rosja-moze-zmienic-zdanie\/z841pbn,79cfc278\" id=\"31a2fd3a-f235-4ee6-b4f3-dbd80310c010\" rel=\"nofollow noopener\" target=\"_blank\">Donalda Trumpa<\/a> i przechwa\u0142ek Putina o zwyci\u0119stwie.<\/p>\n<p class=\"ods-c-paragraph \">W ramach ust\u0119pstwa wobec Niemiec przyw\u00f3dcy otworzyli furtk\u0119 do wykorzystania zamro\u017conych rosyjskich aktyw\u00f3w do sp\u0142aty po\u017cyczki dla Ukrainy. Jest to jednak kwestia, kt\u00f3r\u0105 nale\u017cy rozwi\u0105za\u0107 w przysz\u0142o\u015bci.<\/p>\n<p>   <img decoding=\"async\" src=\"https:\/\/www.europesays.com\/pl\/wp-content\/uploads\/2025\/12\/CwEk9lBaHR0cHM6Ly9vY2RuLmV1L3B1bHNjbXMvTURBXy9jMDA5NzhkNDE5YmVjNWM2ZmFhZWVkMzdlZmRjMzhiMi5qcGeRlQLNB.jpeg\" height=\"638\" width=\"940\" alt=\"Kanclerz Niemiec Friedrich Merz, Bruksela, 18 grudnia 2025 r.\" loading=\"lazy\" class=\"ods-c-image__img ods-c-image__img--viewport-width\"\/><\/p>\n<p>Kanclerz Niemiec Friedrich Merz, Bruksela, 18 grudnia 2025 r.John Thys \/ AFP<\/p>\n<p> Taktyka De Wevera<\/p>\n<p class=\"ods-c-paragraph \">Poniewa\u017c Belgia od samego pocz\u0105tku sprzeciwia\u0142a si\u0119 planowi wykorzystania rosyjskich aktyw\u00f3w do sfinansowania po\u017cyczki, dyplomaci UE i eksperci finansowi sp\u0119dzili wiele bezsennych nocy przed szczytem, dopracowuj\u0105c sformu\u0142owania prawne i oferuj\u0105c dodatkowe zabezpieczenia finansowe, aby uspokoi\u0107 De Wevera.<\/p>\n<p class=\"ods-c-paragraph \">Stawka dla belgijskiego premiera by\u0142a bardzo wysoka, bior\u0105c pod uwag\u0119, \u017ce wi\u0119kszo\u015b\u0107 zamro\u017conych aktyw\u00f3w Rosji w Europie znajduje si\u0119 w posiadaniu firmy finansowej Euroclear, kt\u00f3ra jest zarejestrowana w Belgii.<\/p>\n<p class=\"ods-c-paragraph \">De Wever wielokrotnie powtarza\u0142, \u017ce w zamian za poparcie tego planu kraje UE musz\u0105 wy\u0142o\u017cy\u0107 nieograniczone kwoty got\u00f3wki, aby chroni\u0107 Belgi\u0119 w ma\u0142o prawdopodobnym przypadku, gdyby Kreml odzyska\u0142 pieni\u0105dze.<\/p>\n<p class=\"ods-c-paragraph \">By\u0142o to jednak zbyt wielkie \u017c\u0105danie nawet dla najbardziej zagorza\u0142ych zwolennik\u00f3w pomys\u0142u rosyjskich aktyw\u00f3w, kt\u00f3rzy odrzucili belgijsk\u0105 ofert\u0119 jako nic innego jak &#8222;czek in blanco&#8221;.<\/p>\n<p class=\"ods-c-paragraph \">Chocia\u017c taktyka De Wevera by\u0142a popularna w jego kraju, sprawi\u0142a, \u017ce sta\u0142 si\u0119 on pariasem w Radzie Europejskiej. Inni przyw\u00f3dcy rozwa\u017cali skrajny pomys\u0142 przeg\u0142osowania Belgii w ramach ostatecznego rozwi\u0105zania, aby doprowadzi\u0107 do porozumienia. Jednak \u017cadne z tych dzia\u0142a\u0144 nie okaza\u0142o si\u0119 konieczne.<\/p>\n<p>Storpedowane pomys\u0142y<\/p>\n<p class=\"ods-c-paragraph \">Podczas gdy Komisja desperacko pr\u00f3bowa\u0142a uratowa\u0107 plan dotycz\u0105cy rosyjskich aktyw\u00f3w, odr\u0119bna grupa kraj\u00f3w pod przewodnictwem Belgii i W\u0142och potajemnie knu\u0142a, aby przywr\u00f3ci\u0107 do \u017cycia sw\u00f3j preferowany plan B: wsp\u00f3lny d\u0142ug UE. &#8222;Okaza\u0142o si\u0119 to najbardziej realistycznym i praktycznym rozwi\u0105zaniem&#8221; \u2014 powiedzia\u0142 dziennikarzom prezydent Francji <a href=\"https:\/\/www.onet.pl\/informacje\/onetwiadomosci\/polska-ma-duzego-sojusznika-w-walce-z-umowa-z-mercosurem-jest-nowa-deklaracja\/6gm6df4,79cfc278\" id=\"8789beb4-9fa6-4925-a045-f6b630d937ca\" rel=\"nofollow noopener\" target=\"_blank\">Emmanuel Macron<\/a>.<\/p>\n<p class=\"ods-c-paragraph \">Ca\u0142y dzie\u0144 gor\u0105czkowych dzia\u0142a\u0144 dyplomatycznych rozpocz\u0105\u0142 si\u0119 od tego, \u017ce przyw\u00f3dcy UE od\u0142o\u017cyli na dalszy plan dra\u017cliw\u0105 kwesti\u0119 finansowania Ukrainy. Powr\u00f3cili do niej wieczorem, po tym jak ich doradcy przygotowali porozumienie za zamkni\u0119tymi drzwiami. &#8222;Trzy tematy szczytu \u2014 Mercosur, rosyjskie aktywa i nast\u0119pny bud\u017cet UE \u2014 nak\u0142adaj\u0105 si\u0119 na siebie&#8221; \u2014 powiedzia\u0142 jeden z dyplomat\u00f3w UE.<\/p>\n<p class=\"ods-c-paragraph \">Od pocz\u0105tku by\u0142o oczywiste, \u017ce Merz \u2014 kt\u00f3ry w swoim kraju zmaga si\u0119 z powa\u017cnym wyzwaniem ze strony skrajnie prawicowej <a href=\"https:\/\/www.onet.pl\/informacje\/onetwiadomosci\/niemcy-wylewaja-kubel-zimnej-wody-na-elity-afd-zyskuje-takze-na-zachodzie\/syxzbmv,79cfc278\" id=\"5bf6cbb2-b814-48d5-9490-b83da8209f8d\" rel=\"nofollow noopener\" target=\"_blank\">Alternatywy dla Niemiec<\/a> \u2014 nie m\u00f3g\u0142 sobie pozwoli\u0107 na powr\u00f3t do Berlina z pustymi r\u0119kami.<\/p>\n<p class=\"ods-c-paragraph \">Niemiec nie tylko popiera plan dotycz\u0105cy rosyjskich aktyw\u00f3w, ale te\u017c jest zwolennikiem umowy handlowej <a href=\"https:\/\/www.onet.pl\/informacje\/onetwiadomosci\/rolnicy-kontra-mercosur-w-brukseli-dali-upust-swojej-zlosci-najwieksza-mobilizacja-w\/f3lg0l7,79cfc278\" id=\"8bb3278c-e081-48d9-9673-c312114a3004\" rel=\"nofollow noopener\" target=\"_blank\">Mercosur <\/a>z Ameryk\u0105 Po\u0142udniow\u0105, kt\u00f3ra od dziesi\u0119cioleci wisia\u0142a na w\u0142osku i mia\u0142a zosta\u0107 podpisana w tym tygodniu.<\/p>\n<p class=\"ods-c-paragraph \">Szybko jednak sta\u0142o si\u0119 jasne, \u017ce premier W\u0142och Giorgia Meloni \u2014 kt\u00f3ra zas\u0142yn\u0119\u0142a w Brukseli jako pragmatyczka \u2014 spr\u00f3buje storpedowa\u0107 oba projekty Merza.<\/p>\n<p class=\"ods-c-paragraph \">Doprowadzi\u0142a do odroczenia umowy z Mercosurem do stycznia i wsp\u00f3\u0142pracowa\u0142a z De Weverem, aby krok po kroku zlikwidowa\u0107 plan dotycz\u0105cy rosyjskich aktyw\u00f3w. &#8222;Zwyci\u0119\u017cy\u0142 zdrowy rozs\u0105dek&#8221; \u2014 powiedzia\u0142a Meloni.<\/p>\n","protected":false},"excerpt":{"rendered":"Kraje zosta\u0142y zmuszone do uzgodnienia awaryjnego planu opartego na wsp\u00f3lnym d\u0142ugu UE. Od tygodni by\u0142 on forsowany przez&hellip;\n","protected":false},"author":2,"featured_media":159519,"comment_status":"","ping_status":"","sticky":false,"template":"","format":"standard","meta":{"footnotes":""},"categories":[14],"tags":[56,32,33,345,4393,27,76,34,35,93,28,31,48,25,46,40,41,47,80,29,30,415,86,344,26,82,83,84],"class_list":{"0":"post-159518","1":"post","2":"type-post","3":"status-publish","4":"format-standard","5":"has-post-thumbnail","7":"category-swiat","8":"tag-article_premium","9":"tag-breaking-news","10":"tag-breakingnews","11":"tag-friedrich_merz","12":"tag-giorgia_meloni","13":"tag-headlines","14":"tag-inwazja_rosji_na_ukraine","15":"tag-latest-news","16":"tag-latestnews","17":"tag-mercosur","18":"tag-naglowki","19":"tag-najwazniejsze-artykuly","20":"tag-nat_styl","21":"tag-news","22":"tag-omp","23":"tag-polish","24":"tag-polski","25":"tag-screening_general","26":"tag-swiat","27":"tag-top-stories","28":"tag-topstories","29":"tag-ukraina","30":"tag-unia_europejska","31":"tag-ursula_von_der_leyen","32":"tag-wiadomosci","33":"tag-world","34":"tag-world-news","35":"tag-worldnews"},"share_on_mastodon":{"url":"https:\/\/pubeurope.com\/@pl\/115745406646341557","error":""},"_links":{"self":[{"href":"https:\/\/www.europesays.com\/pl\/wp-json\/wp\/v2\/posts\/159518","targetHints":{"allow":["GET"]}}],"collection":[{"href":"https:\/\/www.europesays.com\/pl\/wp-json\/wp\/v2\/posts"}],"about":[{"href":"https:\/\/www.europesays.com\/pl\/wp-json\/wp\/v2\/types\/post"}],"author":[{"embeddable":true,"href":"https:\/\/www.europesays.com\/pl\/wp-json\/wp\/v2\/users\/2"}],"replies":[{"embeddable":true,"href":"https:\/\/www.europesays.com\/pl\/wp-json\/wp\/v2\/comments?post=159518"}],"version-history":[{"count":0,"href":"https:\/\/www.europesays.com\/pl\/wp-json\/wp\/v2\/posts\/159518\/revisions"}],"wp:featuredmedia":[{"embeddable":true,"href":"https:\/\/www.europesays.com\/pl\/wp-json\/wp\/v2\/media\/159519"}],"wp:attachment":[{"href":"https:\/\/www.europesays.com\/pl\/wp-json\/wp\/v2\/media?parent=159518"}],"wp:term":[{"taxonomy":"category","embeddable":true,"href":"https:\/\/www.europesays.com\/pl\/wp-json\/wp\/v2\/categories?post=159518"},{"taxonomy":"post_tag","embeddable":true,"href":"https:\/\/www.europesays.com\/pl\/wp-json\/wp\/v2\/tags?post=159518"}],"curies":[{"name":"wp","href":"https:\/\/api.w.org\/{rel}","templated":true}]}}