{"id":159524,"date":"2025-12-19T09:00:14","date_gmt":"2025-12-19T09:00:14","guid":{"rendered":"https:\/\/www.europesays.com\/pl\/159524\/"},"modified":"2025-12-19T09:00:14","modified_gmt":"2025-12-19T09:00:14","slug":"honorowe-pozegnanie-zespolu-z-kataru-z-kms","status":"publish","type":"post","link":"https:\/\/www.europesays.com\/pl\/159524\/","title":{"rendered":"Honorowe po\u017cegnanie zespo\u0142u z Kataru z KM\u015a"},"content":{"rendered":"\n<p class=\"contentpart contentpart--default contentpart--text\" data-position=\"0\">Volei Renata, formalnie gospodarz <a href=\"https:\/\/sportowefakty.wp.pl\/siatkowka\/klubowe-mistrzostwa-swiata-siatkarzy\" rel=\"nofollow noopener\" target=\"_blank\">Klubowych Mistrzostwa \u015awiata<\/a>, nie musia\u0142 wykorzysta\u0107 pe\u0142ni energii na trzeci mecz w grupie.\u00a0Po zwyci\u0119stwie 3:0 <a href=\"https:\/\/sportowefakty.wp.pl\/siatkowka\/aluron-warta-zawiercie\" rel=\"nofollow noopener\" target=\"_blank\">Aluron CMC Warty Zawiercie<\/a>\u00a0z <a href=\"https:\/\/sportowefakty.wp.pl\/siatkowka\/praia-clube\" rel=\"nofollow noopener\" target=\"_blank\">Praia Clube<\/a>\u00a0by\u0142o jasne po pierwsze, \u017ce Volei Renata wchodzi do p\u00f3\u0142fina\u0142u, a po drugie, \u017ce nie ma szans wyprzedzi\u0107 zespo\u0142u z <a href=\"https:\/\/sportowefakty.wp.pl\/polska\" rel=\"nofollow noopener\" target=\"_blank\">Polski<\/a>. Dlatego konfrontacja z przeciwnikiem z <a href=\"https:\/\/sportowefakty.wp.pl\/katar\" rel=\"nofollow noopener\" target=\"_blank\">Kataru<\/a>\u00a0mia\u0142a odrobin\u0119 sparingowy charakter.<\/p>\n<p class=\"contentpart contentpart--default contentpart--text\" data-position=\"1\">By\u0142o to wida\u0107 po gospodarzach, natomiast <a href=\"https:\/\/sportowefakty.wp.pl\/siatkowka\/al-rayyan\" rel=\"nofollow noopener\" target=\"_blank\">Al-Rayyan<\/a>\u00a0by\u0142o zmobilizowane do dobrego po\u017cegnania si\u0119 z turniejem. Wynik 3:0 i tak by\u0142 drobn\u0105 niespodziank\u0105, poniewa\u017c wcze\u015bniej dru\u017cyna z Azji pokaza\u0142a niewiele ciekawego w <a href=\"https:\/\/sportowefakty.wp.pl\/brazylia\" rel=\"nofollow noopener\" target=\"_blank\">brazylijskim<\/a>\u00a0Belem. W dw\u00f3ch spotkaniach nawet nie rozstrzygn\u0119\u0142a seta.<\/p>\n<p> <img role=\"presentation\" src=\"https:\/\/std.wpcdn.pl\/images\/adv\/placeholder_wp.svg\" loading=\"lazy\" alt=\"\" decoding=\"async\"\/>  <\/p>\n<p class=\"contentpart contentpart--default contentpart--text\" data-position=\"2\">W meczu rozegranym, w nocy z czwartku na pi\u0105tek czasu polskiego, Al-Rayyan zwyci\u0119\u017ca\u0142o w setach 25:18, 31:29 i 25:20. Najwi\u0119cej punkt\u00f3w zdobywali Okello Daudi &#8211; 17 oraz <a href=\"https:\/\/sportowefakty.wp.pl\/siatkowka\/roland-gergye\" rel=\"nofollow noopener\" target=\"_blank\">Roland Gergye<\/a>\u00a0&#8211; 10. W bloku szala\u0142 Faye Birama, kt\u00f3ry trzy razy zapunktowa\u0142 tym elementem.<\/p>\n<p class=\"contentpart contentpart--default contentpart--text\" data-position=\"3\">ZOBACZ WIDEO: #dziejesiewsporcie: Gol z po\u0142owy boiska. Mo\u017cna ogl\u0105da\u0107 i ogl\u0105da\u0107<\/p>\n<p class=\"contentpart contentpart--default contentpart--text\" data-position=\"5\"><a href=\"https:\/\/sportowefakty.wp.pl\/siatkowka\/volei-futuro\" rel=\"nofollow noopener\" target=\"_blank\">Volei Renata<\/a>\u00a0&#8211; <a href=\"https:\/\/sportowefakty.wp.pl\/siatkowka\/al-rayyan\" rel=\"nofollow noopener\" target=\"_blank\">Al-Rayyan<\/a>\u00a00:3 (18:25, 29:31, 20:25)<\/p>\n<p class=\"contentpart contentpart--default contentpart--text\" data-position=\"6\">Renata:\u00a0Bruno, Adriano, Mauricio, Witallo, Judson, Newton, Lukinha (libero) oraz Cristiano, Renan, Thiago, Yan<\/p>\n<p> <img role=\"presentation\" src=\"https:\/\/std.wpcdn.pl\/images\/adv\/placeholder_wp.svg\" loading=\"lazy\" alt=\"\" decoding=\"async\"\/>  <\/p>\n<p class=\"contentpart contentpart--default contentpart--text\" data-position=\"7\">Al-Rayyan:\u00a0Stevanovi\u0107, Gergye, Waleed, Pape, Birama, Daudi, Naji (libero) oraz Saifeddine, Bojan, Mubarak<\/p>\n<p class=\"contentpart contentpart--default contentpart--text\" data-position=\"8\">Tabela grupy A:<\/p>\n","protected":false},"excerpt":{"rendered":"Volei Renata, formalnie gospodarz Klubowych Mistrzostwa \u015awiata, nie musia\u0142 wykorzysta\u0107 pe\u0142ni energii na trzeci mecz w grupie.\u00a0Po zwyci\u0119stwie&hellip;\n","protected":false},"author":2,"featured_media":159525,"comment_status":"","ping_status":"","sticky":false,"template":"","format":"standard","meta":{"footnotes":""},"categories":[24],"tags":[30765,1301,27145,42,38,40,39,41,4608,131,960,127,126,30763],"class_list":{"0":"post-159524","1":"post","2":"type-post","3":"status-publish","4":"format-standard","5":"has-post-thumbnail","7":"category-sport","8":"tag-al-rayyan","9":"tag-brazylia","10":"tag-klubowe-mistrzostwa-swiata-siatkarzy","11":"tag-pl","12":"tag-poland","13":"tag-polish","14":"tag-polska","15":"tag-polski","16":"tag-rozgrywki-miedzynarodowe","17":"tag-siatkowka","18":"tag-siatkowka-na-swiecie","19":"tag-sport","20":"tag-sports","21":"tag-volei-renata"},"share_on_mastodon":{"url":"https:\/\/pubeurope.com\/@pl\/115745418973604494","error":""},"_links":{"self":[{"href":"https:\/\/www.europesays.com\/pl\/wp-json\/wp\/v2\/posts\/159524","targetHints":{"allow":["GET"]}}],"collection":[{"href":"https:\/\/www.europesays.com\/pl\/wp-json\/wp\/v2\/posts"}],"about":[{"href":"https:\/\/www.europesays.com\/pl\/wp-json\/wp\/v2\/types\/post"}],"author":[{"embeddable":true,"href":"https:\/\/www.europesays.com\/pl\/wp-json\/wp\/v2\/users\/2"}],"replies":[{"embeddable":true,"href":"https:\/\/www.europesays.com\/pl\/wp-json\/wp\/v2\/comments?post=159524"}],"version-history":[{"count":0,"href":"https:\/\/www.europesays.com\/pl\/wp-json\/wp\/v2\/posts\/159524\/revisions"}],"wp:featuredmedia":[{"embeddable":true,"href":"https:\/\/www.europesays.com\/pl\/wp-json\/wp\/v2\/media\/159525"}],"wp:attachment":[{"href":"https:\/\/www.europesays.com\/pl\/wp-json\/wp\/v2\/media?parent=159524"}],"wp:term":[{"taxonomy":"category","embeddable":true,"href":"https:\/\/www.europesays.com\/pl\/wp-json\/wp\/v2\/categories?post=159524"},{"taxonomy":"post_tag","embeddable":true,"href":"https:\/\/www.europesays.com\/pl\/wp-json\/wp\/v2\/tags?post=159524"}],"curies":[{"name":"wp","href":"https:\/\/api.w.org\/{rel}","templated":true}]}}