{"id":15954,"date":"2025-09-25T18:57:07","date_gmt":"2025-09-25T18:57:07","guid":{"rendered":"https:\/\/www.europesays.com\/pl\/15954\/"},"modified":"2025-09-25T18:57:07","modified_gmt":"2025-09-25T18:57:07","slug":"koniec-wyplaty-czternastek-przez-zus-zyskalo-65-miliona-osob","status":"publish","type":"post","link":"https:\/\/www.europesays.com\/pl\/15954\/","title":{"rendered":"Koniec wyp\u0142aty &#8222;czternastek&#8221; przez ZUS. Zyska\u0142o 6,5 miliona os\u00f3b"},"content":{"rendered":"\n<p>&#13;<br \/>\n14. emerytura to\u00a0wprowadzone przez Zjednoczon\u0105 Prawic\u0119 \u015bwiadczenie, kt\u00f3re mia\u0142o poprawi\u0107 sytuacj\u0119 finansow\u0105 senior\u00f3w. Zak\u0142ad podsumowa\u0142 wyp\u0142at\u0119 dodatkowej, 14. emerytury. Zak\u0142ad Ubezpiecze\u0144 Spo\u0142ecznych poinformowa\u0142, \u017ce\u00a0zako\u0144czono przelewy i\u00a0przekazy pocztowe z\u00a0tytu\u0142u dodatkowego rocznego \u015bwiadczenia. Dodatkowe \u015brodki trafi\u0142y do\u00a06,5 mln emeryt\u00f3w i\u00a0rencist\u00f3w. &#13;\n<\/p>\n<p>&#13;<br \/>\n\u2013 Aby\u00a0je\u00a0otrzyma\u0107, odbiorcy nie\u00a0musz\u0105 sk\u0142ada\u0107 dodatkowych wniosk\u00f3w ani wype\u0142nia\u0107 formularzy, bo\u00a0ZUS przyzna, wyliczy i\u00a0wyp\u0142aci czternast\u0105 emerytur\u0119 z\u00a0urz\u0119du. W\u00a0tym roku kwota \u015bwiadczenia wynios\u0142a 1878,91 z\u0142 brutto, czyli oko\u0142o 98 z\u0142 wi\u0119cej ni\u017c\u00a0w\u00a02024 roku. Tak jak w\u00a0przypadku trzynastej emerytury, czternastka jest r\u00f3wna minimalnej emeryturze obowi\u0105zuj\u0105cej od\u00a0marca 2025\u00a0r. do\u00a0ko\u0144ca lutego 2026\u00a0r. \u2013\u00a0m\u00f3wi Grzegorz Dyjak z\u00a0biura prasowego ZUS: &#13;\n<\/p>\n<p>&#13;<br \/>\nPe\u0142n\u0105 kwot\u0119 brutto \u015bwiadczenia otrzyma\u0142y osoby, kt\u00f3rych emerytura lub\u00a0renta nie\u00a0przekracza 2900 z\u0142 brutto miesi\u0119cznie. Przy przekroczeniu, obowi\u0105zuje zasada &#8222;z\u0142ot\u00f3wka za\u00a0z\u0142ot\u00f3wk\u0119&#8221;. Wyp\u0142ata nie\u00a0by\u0142a realizowana, je\u015bli po\u00a0obliczeniach kwota czternastki spad\u0142a poni\u017cej 50 z\u0142 brutto. Oznacza to, \u017ce\u00a0nie otrzyma\u0142y jej osoby pobieraj\u0105ce emerytur\u0119 lub\u00a0rent\u0119 powy\u017cej 4728,91 z\u0142 brutto. &#13;\n<\/p>\n<p>&#13;<br \/>\nZUS podkre\u015bla, \u017ce\u00a0pod koniec wrze\u015bnia dodatkowe \u015bwiadczenie trafi r\u00f3wnie\u017c do\u00a0os\u00f3b pobieraj\u0105cych \u015bwiadczenie przedemerytalne i\u00a0zasi\u0142ek przedemerytalny. &#13;\n<\/p>\n<p>&#13;<br \/>\nCa\u0142o\u015b\u0107 wyp\u0142at w\u00a0ramach czternastej emerytury w\u00a02025 roku przekroczy\u0142a 7,6 mld z\u0142 netto. &#13;\n<\/p>\n<p>Emeryci zawiedzeni decyzj\u0105 rz\u0105du<\/p>\n<p>&#13;<br \/>\nWarto wiedzie\u0107, \u017ce\u00a0rz\u0105d ma\u00a0mo\u017cliwo\u015b\u0107 podwy\u017cszenia kwoty 14. emerytury w\u00a0danym roku. Wystarczy do\u00a0tego odpowiednia decyzja. Niestety w\u00a0tym roku Ministerstwo Rodziny, Pracy i\u00a0Polityki Spo\u0142ecznej <a href=\"https:\/\/dorzeczy.pl\/ekonomia\/736443\/szczegoly-dot-wyplat-czternastki-niekorzystna-decyzja-rzadu.html\" rel=\"nofollow noopener\" target=\"_blank\">nie skorzysta\u0142o z\u00a0takiej mo\u017cliwo\u015bci<\/a>. W\u00a0czerwcu na\u00a0rz\u0105dowych stronach opublikowano projekt rozporz\u0105dzenia w\u00a0tej sprawie. &#13;\n<\/p>\n<p>&#13;<br \/>\nObecnie ZUS obs\u0142uguje 6,361 mln emeryt\u00f3w, kt\u00f3rych \u0142\u0105czna kwota ich \u015bwiadcze\u0144 w\u00a0kwietniu tego roku wynios\u0142a 26,707 mld z\u0142. W\u00a0okresie od\u00a0grudnia 2023 do\u00a0grudnia 2024 liczba emeryt\u00f3w wzros\u0142a o\u00a0100 tys. os\u00f3b. &#13;\n<\/p>\n<p>&#13;<br \/>\nCzytaj te\u017c:<br \/><a href=\"https:\/\/dorzeczy.pl\/ekonomia\/783915\/emeryci-wygrywaja-z-zus-chodzi-o-wyrownanie-do-emerytur-czerwcowych.html\" rel=\"follow nofollow noopener\" data-schema=\"DORZECZY\" data-image=\"https:\/\/img.dorzeczy.pl\/_thumb\/1e\/d9\/2c23316de744d339ccd309b7dc67.jpeg\" target=\"_blank\">Emeryci wygrywaj\u0105 odszkodowania od\u00a0ZUS. Wbrew ustawie podpisanej przez Nawrockiego<\/a>&#13;<\/p>\n","protected":false},"excerpt":{"rendered":"&#13; 14. emerytura to\u00a0wprowadzone przez Zjednoczon\u0105 Prawic\u0119 \u015bwiadczenie, kt\u00f3re mia\u0142o poprawi\u0107 sytuacj\u0119 finansow\u0105 senior\u00f3w. Zak\u0142ad podsumowa\u0142 wyp\u0142at\u0119 dodatkowej,&hellip;\n","protected":false},"author":2,"featured_media":15955,"comment_status":"","ping_status":"","sticky":false,"template":"","format":"standard","meta":{"footnotes":""},"categories":[16],"tags":[113,112,5698,98,105,661,49,42,38,40,39,41,5699,3278,660],"class_list":{"0":"post-15954","1":"post","2":"type-post","3":"status-publish","4":"format-standard","5":"has-post-thumbnail","7":"category-biznes","8":"tag-biznes","9":"tag-business","10":"tag-czternastka","11":"tag-dorzeczy","12":"tag-ekonomia","13":"tag-emeryci","14":"tag-kraj","15":"tag-pl","16":"tag-poland","17":"tag-polish","18":"tag-polska","19":"tag-polski","20":"tag-rencisci","21":"tag-swiadczenie","22":"tag-zus"},"share_on_mastodon":{"url":"","error":""},"_links":{"self":[{"href":"https:\/\/www.europesays.com\/pl\/wp-json\/wp\/v2\/posts\/15954","targetHints":{"allow":["GET"]}}],"collection":[{"href":"https:\/\/www.europesays.com\/pl\/wp-json\/wp\/v2\/posts"}],"about":[{"href":"https:\/\/www.europesays.com\/pl\/wp-json\/wp\/v2\/types\/post"}],"author":[{"embeddable":true,"href":"https:\/\/www.europesays.com\/pl\/wp-json\/wp\/v2\/users\/2"}],"replies":[{"embeddable":true,"href":"https:\/\/www.europesays.com\/pl\/wp-json\/wp\/v2\/comments?post=15954"}],"version-history":[{"count":0,"href":"https:\/\/www.europesays.com\/pl\/wp-json\/wp\/v2\/posts\/15954\/revisions"}],"wp:featuredmedia":[{"embeddable":true,"href":"https:\/\/www.europesays.com\/pl\/wp-json\/wp\/v2\/media\/15955"}],"wp:attachment":[{"href":"https:\/\/www.europesays.com\/pl\/wp-json\/wp\/v2\/media?parent=15954"}],"wp:term":[{"taxonomy":"category","embeddable":true,"href":"https:\/\/www.europesays.com\/pl\/wp-json\/wp\/v2\/categories?post=15954"},{"taxonomy":"post_tag","embeddable":true,"href":"https:\/\/www.europesays.com\/pl\/wp-json\/wp\/v2\/tags?post=15954"}],"curies":[{"name":"wp","href":"https:\/\/api.w.org\/{rel}","templated":true}]}}