{"id":15956,"date":"2025-09-25T18:58:09","date_gmt":"2025-09-25T18:58:09","guid":{"rendered":"https:\/\/www.europesays.com\/pl\/15956\/"},"modified":"2025-09-25T18:58:09","modified_gmt":"2025-09-25T18:58:09","slug":"ogromna-pomoc-dla-rosji-w-ukrainie-nawet-20-tys-kubanczykow-2","status":"publish","type":"post","link":"https:\/\/www.europesays.com\/pl\/15956\/","title":{"rendered":"Ogromna pomoc dla Rosji w Ukrainie? &#8222;Nawet 20 tys. Kuba\u0144czyk\u00f3w&#8221;"},"content":{"rendered":"<ul class=\"UnorderedList_container__nmfSl\">\n<li class=\"UnorderedList_listElement__Py7xi\" data-id=\"ai-summary-link\">Du\u017co czytania, a ma\u0142o czasu? Sprawd\u017a\u00a0skr\u00f3t\u00a0artyku\u0142u<\/li>\n<\/ul>\n<p class=\"Paragraph_desktopParagraph__U31Gm\">Wed\u0142ug internetowej gazety informacj\u0119 o tak du\u017cej liczbie kuba\u0144skich najemnik\u00f3w, kt\u00f3rzy zostali przerzuceni do walki na Ukrain\u0119, przekaza\u0142 18 wrze\u015bnia br. podczas konferencji online w ameryka\u0144skim Kongresie rzecznik prasowy ukrai\u0144skiego wywiadu wojskowego Andrij Jusow.<\/p>\n<p class=\"Paragraph_desktopParagraph__U31Gm\">Doda\u0142 on, \u017ce ukrai\u0144skie s\u0142u\u017cby wywiadowcze ustali\u0142y ju\u017c ponad 1 tys. nazwisk Kuba\u0144czyk\u00f3w walcz\u0105cych po stronie Rosji, w tym personalia 40 zabitych w czasie wojny. Jednym z nich, jak przekaza\u0142 14ymedio, jest Giovani Gomez Basulto, zatrudniony przed wyjazdem na wojn\u0119 w jednej z pa\u0144stwowych sp\u00f3\u0142ek wydobywczych na Kubie.<\/p>\n<p class=\"Paragraph_desktopParagraph__U31Gm\">Walcz\u0105ca o prawa cz\u0142owieka pozarz\u0105dowa organizacja Rada na rzecz Demokratyzacji Kuby (CTDC) ocenia, \u017ce nigdy w przesz\u0142o\u015bci w tak kr\u00f3tkim czasie nie przerzucono z tej karaibskiej wyspy tak wielu ludzi do udzia\u0142u w wojnie.<\/p>\n<p class=\"VideoPlayerText_videoPlayerText__iDwyz\">Dalszy ci\u0105g materia\u0142u pod wideo<\/p>\n<ul class=\"OchatFollowUps_wrapper__1ry7X\">\n<li class=\"OchatFollowUps_item__Dhyly OchatFollowUps_itemDesktop__R6aBv\">Ile Kuba\u0144czyk\u00f3w walczy po stronie Rosji?<\/li>\n<li class=\"OchatFollowUps_item__Dhyly OchatFollowUps_itemDesktop__R6aBv\">Kto przekaza\u0142 informacje o kuba\u0144skich najemnikach?<\/li>\n<li class=\"OchatFollowUps_item__Dhyly OchatFollowUps_itemDesktop__R6aBv\">Jakie dzia\u0142ania podejmuje Kuba w zwi\u0105zku z rekrutacj\u0105 najemnik\u00f3w?<\/li>\n<li class=\"OchatFollowUps_item__Dhyly OchatFollowUps_itemDesktop__R6aBv\">Kiedy zacz\u0119\u0142a si\u0119 pomoc Kuby dla Moskwy?<\/li>\n<\/ul>\n<p class=\"Paragraph_desktopParagraph__U31Gm\">Organizacja przypomnia\u0142a te\u017c, \u017ce od 1968 r. Kuba zacz\u0119\u0142a wysy\u0142a\u0107 swoich instruktor\u00f3w i \u017co\u0142nierzy w r\u00f3\u017cne rejony \u015bwiata, gdzie w konflikty zbrojne zaanga\u017cowany by\u0142 ZSRR. Odnotowa\u0142a, \u017ce najwi\u0119cej z nich, 36 tys., wys\u0142ano do walki w Angoli, by\u0142ej portugalskiej kolonii, ale jak doda\u0142a, trafiali tam oni w ci\u0105gu kilkudziesi\u0119ciu lat.<\/p>\n<p class=\"Paragraph_desktopParagraph__U31Gm\">&#8222;Konstytucja i kodeks karny Kuby zabraniaj\u0105 rekrutowania najemnik\u00f3w, ale rz\u0105d naszej wyspy nie powstrzyma\u0142 tego zjawiska dowiedziawszy si\u0119 o udziale Kuba\u0144czyk\u00f3w w szeregach rosyjskiego wojska&#8221; \u2014 napisa\u0142a w o\u015bwiadczeniu CTDC.<\/p>\n<p class=\"Paragraph_desktopParagraph__U31Gm\">W\u0142adze Kuby zaprzeczaj\u0105 jakoby na wyspie rekrutowane by\u0142y osoby do wyjazdu na wojn\u0119 w Ukrainie.<\/p>\n","protected":false},"excerpt":{"rendered":"Du\u017co czytania, a ma\u0142o czasu? Sprawd\u017a\u00a0skr\u00f3t\u00a0artyku\u0142u Wed\u0142ug internetowej gazety informacj\u0119 o tak du\u017cej liczbie kuba\u0144skich najemnik\u00f3w, kt\u00f3rzy zostali&hellip;\n","protected":false},"author":2,"featured_media":15957,"comment_status":"","ping_status":"","sticky":false,"template":"","format":"standard","meta":{"footnotes":""},"categories":[14],"tags":[32,33,27,67,64,5671,34,35,28,31,53,25,52,68,51,55,40,41,198,62,47,80,29,30,390,65,50,26,468,82,83,84],"class_list":{"0":"post-15956","1":"post","2":"type-post","3":"status-publish","4":"format-standard","5":"has-post-thumbnail","7":"category-swiat","8":"tag-breaking-news","9":"tag-breakingnews","10":"tag-headlines","11":"tag-intextvideo_splayer","12":"tag-inwazja_rosji_na_ukraine_2014_","13":"tag-kubanczycy","14":"tag-latest-news","15":"tag-latestnews","16":"tag-naglowki","17":"tag-najwazniejsze-artykuly","18":"tag-new_header","19":"tag-news","20":"tag-onet3","21":"tag-onet3d","22":"tag-onet3d_2i","23":"tag-phx","24":"tag-polish","25":"tag-polski","26":"tag-rewardedp_tst1","27":"tag-rosja_kraj_rosjanin_rosjanie_rosjanka_rosjanki","28":"tag-screening_general","29":"tag-swiat","30":"tag-top-stories","31":"tag-topstories","32":"tag-ukraina_ukrainiec_ukrainka_ukraincy_ukrainki","33":"tag-update_me","34":"tag-v2021","35":"tag-wiadomosci","36":"tag-widget_ls_tst2","37":"tag-world","38":"tag-world-news","39":"tag-worldnews"},"share_on_mastodon":{"url":"","error":""},"_links":{"self":[{"href":"https:\/\/www.europesays.com\/pl\/wp-json\/wp\/v2\/posts\/15956","targetHints":{"allow":["GET"]}}],"collection":[{"href":"https:\/\/www.europesays.com\/pl\/wp-json\/wp\/v2\/posts"}],"about":[{"href":"https:\/\/www.europesays.com\/pl\/wp-json\/wp\/v2\/types\/post"}],"author":[{"embeddable":true,"href":"https:\/\/www.europesays.com\/pl\/wp-json\/wp\/v2\/users\/2"}],"replies":[{"embeddable":true,"href":"https:\/\/www.europesays.com\/pl\/wp-json\/wp\/v2\/comments?post=15956"}],"version-history":[{"count":0,"href":"https:\/\/www.europesays.com\/pl\/wp-json\/wp\/v2\/posts\/15956\/revisions"}],"wp:featuredmedia":[{"embeddable":true,"href":"https:\/\/www.europesays.com\/pl\/wp-json\/wp\/v2\/media\/15957"}],"wp:attachment":[{"href":"https:\/\/www.europesays.com\/pl\/wp-json\/wp\/v2\/media?parent=15956"}],"wp:term":[{"taxonomy":"category","embeddable":true,"href":"https:\/\/www.europesays.com\/pl\/wp-json\/wp\/v2\/categories?post=15956"},{"taxonomy":"post_tag","embeddable":true,"href":"https:\/\/www.europesays.com\/pl\/wp-json\/wp\/v2\/tags?post=15956"}],"curies":[{"name":"wp","href":"https:\/\/api.w.org\/{rel}","templated":true}]}}