{"id":159590,"date":"2025-12-19T09:40:09","date_gmt":"2025-12-19T09:40:09","guid":{"rendered":"https:\/\/www.europesays.com\/pl\/159590\/"},"modified":"2025-12-19T09:40:09","modified_gmt":"2025-12-19T09:40:09","slug":"zbigniew-ziobro-mowi-jasno-o-powrocie-do-polski-to-tam-planuje-swieta","status":"publish","type":"post","link":"https:\/\/www.europesays.com\/pl\/159590\/","title":{"rendered":"Zbigniew Ziobro m\u00f3wi jasno o powrocie do Polski. To tam planuje \u015bwi\u0119ta"},"content":{"rendered":"<p class=\"ods-c-paragraph \">By\u0142y minister sprawiedliwo\u015bci Zbigniew Ziobro w listopadzie uda\u0142 si\u0119 na W\u0119gry. 7 listopada Sejm zgodzi\u0142 si\u0119 na uchylenie jego immunitetu, <a href=\"https:\/\/www.onet.pl\/informacje\/onetwiadomosci\/zbigniew-ziobro-bez-immunitetu-jest-reakcja-prokuratury\/pj7791s,79cfc278\" id=\"187ca0fc-56ee-4b2b-a512-c2a8600b331b\" rel=\"nofollow noopener\" target=\"_blank\">co umo\u017cliwi\u0142o prokuraturze postawienie mu 26 zarzut\u00f3w dotycz\u0105cych Funduszu Sprawiedliwo\u015bci<\/a>. Obecnie by\u0142y prokurator generalny pomieszkuje w Budapeszcie i Brukseli. Jednak do tej pory nie wyst\u0105pi\u0142 o azyl.<\/p>\n<p>Dalszy ci\u0105g artyku\u0142u pod materia\u0142em wideo<\/p>\n<p> Gdzie Zbigniew Ziobro sp\u0119dzi tegoroczne \u015bwi\u0119ta Bo\u017cego Narodzenia? <\/p>\n<p> Ile zarzut\u00f3w prokuratura planuje postawi\u0107 Zbigniewowi Ziobro? <\/p>\n<p> Co musi si\u0119 sta\u0107, aby Zbigniew Ziobro wr\u00f3ci\u0142 do Polski? <\/p>\n<p> Czy Zbigniew Ziobro wyst\u0105pi\u0142 o azyl? <\/p>\n<p>  Zbigniew Ziobro wskaza\u0142, gdzie sp\u0119dzi \u015bwi\u0119ta<\/p>\n<p class=\"ods-c-paragraph \">Polityk Zjednoczonej Prawicy w czwartek udzieli\u0142 wywiadu telewizji wPolsce24, \u0142\u0105cz\u0105c si\u0119 ze swojego mieszkania w Brukseli.<\/p>\n<p class=\"ods-c-paragraph \">\u2014 Bezprawiu, kt\u00f3re dzieje si\u0119 w Polsce, b\u0119d\u0119 stawia\u0142 konsekwentnie op\u00f3r. Dlatego jestem w Brukseli, spotykam si\u0119 z dziennikarzami. Niebawem w jednym z europejskich medi\u00f3w uka\u017ce si\u0119 m\u00f3j wywiad na temat sytuacji. Jestem tu. By\u0107 mo\u017ce sp\u0119dz\u0119 tu \u015bwi\u0119ta. Chyba \u017ce prawo [w Polsce] wr\u00f3ci \u2014 stwierdzi\u0142 w rozmowie z wPolsce24 Zbigniew Ziobro.<\/p>\n<p class=\"ods-c-paragraph \">S\u0142owa te padaj\u0105 ok. 1 minucie i 10 sekundzie nagrania.<\/p>\n<p class=\"ods-c-paragraph \">Jak pisali\u015bmy w \u015brod\u0119, <a href=\"https:\/\/wiadomosci.onet.pl\/kraj\/zbigniew-ziobro-stracil-paszporty-jego-obronca-ujawnia-plan\/exbk8s1\" id=\"f3615994-6823-4044-ad5b-45024b700706\" rel=\"nofollow noopener\" target=\"_blank\">na podstawie wniosku prokuratury urz\u0119dnicy uniewa\u017cnili oba paszporty Ziobry \u2014 dyplomatyczny i prywatny<\/a>. Pierwszy MSZ uniewa\u017cni\u0142 18 listopada. Teraz decyzj\u0105 wojewody mazowieckiego straci\u0142 drugi z nich. Jednak adwokat polityka zapowiedzia\u0142 z\u0142o\u017cenie odwo\u0142ania od tych decyzji do s\u0105du administracyjnego.<\/p>\n<p class=\"ods-c-paragraph \">Polityk wskaza\u0142, co musi si\u0119 sta\u0107, aby wr\u00f3ci\u0142 do kraju. \u2014 Wnet uniewa\u017cni\u0105 mi akt urodzenia. Proponuj\u0119 Donaldowi Tuskowi i ca\u0142ej szajce prostsze rozwi\u0105zanie. Wystarczy przywr\u00f3ci\u0107 elementarne zasady prawa, kt\u00f3re w Polsce obowi\u0105zuj\u0105 \u2014 doda\u0142 Ziobro.<\/p>\n<p class=\"ods-c-paragraph \">Zbigniew Ziobro dwukrotnie pe\u0142ni\u0142 funkcj\u0119 ministra sprawiedliwo\u015bci. Urz\u0105d sprawowa\u0142 w latach 2005\u20132007 oraz 2015\u20132023.<\/p>\n","protected":false},"excerpt":{"rendered":"By\u0142y minister sprawiedliwo\u015bci Zbigniew Ziobro w listopadzie uda\u0142 si\u0119 na W\u0119gry. 7 listopada Sejm zgodzi\u0142 si\u0119 na uchylenie&hellip;\n","protected":false},"author":2,"featured_media":159591,"comment_status":"","ping_status":"","sticky":false,"template":"","format":"standard","meta":{"footnotes":""},"categories":[12],"tags":[32,33,2761,36,37,5168,27,49,34,35,1380,28,31,48,25,46,42,38,40,39,41,47,29,30,26,2037],"class_list":{"0":"post-159590","1":"post","2":"type-post","3":"status-publish","4":"format-standard","5":"has-post-thumbnail","7":"category-polska","8":"tag-breaking-news","9":"tag-breakingnews","10":"tag-bruksela","11":"tag-featured-news","12":"tag-featurednews","13":"tag-fundusz_sprawiedliwosci","14":"tag-headlines","15":"tag-kraj","16":"tag-latest-news","17":"tag-latestnews","18":"tag-ministerstwo_sprawiedliwosci","19":"tag-naglowki","20":"tag-najwazniejsze-artykuly","21":"tag-nat_styl","22":"tag-news","23":"tag-omp","24":"tag-pl","25":"tag-poland","26":"tag-polish","27":"tag-polska","28":"tag-polski","29":"tag-screening_general","30":"tag-top-stories","31":"tag-topstories","32":"tag-wiadomosci","33":"tag-zbigniew_ziobro"},"share_on_mastodon":{"url":"https:\/\/pubeurope.com\/@pl\/115745575734926072","error":""},"_links":{"self":[{"href":"https:\/\/www.europesays.com\/pl\/wp-json\/wp\/v2\/posts\/159590","targetHints":{"allow":["GET"]}}],"collection":[{"href":"https:\/\/www.europesays.com\/pl\/wp-json\/wp\/v2\/posts"}],"about":[{"href":"https:\/\/www.europesays.com\/pl\/wp-json\/wp\/v2\/types\/post"}],"author":[{"embeddable":true,"href":"https:\/\/www.europesays.com\/pl\/wp-json\/wp\/v2\/users\/2"}],"replies":[{"embeddable":true,"href":"https:\/\/www.europesays.com\/pl\/wp-json\/wp\/v2\/comments?post=159590"}],"version-history":[{"count":0,"href":"https:\/\/www.europesays.com\/pl\/wp-json\/wp\/v2\/posts\/159590\/revisions"}],"wp:featuredmedia":[{"embeddable":true,"href":"https:\/\/www.europesays.com\/pl\/wp-json\/wp\/v2\/media\/159591"}],"wp:attachment":[{"href":"https:\/\/www.europesays.com\/pl\/wp-json\/wp\/v2\/media?parent=159590"}],"wp:term":[{"taxonomy":"category","embeddable":true,"href":"https:\/\/www.europesays.com\/pl\/wp-json\/wp\/v2\/categories?post=159590"},{"taxonomy":"post_tag","embeddable":true,"href":"https:\/\/www.europesays.com\/pl\/wp-json\/wp\/v2\/tags?post=159590"}],"curies":[{"name":"wp","href":"https:\/\/api.w.org\/{rel}","templated":true}]}}