{"id":159610,"date":"2025-12-19T09:50:10","date_gmt":"2025-12-19T09:50:10","guid":{"rendered":"https:\/\/www.europesays.com\/pl\/159610\/"},"modified":"2025-12-19T09:50:10","modified_gmt":"2025-12-19T09:50:10","slug":"pogrzeb-magdy-umer-tak-pozegnala-ja-rodzina-i-tlum-gwiazd","status":"publish","type":"post","link":"https:\/\/www.europesays.com\/pl\/159610\/","title":{"rendered":"Pogrzeb Magdy Umer. Tak po\u017cegna\u0142a j\u0105 rodzina i t\u0142um gwiazd"},"content":{"rendered":"<p class=\"Paragraph_desktopParagraph__U31Gm\"><a href=\"https:\/\/plejada.pl\/temat\/magda-umer\" id=\"7598eeb8-10cf-499c-bf52-9c32ac7cb579\" rel=\"nofollow noopener\" target=\"_blank\">Magda Umer<\/a> zmar\u0142a 12 grudnia w otoczeniu najbli\u017cszych w wieku 76 lat. Syn artystki Franciszek Przeradzki ujawni\u0142, \u017ce w lipcu tego roku wykryto u niej guza, a po kilku tygodniach lekarze zdiagnozowali nowotw\u00f3r z\u0142o\u015bliwy. We wrze\u015bniu Umer przesz\u0142a operacj\u0119, kt\u00f3ra dawa\u0142a nadziej\u0119 na popraw\u0119 stanu zdrowia. W pa\u017adzierniku na kr\u00f3tko wr\u00f3ci\u0142a do domu, jednak w listopadzie pojawi\u0142y si\u0119 powa\u017cne powik\u0142ania, a nast\u0119pnie dosz\u0142o do krwotoku.<\/p>\n<ul class=\"OchatFollowUps_wrapper__1ry7X\">\n<li class=\"OchatFollowUps_item__Dhyly OchatFollowUps_itemDesktop__R6aBv\">Kiedy odby\u0142 si\u0119 pogrzeb Magdy Umer?<\/li>\n<li class=\"OchatFollowUps_item__Dhyly OchatFollowUps_itemDesktop__R6aBv\">Gdzie mia\u0142a miejsce ceremonia pogrzebowa?<\/li>\n<li class=\"OchatFollowUps_item__Dhyly OchatFollowUps_itemDesktop__R6aBv\">Jakie by\u0142y przyczyny \u015bmierci Magdy Umer?<\/li>\n<li class=\"OchatFollowUps_item__Dhyly OchatFollowUps_itemDesktop__R6aBv\">Kto wzi\u0105\u0142 udzia\u0142 w pogrzebie?<\/li>\n<\/ul>\n<p>Pogrzeb Magdy Umer. Rodzina i bliscy \u017cegnaj\u0105 artystk\u0119 <\/p>\n<p class=\"Paragraph_desktopParagraph__U31Gm\">Pogrzeb Magdy Umer odby\u0142 si\u0119 19 grudnia o godz. 9.00. Uroczysto\u015b\u0107 po\u017cegnalna rozpocz\u0119\u0142a si\u0119 w sali po\u017cegna\u0144 Cmentarza Pow\u0105zki Wojskowe. Sama ceremonia mia\u0142a miejsce na warszawskim Cmentarzu Ewangelicko-Reformowanym przy ulicy \u017bytniej, gdzie spoczywa jej m\u0105\u017c, Andrzej Przeradzki.<\/p>\n<p class=\"Paragraph_desktopParagraph__U31Gm\">Rodzina artystki zadecydowa\u0142a, \u017ce ceremonia ma mie\u0107 charakter \u015bci\u015ble prywatny i prosi\u0142a media o uszanowanie ich woli. W pogrzebie wzi\u0119li udzia\u0142 tak\u017ce jej najbli\u017csi przyjaciele i znajomi m.in. Andrzej Seweryn, Janusz Gajos, Emilia Krakowska i Hanna \u015aleszy\u0144ska.<\/p>\n<p class=\"Paragraph_desktopParagraph__U31Gm\">Na nagrobku, zgodnie z jej wol\u0105, uwieczniono j\u0105 jako Ma\u0142gorzat\u0119 Umer-Przeradzk\u0105.<\/p>\n<p><img decoding=\"async\" class=\"Image_image__0tuHp Image_autoHeight__f2n87 \" height=\"381\" width=\"572\" src=\"https:\/\/www.europesays.com\/pl\/wp-content\/uploads\/2025\/12\/mSTk9kpTURBXy81MzJlMGZhZTNmZWE3MmU5MGY4NDhkNzVkYWIxZWMyMi5qcGeSlQLNAjwAwsOVAgDNAtDCw94AA6EwAaExAaEzw.jpeg\" alt=\"Pogrzeb Magdy Umer\" loading=\"lazy\" \/>Jacek Kurnikowski \/ AKPA<img decoding=\"async\" class=\"Image_image__0tuHp Image_autoHeight__f2n87 \" height=\"720\" width=\"479\" src=\"https:\/\/www.europesays.com\/pl\/wp-content\/uploads\/2025\/12\/WOCk9kpTURBXy82YjczNDRlYTRiN2JhMzBiZDZjYmJjOGQxM2NlNDE5ZC5qcGeSlQLNAjwAwsOVAgDNAtDCw94AA6EwAaExAaEzw.jpeg\" alt=\"Hanna \u015aleszy\u0144ska\" loading=\"lazy\" \/>Jacek Kurnikowski \/ AKPA<\/p>\n","protected":false},"excerpt":{"rendered":"Magda Umer zmar\u0142a 12 grudnia w otoczeniu najbli\u017cszych w wieku 76 lat. Syn artystki Franciszek Przeradzki ujawni\u0142, \u017ce&hellip;\n","protected":false},"author":2,"featured_media":159611,"comment_status":"","ping_status":"","sticky":false,"template":"","format":"standard","meta":{"footnotes":""},"categories":[22],"tags":[122,67,29723,53,52,68,51,55,42,393,38,40,39,41,123,47,196,65,50],"class_list":{"0":"post-159610","1":"post","2":"type-post","3":"status-publish","4":"format-standard","5":"has-post-thumbnail","7":"category-rozrywka","8":"tag-entertainment","9":"tag-intextvideo_splayer","10":"tag-magda_umer","11":"tag-new_header","12":"tag-onet3","13":"tag-onet3d","14":"tag-onet3d_2i","15":"tag-phx","16":"tag-pl","17":"tag-pogrzeb","18":"tag-poland","19":"tag-polish","20":"tag-polska","21":"tag-polski","22":"tag-rozrywka","23":"tag-screening_general","24":"tag-styl_zycia","25":"tag-update_me","26":"tag-v2021"},"share_on_mastodon":{"url":"https:\/\/pubeurope.com\/@pl\/115745615233062377","error":""},"_links":{"self":[{"href":"https:\/\/www.europesays.com\/pl\/wp-json\/wp\/v2\/posts\/159610","targetHints":{"allow":["GET"]}}],"collection":[{"href":"https:\/\/www.europesays.com\/pl\/wp-json\/wp\/v2\/posts"}],"about":[{"href":"https:\/\/www.europesays.com\/pl\/wp-json\/wp\/v2\/types\/post"}],"author":[{"embeddable":true,"href":"https:\/\/www.europesays.com\/pl\/wp-json\/wp\/v2\/users\/2"}],"replies":[{"embeddable":true,"href":"https:\/\/www.europesays.com\/pl\/wp-json\/wp\/v2\/comments?post=159610"}],"version-history":[{"count":0,"href":"https:\/\/www.europesays.com\/pl\/wp-json\/wp\/v2\/posts\/159610\/revisions"}],"wp:featuredmedia":[{"embeddable":true,"href":"https:\/\/www.europesays.com\/pl\/wp-json\/wp\/v2\/media\/159611"}],"wp:attachment":[{"href":"https:\/\/www.europesays.com\/pl\/wp-json\/wp\/v2\/media?parent=159610"}],"wp:term":[{"taxonomy":"category","embeddable":true,"href":"https:\/\/www.europesays.com\/pl\/wp-json\/wp\/v2\/categories?post=159610"},{"taxonomy":"post_tag","embeddable":true,"href":"https:\/\/www.europesays.com\/pl\/wp-json\/wp\/v2\/tags?post=159610"}],"curies":[{"name":"wp","href":"https:\/\/api.w.org\/{rel}","templated":true}]}}