{"id":159612,"date":"2025-12-19T09:51:10","date_gmt":"2025-12-19T09:51:10","guid":{"rendered":"https:\/\/www.europesays.com\/pl\/159612\/"},"modified":"2025-12-19T09:51:10","modified_gmt":"2025-12-19T09:51:10","slug":"realme-neo-8-to-zabojca-flagowcow-premiera-juz-w-styczniu","status":"publish","type":"post","link":"https:\/\/www.europesays.com\/pl\/159612\/","title":{"rendered":"realme Neo 8 to zab\u00f3jca flagowc\u00f3w. Premiera ju\u017c w styczniu"},"content":{"rendered":"<p class=\"lead\">realme Neo 8 szykuje si\u0119 do premiery jako kolejny zab\u00f3jca flagowc\u00f3w z topowym procesorem. Smartfon postawi na ogromn\u0105 bateri\u0119 8000 mAh, wytrzyma\u0142\u0105 konstrukcj\u0119 i Snapdragona 8 Gen 5. Zapowiada si\u0119 ciekawy debiut. <\/p>\n<p>realme pracuje nad nowym smartfonem z mocnym uk\u0142adem firmy Qualcomm. Urz\u0105dzenie trafi na rynek (g\u0142\u00f3wnie chi\u0144ski) w najbli\u017cszych miesi\u0105cach. Wed\u0142ug przeciek\u00f3w mo\u017ce to by\u0107 model realme Neo 8. Telefon b\u0119dzie konkurowa\u0107 z <a href=\"https:\/\/www.gsmmaniak.pl\/1619102\/oneplus-ace-6t-rekord-sprzedazy-w-chinach\/\" rel=\"nofollow noopener\" target=\"_blank\">OnePlus Ace 6T<\/a> oraz innymi \u201etanimi flagowcami\u201d.<\/p>\n<p>realme Neo 8 to wydajno\u015b\u0107 nowej generacji<\/p>\n<p>Nadchodz\u0105cy super\u015bredniak (lub jak kto woli tani flagowiec) zostanie wyposa\u017cony w Snapdragona 8 Gen 5. Jest to nowiutki uk\u0142ad przeznaczony dla segmentu premium. Chip zapewnia bardzo wysok\u0105 wydajno\u015b\u0107 w codziennym u\u017cytkowaniu i grach. Poza tym producent szykuje zwi\u0119kszon\u0105 efektywno\u015b\u0107 energetyczn\u0105, kt\u00f3r\u0105 osi\u0105gnie dzi\u0119ki autorskiej technologii.<\/p>\n<p><a href=\"https:\/\/www.gsmmaniak.pl\/wp-content\/uploads\/gsmmaniak\/2024\/12\/4.png\" rel=\"nofollow noopener\" target=\"_blank\"><img loading=\"lazy\" decoding=\"async\" aria-describedby=\"caption-attachment-1537896\" class=\"size-medium wp-image-1537896\" src=\"https:\/\/www.europesays.com\/pl\/wp-content\/uploads\/2025\/11\/4-medium.png\" alt=\"realme Neo 7\" width=\"500\" height=\"326\"   itemprop=\"image\" \/><\/a><\/p>\n<p id=\"caption-attachment-1537896\" class=\"wp-caption-text\">realme Neo 7 \/ fot. producenta<\/p>\n<p>Z przeciek\u00f3w wynika, \u017ce realme Neo 8 otrzyma solidn\u0105 i dopracowan\u0105 konstrukcj\u0119. Obudowa b\u0119dzie w pe\u0142ni odporna na kontakt z wod\u0105, co sugeruje certyfikat IP68\/IP69. Zastosowana zostanie ponadto metalowa ramka oraz szklany panel na tyle. W wielkim skr\u00f3cie, wykonanie sprosta oczekiwaniom marudnych ManiaK\u00f3w.<\/p>\n<p>Na pok\u0142adzie znajdzie si\u0119 jeszcze ultrad\u017awi\u0119kowy czytnik linii papilarnych umieszczony w ekranie. Smartfon zaoferuje te\u017c bardzo \u201edu\u017c\u0105\u201d bateri\u0119. Pojemno\u015b\u0107 akumulatora mo\u017ce wynosi\u0107 a\u017c 8000 mAh. B\u0119dzie to ogniwo jednokomorowe nowej generacji. Takie rozwi\u0105zanie poprawi d\u0142ugo\u015b\u0107 czasu pracy i stabilno\u015b\u0107 \u0142adowania.<\/p>\n<p>Mo\u017cliwy termin premiery i pozosta\u0142e informacje<\/p>\n<p>realme Neo 8 skorzysta z p\u0142askiego ekranu wykonanego w technologii AMOLED. Panel obs\u0142u\u017cy rozdzielczo\u015b\u0107 1.5K. Producent postawi na klasyczn\u0105 konstrukcj\u0119 bez zakrzywionych kraw\u0119dzi. Nie wszyscy ceni\u0105 takie rozwi\u0105zania, ale ja zaliczam si\u0119 do tego zacnego grona.<\/p>\n<p>Smartfon b\u0119dzie dzia\u0142a\u0107 pod kontrol\u0105 systemu Android 16. Ca\u0142o\u015b\u0107 uzupe\u0142ni nowa wersja nak\u0142adki realme UI 7.0. Nie potwierdzono jeszcze oficjalnej daty premiery urz\u0105dzenia. Niemniej na pocz\u0105tku roku w Chinach zadebiutuje seria <a href=\"https:\/\/www.gsmmaniak.pl\/1621832\/realme-16-pro-plus-pelna-specyfikacja-design-zapowiedz-premiery\/\" rel=\"nofollow noopener\" target=\"_blank\">realme 16 Pro<\/a>, a mocniejszy realme Neo 8 mo\u017ce zosta\u0107 zaprezentowany nied\u0142ugo p\u00f3\u017aniej.<\/p>\n<blockquote class=\"wp-embedded-content\" data-secret=\"WxMJIh4FbX\">\n<p><a href=\"https:\/\/www.gsmmaniak.pl\/1621832\/realme-16-pro-plus-pelna-specyfikacja-design-zapowiedz-premiery\/\" rel=\"nofollow noopener\" target=\"_blank\">Wyj\u0105tkowy design, nawet 24 GB RAM, aparat 200 MP i a\u017c 7000 mAh. Przedstawiam bestseller<\/a><\/p>\n<\/blockquote>\n<p>\u0179r\u00f3d\u0142o: via <a href=\"https:\/\/www.gizmochina.com\/2025\/12\/18\/realme-neo-8-snapdragon-8-gen-5-specs-leak\/\" rel=\"nofollow noopener\" target=\"_blank\">gizmochina<\/a><\/p>\n<p>Na stronie mog\u0105 wyst\u0119powa\u0107 linki afiliacyjne lub reklamowe.<\/p>\n","protected":false},"excerpt":{"rendered":"realme Neo 8 szykuje si\u0119 do premiery jako kolejny zab\u00f3jca flagowc\u00f3w z topowym procesorem. Smartfon postawi na ogromn\u0105&hellip;\n","protected":false},"author":2,"featured_media":159613,"comment_status":"","ping_status":"","sticky":false,"template":"","format":"standard","meta":{"footnotes":""},"categories":[20],"tags":[120,118,119,18019,11133,42,38,40,39,41,31612,31614,31613,116,114,115,121,117,24127],"class_list":{"0":"post-159612","1":"post","2":"type-post","3":"status-publish","4":"format-standard","5":"has-post-thumbnail","7":"category-nauka-i-technika","8":"tag-nauka","9":"tag-nauka-i-technika","10":"tag-naukatechnika","11":"tag-nowy-realme","12":"tag-oplacalny-telefon","13":"tag-pl","14":"tag-poland","15":"tag-polish","16":"tag-polska","17":"tag-polski","18":"tag-realme-neo-8","19":"tag-realme-neo-8-premiera","20":"tag-realme-neo-8-specyfikacja","21":"tag-science","22":"tag-science-and-technology","23":"tag-sciencetechnology","24":"tag-technika","25":"tag-technology","26":"tag-zabojca-flagowcow"},"share_on_mastodon":{"url":"https:\/\/pubeurope.com\/@pl\/115745619153479645","error":""},"_links":{"self":[{"href":"https:\/\/www.europesays.com\/pl\/wp-json\/wp\/v2\/posts\/159612","targetHints":{"allow":["GET"]}}],"collection":[{"href":"https:\/\/www.europesays.com\/pl\/wp-json\/wp\/v2\/posts"}],"about":[{"href":"https:\/\/www.europesays.com\/pl\/wp-json\/wp\/v2\/types\/post"}],"author":[{"embeddable":true,"href":"https:\/\/www.europesays.com\/pl\/wp-json\/wp\/v2\/users\/2"}],"replies":[{"embeddable":true,"href":"https:\/\/www.europesays.com\/pl\/wp-json\/wp\/v2\/comments?post=159612"}],"version-history":[{"count":0,"href":"https:\/\/www.europesays.com\/pl\/wp-json\/wp\/v2\/posts\/159612\/revisions"}],"wp:featuredmedia":[{"embeddable":true,"href":"https:\/\/www.europesays.com\/pl\/wp-json\/wp\/v2\/media\/159613"}],"wp:attachment":[{"href":"https:\/\/www.europesays.com\/pl\/wp-json\/wp\/v2\/media?parent=159612"}],"wp:term":[{"taxonomy":"category","embeddable":true,"href":"https:\/\/www.europesays.com\/pl\/wp-json\/wp\/v2\/categories?post=159612"},{"taxonomy":"post_tag","embeddable":true,"href":"https:\/\/www.europesays.com\/pl\/wp-json\/wp\/v2\/tags?post=159612"}],"curies":[{"name":"wp","href":"https:\/\/api.w.org\/{rel}","templated":true}]}}