{"id":159614,"date":"2025-12-19T09:52:15","date_gmt":"2025-12-19T09:52:15","guid":{"rendered":"https:\/\/www.europesays.com\/pl\/159614\/"},"modified":"2025-12-19T09:52:15","modified_gmt":"2025-12-19T09:52:15","slug":"pilot-ujawnil-co-sie-stalo-gdy-pasazer-nie-wylaczyl-telefonu-w-samolocie-drazniacy-brzek-2","status":"publish","type":"post","link":"https:\/\/www.europesays.com\/pl\/159614\/","title":{"rendered":"Pilot ujawni\u0142, co si\u0119 sta\u0142o, gdy pasa\u017cer nie wy\u0142\u0105czy\u0142 telefonu w samolocie. &#8222;Dra\u017cni\u0105cy brz\u0119k&#8221;"},"content":{"rendered":"<p class=\"ods-c-paragraph \">Jeden z pilot\u00f3w wyja\u015bni\u0142, co si\u0119 dzieje, gdy pasa\u017cerowie lekcewa\u017c\u0105 zasad\u0119 bezpiecze\u0144stwa zwi\u0105zan\u0105 z w\u0142\u0105czaniem trybu samolotowego w telefonie w czasie podr\u00f3\u017cy. Wideo, kt\u00f3re trafi\u0142o na kana\u0142 WKYC Channel 3 na platformie YouTube, doczeka\u0142o si\u0119 27 tys. wy\u015bwietle\u0144.<\/p>\n<p class=\"ods-c-paragraph \">Kapitan doda\u0142 na wst\u0119pie, \u017ce nie jest to \u017cadna &#8222;teoria spiskowa&#8221; i \u017ce nie stanie si\u0119 &#8222;koniec \u015bwiata&#8221;, je\u015bli kto\u015b o tym zapomni. Podkre\u015bli\u0142 jednak, \u017ce to wa\u017cne.<\/p>\n<p>Pilot m\u00f3wi, co si\u0119 stanie, jak nie w\u0142\u0105czysz trybu samolotowego w czasie podr\u00f3\u017cy<\/p>\n<p class=\"ods-c-paragraph \">&#8222;Je\u015bli zapomnisz prze\u0142\u0105czy\u0107 telefon w tryb samolotowy, to nie jest koniec \u015bwiata, samolot nie spadnie z nieba i nawet nie zak\u0142\u00f3ci to system\u00f3w pok\u0142adowych. Jednak mo\u017ce zak\u0142\u00f3ca\u0107 dzia\u0142anie s\u0142uchawek&#8221; \u2014 rozpocz\u0105\u0142.<\/p>\n<p class=\"ods-c-paragraph \">&#8222;Wyobra\u017a sobie, \u017ce na pok\u0142adzie jest 70, 80 czy 150 os\u00f3b, i nawet trzy lub cztery telefony pr\u00f3buj\u0105 po\u0142\u0105czy\u0107 si\u0119 z nadajnikiem, by odebra\u0107 po\u0142\u0105czenie. Wysy\u0142aj\u0105 fale radiowe, kt\u00f3re mog\u0105 zak\u0142\u00f3ci\u0107 s\u0142uchawki u\u017cywane przez pilot\u00f3w&#8221; \u2014 doda\u0142.<\/p>\n<p class=\"ods-c-paragraph \">Pilot wspomnia\u0142 o sytuacji w San Francisco, kiedy w s\u0142uchawkach us\u0142ysza\u0142 irytuj\u0105cy brz\u0119k, bo jeden z pasa\u017cer\u00f3w zapomnia\u0142 wy\u0142\u0105czy\u0107 telefon przed startem. Por\u00f3wna\u0142 ten d\u017awi\u0119k do komara i doda\u0142: &#8222;Gdy tylko zacz\u0119li\u015bmy odbiera\u0107 instrukcje, w s\u0142uchawkach pojawi\u0142 si\u0119 bardzo dra\u017cni\u0105cy brz\u0119k&#8221;.<\/p>\n<p class=\"ods-c-paragraph \">&#8222;To nie jest koniec \u015bwiata, ale zdecydowanie przeszkadza, gdy pr\u00f3bujesz zapisa\u0107 instrukcje, a wok\u00f3\u0142 ciebie jakby lata\u0142a osa czy co\u015b podobnego. Je\u015bli wi\u0119c zastanawiali\u015bcie si\u0119, dlaczego trzeba w\u0142\u0105cza\u0107 tryb samolotowy, w\u0142a\u015bnie o to chodzi&#8221; \u2014 podsumowa\u0142.<\/p>\n<p> Co si\u0119 dzieje, gdy pasa\u017cer nie w\u0142\u0105czy trybu samolotowego? <\/p>\n<p> Czy zapomnienie o trybie samolotowym grozi katastrof\u0105? <\/p>\n<p> Jakie d\u017awi\u0119ki mog\u0105 pojawi\u0107 si\u0119 w s\u0142uchawkach pilot\u00f3w? <\/p>\n<p> Dlaczego wa\u017cne jest w\u0142\u0105czenie trybu samolotowego przed lotem? <\/p>\n","protected":false},"excerpt":{"rendered":"Jeden z pilot\u00f3w wyja\u015bni\u0142, co si\u0119 dzieje, gdy pasa\u017cerowie lekcewa\u017c\u0105 zasad\u0119 bezpiecze\u0144stwa zwi\u0105zan\u0105 z w\u0142\u0105czaniem trybu samolotowego w&hellip;\n","protected":false},"author":2,"featured_media":159615,"comment_status":"","ping_status":"","sticky":false,"template":"","format":"standard","meta":{"footnotes":""},"categories":[16],"tags":[210,113,112,48,46,42,38,40,39,41,2683,47,4942,723],"class_list":{"0":"post-159614","1":"post","2":"type-post","3":"status-publish","4":"format-standard","5":"has-post-thumbnail","7":"category-biznes","8":"tag-aktualnosci","9":"tag-biznes","10":"tag-business","11":"tag-nat_styl","12":"tag-omp","13":"tag-pl","14":"tag-poland","15":"tag-polish","16":"tag-polska","17":"tag-polski","18":"tag-samoloty_lotnictwo_ruch_lotniczy","19":"tag-screening_general","20":"tag-telefon","21":"tag-turysci"},"share_on_mastodon":{"url":"https:\/\/pubeurope.com\/@pl\/115745622975240756","error":""},"_links":{"self":[{"href":"https:\/\/www.europesays.com\/pl\/wp-json\/wp\/v2\/posts\/159614","targetHints":{"allow":["GET"]}}],"collection":[{"href":"https:\/\/www.europesays.com\/pl\/wp-json\/wp\/v2\/posts"}],"about":[{"href":"https:\/\/www.europesays.com\/pl\/wp-json\/wp\/v2\/types\/post"}],"author":[{"embeddable":true,"href":"https:\/\/www.europesays.com\/pl\/wp-json\/wp\/v2\/users\/2"}],"replies":[{"embeddable":true,"href":"https:\/\/www.europesays.com\/pl\/wp-json\/wp\/v2\/comments?post=159614"}],"version-history":[{"count":0,"href":"https:\/\/www.europesays.com\/pl\/wp-json\/wp\/v2\/posts\/159614\/revisions"}],"wp:featuredmedia":[{"embeddable":true,"href":"https:\/\/www.europesays.com\/pl\/wp-json\/wp\/v2\/media\/159615"}],"wp:attachment":[{"href":"https:\/\/www.europesays.com\/pl\/wp-json\/wp\/v2\/media?parent=159614"}],"wp:term":[{"taxonomy":"category","embeddable":true,"href":"https:\/\/www.europesays.com\/pl\/wp-json\/wp\/v2\/categories?post=159614"},{"taxonomy":"post_tag","embeddable":true,"href":"https:\/\/www.europesays.com\/pl\/wp-json\/wp\/v2\/tags?post=159614"}],"curies":[{"name":"wp","href":"https:\/\/api.w.org\/{rel}","templated":true}]}}