{"id":159680,"date":"2025-12-19T10:43:10","date_gmt":"2025-12-19T10:43:10","guid":{"rendered":"https:\/\/www.europesays.com\/pl\/159680\/"},"modified":"2025-12-19T10:43:10","modified_gmt":"2025-12-19T10:43:10","slug":"sedzia-w-zaganiu-zastraszala-pracownikow-przychodzili-z-placzem","status":"publish","type":"post","link":"https:\/\/www.europesays.com\/pl\/159680\/","title":{"rendered":"S\u0119dzia w \u017baganiu zastrasza\u0142a pracownik\u00f3w. &#8222;Przychodzili z p\u0142aczem&#8221;"},"content":{"rendered":"<ul class=\"UnorderedList_container__nmfSl\">\n<li class=\"UnorderedList_listElement__Py7xi\" data-id=\"ai-summary-link\">Du\u017co czytania, a ma\u0142o czasu? Sprawd\u017a\u00a0skr\u00f3t\u00a0artyku\u0142u<\/li>\n<\/ul>\n<p class=\"Paragraph_desktopParagraph__U31Gm\">Agnieszka S. pracuje w S\u0105dzie Rejonowym w \u017baganiu, w tek\u015bcie &#8222;Gazety Wyborczej&#8221; jest opisana jako tzw. neos\u0119dzia, kt\u00f3r\u0105 zosta\u0142a w 2020 r. w wieku 51 lat. Wcze\u015bniej by\u0142a adwokatk\u0105 w Izbie Adwokackiej w Zielonej G\u00f3rze.<\/p>\n<p class=\"Paragraph_desktopParagraph__U31Gm\">Z relacji w s\u0105dzie w \u017baganiu \u2014 anonimowych, bo pracownicy maj\u0105 si\u0119 ba\u0107 rozmawia\u0107 pod nazwiskiem \u2014 wynika, \u017ce ludzie przychodzili do s\u0105du z p\u0142aczem i grozili samob\u00f3jstwami, a ma by\u0107 to &#8222;wierzcho\u0142ek g\u00f3ry lodowej&#8221;.<\/p>\n<p class=\"VideoPlayerText_videoPlayerText__iDwyz\">Dalszy ci\u0105g materia\u0142u pod wideo<\/p>\n<p class=\"Paragraph_desktopParagraph__U31Gm\">Obecnie rzecznik dyscyplinarny zarzuca jej kilkana\u015bcie przewinie\u0144. Post\u0119powanie przed s\u0105dem dyscyplinarnym ma si\u0119 rozpocz\u0105\u0107 w lutym. Zachowania s\u0119dzi bada te\u017c prokuratura \u2014 opisuje &#8222;Gazeta Wyborcza&#8221;. Zawiadomienie wp\u0142yn\u0119\u0142o 15 grudnia. Jak informuje Prokuratura Okr\u0119gowa w Zielonej G\u00f3rze, obecnie trwa analiza zg\u0142oszenia.<\/p>\n<ul class=\"OchatFollowUps_wrapper__1ry7X\">\n<li class=\"OchatFollowUps_item__Dhyly OchatFollowUps_itemDesktop__R6aBv\">Jakie zarzuty s\u0105 stawiane s\u0119dzi Agnieszce S.?<\/li>\n<li class=\"OchatFollowUps_item__Dhyly OchatFollowUps_itemDesktop__R6aBv\">Kiedy rozpocz\u0119\u0142o si\u0119 post\u0119powanie dyscyplinarne?<\/li>\n<li class=\"OchatFollowUps_item__Dhyly OchatFollowUps_itemDesktop__R6aBv\">Co s\u0105d w \u017baganiu planuje zrobi\u0107 w tej sprawie?<\/li>\n<li class=\"OchatFollowUps_item__Dhyly OchatFollowUps_itemDesktop__R6aBv\">Jakie by\u0142y reakcje pracownik\u00f3w na zachowanie s\u0119dzi?<\/li>\n<\/ul>\n<p>&#8222;Agnieszka S. stwierdzi\u0142a, \u017ce nie uznaje L4, a jedynie pobyt OIOM-ie&#8221; <\/p>\n<p class=\"Paragraph_desktopParagraph__U31Gm\">Wed\u0142ug ustale\u0144 rzecznika dyscyplinarnego Agnieszka S. mia\u0142a wielokrotnie n\u0119ka\u0107 i poni\u017ca\u0107 zar\u00f3wno pracownik\u00f3w s\u0105du, jak i strony post\u0119powania oraz pe\u0142nomocnik\u00f3w. Jeden z referendarzy zezna\u0142, \u017ce s\u0119dzia zmusza\u0142a go do wykonywania prywatnych zada\u0144, m.in. wyszukiwania materia\u0142\u00f3w naukowych potrzebnych do pracy jej c\u00f3rki adwokatki czy za\u0142atwienia sobie pracy na uczelni, a gdy si\u0119 nie uda\u0142o, mia\u0142a si\u0119 na nim m\u015bci\u0107 i n\u0119ka\u0107 go psychicznie.<\/p>\n<p class=\"Paragraph_desktopParagraph__U31Gm\">Podobnie traktowa\u0107 mia\u0142a swojego asystenta. Gdy by\u0142 na zwolnieniu lekarskim, kaza\u0142a do niego dzwoni\u0107, kiedy wr\u00f3ci. \u2014 Stwierdzi\u0142a, \u017ce nie uznaje takiego L4, jedyn\u0105 form\u0105, jak\u0105 uznaje, jest pobyt w szpitalu, na OIOM-ie \u2014 zezna\u0142 jeden ze \u015bwiadk\u00f3w. Inni pracownicy s\u0105du podkre\u015blali, \u017ce byli obci\u0105\u017cani nadmiern\u0105 liczb\u0105 obowi\u0105zk\u00f3w bez wsparcia merytorycznego, a niepowodzenia ko\u0144czy\u0142y si\u0119 publiczn\u0105 krytyk\u0105 i upokorzeniem.<\/p>\n<p class=\"Paragraph_desktopParagraph__U31Gm\">W\u015br\u00f3d zarzut\u00f3w znalaz\u0142y si\u0119 tak\u017ce przypadki, w kt\u00f3rych Agnieszka S. ignorowa\u0142a hierarchi\u0119 s\u0142u\u017cbow\u0105 i odmawia\u0142a udzia\u0142u w dy\u017curach aresztowych. Sekretarze s\u0105dowi, kt\u00f3rzy wsp\u00f3\u0142pracowali z s\u0119dzi\u0105, zg\u0142aszali, \u017ce byli obarczani jej obowi\u0105zkami, a stres zwi\u0105zany z prac\u0105 negatywnie wp\u0142yn\u0105\u0142 na ich zdrowie. W efekcie cz\u0119\u015b\u0107 pracownik\u00f3w poprosi\u0142a o odsuni\u0119cie od wsp\u00f3\u0142pracy z Agnieszk\u0105 S., a inni grozili odej\u015bciem z pracy.<\/p>\n<p>S. nie chcia\u0142a by\u0107 kontrolowana. Oskar\u017cy\u0142a o mobbing <\/p>\n<p class=\"Paragraph_desktopParagraph__U31Gm\">Materia\u0142y dyscyplinarne wskazuj\u0105 te\u017c na liczne op\u00f3\u017anienia i b\u0142\u0119dy, kt\u00f3re mia\u0142y wp\u0142yw na przebieg post\u0119powa\u0144. S\u0119dzia masowo odk\u0142ada\u0142a trudniejsze sprawy, a rozprawy by\u0142y cz\u0119sto odraczane z niejasnych powod\u00f3w, na przyk\u0142ad z powodu plan\u00f3w urlopowych. W aktach spraw znalaz\u0142y si\u0119 przypadki, w kt\u00f3rych Agnieszka S. wyda\u0142a wyrok zaoczny mimo wcze\u015bniejszego wycofania pozwu, czy wezwa\u0142a do udzia\u0142u w post\u0119powaniu osob\u0119 zmar\u0142\u0105, mimo \u017ce akt zgonu by\u0142 w dokumentach.<\/p>\n<p class=\"Paragraph_desktopParagraph__U31Gm\">&#8222;Naruszenie prawa by\u0142o tak ra\u017c\u0105ce i oczywiste, \u017ce mog\u0142o wywo\u0142a\u0107 negatywne i nieodwracalne skutki dla stron&#8221; \u2014 stwierdzi\u0142 rzecznik dyscyplinarny.<\/p>\n<p class=\"Paragraph_desktopParagraph__U31Gm\">Przewodnicz\u0105ca wydzia\u0142u pr\u00f3bowa\u0142a kontrolowa\u0107 zaleg\u0142o\u015bci w referacie Agnieszki S., jednak s\u0119dzia odmawia\u0142a wydania akt i oskar\u017ca\u0142a pracownik\u00f3w o kradzie\u017c dokument\u00f3w. W ko\u0144cu zarzuci\u0142a przewodnicz\u0105cej mobbing. S\u0105d w \u017baganiu poinformowa\u0142, \u017ce komisja antymobbingowa nie stwierdzi\u0142a przejaw\u00f3w mobbingu na szkod\u0119 s\u0119dzi, a to pracownicy wielokrotnie sygnalizowali nieprawid\u0142owe zachowania z jej strony.<\/p>\n<p class=\"Paragraph_desktopParagraph__U31Gm\">S\u0119dzia S. od lutego przebywa na zwolnieniu lekarskim i wyst\u0105pi\u0142a o przeniesienie w stan spoczynku z powodu trwa\u0142ej niezdolno\u015bci do pracy. Decyzja ZUS w tej sprawie nie jest prawomocna, a Kolegium S\u0105du Okr\u0119gowego w Zielonej G\u00f3rze z\u0142o\u017cy\u0142o sprzeciw, co oznacza, \u017ce spraw\u0119 zbada komisja lekarska.<\/p>\n<p>Stanowisko Agnieszki S. <\/p>\n<p class=\"Paragraph_desktopParagraph__U31Gm\">Agnieszka S. podczas post\u0119powania dyscyplinarnego utrzymywa\u0142a, \u017ce jest ofiar\u0105 mobbingu i zaprzecza\u0142a stawianym jej zarzutom. Twierdzi\u0142a, \u017ce mia\u0142a dobre relacje z pracownikami i nie by\u0142a z\u0142o\u015bliwa. Wskazywa\u0142a, \u017ce nie domaga\u0142a si\u0119 zatrudnienia na uczelni, a przytaczane przez pracownik\u00f3w wypowiedzi uzna\u0142a za wymy\u015blone.<\/p>\n<p class=\"Paragraph_desktopParagraph__U31Gm\">Po sze\u015bciu miesi\u0105cach nieobecno\u015bci s\u0119dzi w pracy, blisko 400 spraw z jej referatu podzielono pomi\u0119dzy czterech pozosta\u0142ych s\u0119dzi\u00f3w wydzia\u0142u, co znacz\u0105co zwi\u0119kszy\u0142o ich obowi\u0105zki. S\u0119dziowie wskazuj\u0105 r\u00f3wnie\u017c, \u017ce Agnieszka S. do\u0142\u0105czy\u0142a do s\u0105downictwa nied\u0142ugo przed uzyskaniem prawa do stanu spoczynku. \u2014 Toga zamiast by\u0107 ukoronowaniem kariery prawniczej, staje si\u0119 dla wielu prawnik\u00f3w furtk\u0105 do wysokiej emerytury \u2014 podsumowuj\u0105 s\u0119dziowie w rozmowie z &#8222;GW&#8221;.<\/p>\n","protected":false},"excerpt":{"rendered":"Du\u017co czytania, a ma\u0142o czasu? Sprawd\u017a\u00a0skr\u00f3t\u00a0artyku\u0142u Agnieszka S. pracuje w S\u0105dzie Rejonowym w \u017baganiu, w tek\u015bcie &#8222;Gazety Wyborczej&#8221;&hellip;\n","protected":false},"author":2,"featured_media":159681,"comment_status":"","ping_status":"","sticky":false,"template":"","format":"standard","meta":{"footnotes":""},"categories":[12],"tags":[32,33,36,37,27,67,34,35,28,31,53,25,52,68,51,55,42,38,40,39,41,984,349,47,29,30,65,50,26],"class_list":{"0":"post-159680","1":"post","2":"type-post","3":"status-publish","4":"format-standard","5":"has-post-thumbnail","7":"category-polska","8":"tag-breaking-news","9":"tag-breakingnews","10":"tag-featured-news","11":"tag-featurednews","12":"tag-headlines","13":"tag-intextvideo_splayer","14":"tag-latest-news","15":"tag-latestnews","16":"tag-naglowki","17":"tag-najwazniejsze-artykuly","18":"tag-new_header","19":"tag-news","20":"tag-onet3","21":"tag-onet3d","22":"tag-onet3d_2i","23":"tag-phx","24":"tag-pl","25":"tag-poland","26":"tag-polish","27":"tag-polska","28":"tag-polski","29":"tag-prawo_sady_sedziowie_sedzia_sad_sadownictwo_prawnik_prawnicy_prawniczka","30":"tag-prokuratura_prokurator_prokuratorzy","31":"tag-screening_general","32":"tag-top-stories","33":"tag-topstories","34":"tag-update_me","35":"tag-v2021","36":"tag-wiadomosci"},"share_on_mastodon":{"url":"","error":"Validation failed: Text character limit of 500 exceeded"},"_links":{"self":[{"href":"https:\/\/www.europesays.com\/pl\/wp-json\/wp\/v2\/posts\/159680","targetHints":{"allow":["GET"]}}],"collection":[{"href":"https:\/\/www.europesays.com\/pl\/wp-json\/wp\/v2\/posts"}],"about":[{"href":"https:\/\/www.europesays.com\/pl\/wp-json\/wp\/v2\/types\/post"}],"author":[{"embeddable":true,"href":"https:\/\/www.europesays.com\/pl\/wp-json\/wp\/v2\/users\/2"}],"replies":[{"embeddable":true,"href":"https:\/\/www.europesays.com\/pl\/wp-json\/wp\/v2\/comments?post=159680"}],"version-history":[{"count":0,"href":"https:\/\/www.europesays.com\/pl\/wp-json\/wp\/v2\/posts\/159680\/revisions"}],"wp:featuredmedia":[{"embeddable":true,"href":"https:\/\/www.europesays.com\/pl\/wp-json\/wp\/v2\/media\/159681"}],"wp:attachment":[{"href":"https:\/\/www.europesays.com\/pl\/wp-json\/wp\/v2\/media?parent=159680"}],"wp:term":[{"taxonomy":"category","embeddable":true,"href":"https:\/\/www.europesays.com\/pl\/wp-json\/wp\/v2\/categories?post=159680"},{"taxonomy":"post_tag","embeddable":true,"href":"https:\/\/www.europesays.com\/pl\/wp-json\/wp\/v2\/tags?post=159680"}],"curies":[{"name":"wp","href":"https:\/\/api.w.org\/{rel}","templated":true}]}}