{"id":159712,"date":"2025-12-19T11:13:08","date_gmt":"2025-12-19T11:13:08","guid":{"rendered":"https:\/\/www.europesays.com\/pl\/159712\/"},"modified":"2025-12-19T11:13:08","modified_gmt":"2025-12-19T11:13:08","slug":"wielkie-ego-jacka-kurskiego-w-malym-okienku-republiki-tak-sie-zachowywal-na-wizji","status":"publish","type":"post","link":"https:\/\/www.europesays.com\/pl\/159712\/","title":{"rendered":"Wielkie ego Jacka Kurskiego w ma\u0142ym okienku Republiki. Tak si\u0119 zachowywa\u0142 na wizji"},"content":{"rendered":"<p class=\"art_paragraph\"><a href=\"https:\/\/www.plotek.pl\/jacek-kurski\" class=\"art_link\" rel=\"dofollow noopener\" target=\"_blank\">Jacek Kurski<\/a> przez lata by\u0142 prezesem <a href=\"https:\/\/www.plotek.pl\/telewizja-polska\" class=\"art_link\" rel=\"dofollow noopener\" target=\"_blank\">Telewizji Polskiej<\/a>, decyduj\u0105c o tym, jak w tamtym okresie wygl\u0105da\u0142a produkcja program\u00f3w publicznego nadawcy. Jak si\u0119 okazuje, politykowi wci\u0105\u017c co\u015b po tym zosta\u0142o. 18 grudnia Kurski pojawi\u0142 si\u0119 na antenie <a href=\"https:\/\/www.plotek.pl\/tv-republika\" class=\"art_link\" rel=\"dofollow noopener\" target=\"_blank\">TV Republiki<\/a>, gdzie ch\u0119tnie dzieli\u0142 si\u0119 z\u00a0pracownikami stacji radami, dotycz\u0105cymi emisji programu. Nie by\u0142 zadowolony te\u017c z tego, jak stacja go przedstawia.<\/p>\n<p>\n    Zobacz wideo Smaszcz ocenia zmiany w TVP i wspomina Kurskich. &#8222;Masakra&#8221;\n  <\/p>\n<p> Jacek Kurski odwiedzi\u0142 TV Republik\u0119. Zaskoczy\u0142 zachowaniem na wizji<\/p>\n<p class=\"art_paragraph\">Kurski rozmawia\u0142 z jednym z pracownik\u00f3w TV Republiki o sytuacji w Polsce, a w mi\u0119dzyczasie na ekranach telewidz\u00f3w pokazywano r\u00f3wnie\u017c w tle nagrania z protest\u00f3w rolnik\u00f3w w Brukseli. Nie umkn\u0119\u0142o to uwadze by\u0142ego prezesa TVP, kt\u00f3remu nie do ko\u0144ca podoba\u0142 si\u0119 fakt, i\u017c pokazano go jedynie na mniejszej cz\u0119\u015bci podzielonego ekranu. &#8211; Czy my ca\u0142y czas b\u0119dzie na tym ma\u0142ym okienku? &#8211; zapyta\u0142 nagle dziennikarza Kurski. &#8211; Czy mo\u017cemy wr\u00f3ci\u0107 na wi\u0119kszy obraz, bo wiem, \u017ce ludzi denerwuje, jak jest ma\u0142e, bo nic nie rozumiej\u0105 wtedy &#8211; zn\u00f3w si\u0119 p\u00f3\u017aniej upomina\u0142. Produkcja nie przysta\u0142a jednak na jego pro\u015bby.<\/p>\n<p class=\"art_paragraph\">Pod koniec wizyty Kurskiego w Republice prowadz\u0105cy zapyta\u0142 by\u0142ego prezesa o to, czy kiedykolwiek b\u0119dzie mo\u017cna zobaczy\u0107, jak podaje r\u0119k\u0119 Mateuszowi Morawieckiemu. Gdy Kurski zacz\u0105\u0142 odpowiada\u0107, nie by\u0142o go wida\u0107 na ekranie. &#8211; Jest jak najbardziej na to otwarty, pozdrawiam serdecznie&#8230; No teraz to mogliby\u015bmy wr\u00f3ci\u0107 panie redaktorze, kiedy ja to m\u00f3wi\u0119. (&#8230;) Niech pan nas chocia\u017c na koniec poka\u017ce &#8211; poprosi\u0142 wtem na wizji. W tym momencie re\u017cyserka wreszcie pokaza\u0142a Kurskiego na po\u0142owie ekranu. Tylko na chwil\u0119, bo p\u00f3\u017aniej jego wizerunek ca\u0142kiem znikn\u0105\u0142 z ekranu.\u00a0<\/p>\n<p> Tak o nowych zarz\u0105dzaj\u0105cych TVP pisa\u0142a Joanna Kurska. &#8222;Ekipa Tuska&#8221;<\/p>\n<p class=\"art_paragraph\">Przypomnijmy, \u017ce r\u00f3wnie zwi\u0105zana przed laty z TVP by\u0142a \u017cona polityka &#8211; <a href=\"https:\/\/www.plotek.pl\/joanna-kurska\" class=\"art_link\" rel=\"dofollow noopener\" target=\"_blank\">Joanna Kurska<\/a>. Zajmowa\u0142a m.<a href=\"https:\/\/moto.pl\/Porady\/7,178530,26930093,kalkulator-przelicznik-centymetry-cm-i-cale-in-na-stopy.html#anchorLink\" rel=\"nofollow noopener\" target=\"_blank\">in<\/a>. stanowisko\u00a0szefowej programu &#8222;Pytanie na \u015bniadanie&#8221;. Kurska nie obawia si\u0119 przez to zabiera\u0107 g\u0142os na temat aktualnych decyzji podejmowanych przez nowe osoby, zarz\u0105dzaj\u0105ce u publicznego nadawcy. W sierpniu bie\u017c\u0105cego roku<a href=\"https:\/\/www.plotek.pl\/najnowsze-plotki\/7,194210,32170227,kurskiej-puscily-hamulce-ostro-uderzyla-w-ekipe-tuska-w-tvp.html\" class=\"art_link\" rel=\"dofollow noopener\" target=\"_blank\"> wypowiedzia\u0142a si\u0119 o rezygnacji stacji z organizacji\u00a0jesiennej konferencji ram\u00f3wkowej<\/a>. &#8222;20 lat pracuj\u0119 w telewizji, nigdy nikt nie odwo\u0142a\u0142 ram\u00f3wki, to najwa\u017cniejsze \u015bwi\u0119to ka\u017cdej szanuj\u0105cej si\u0119 stacji telewizyjnej. Ekipa Tuska w TVP w\u0142a\u015bnie poinformowa\u0142a, \u017ce nie zorganizuje konferencji ram\u00f3wkowej. To si\u0119 dzieje naprawd\u0119. Kim s\u0105 ci nieudacznicy i kto da\u0142 im w\u0142adz\u0119, by niszczy\u0107 Telewizj\u0119 Polsk\u0105. Dno to ju\u017c jest ma\u0142o powiedziane!&#8221; &#8211; przekaza\u0142a w\u00f3wczas w mediach spo\u0142eczno\u015bciowych \u017cona Kurskiego.<\/p>\n","protected":false},"excerpt":{"rendered":"Jacek Kurski przez lata by\u0142 prezesem Telewizji Polskiej, decyduj\u0105c o tym, jak w tamtym okresie wygl\u0105da\u0142a produkcja program\u00f3w&hellip;\n","protected":false},"author":2,"featured_media":159713,"comment_status":"","ping_status":"","sticky":false,"template":"","format":"standard","meta":{"footnotes":""},"categories":[12],"tags":[32,33,36,37,27,34,35,28,31,25,42,38,40,39,41,29,30,26],"class_list":{"0":"post-159712","1":"post","2":"type-post","3":"status-publish","4":"format-standard","5":"has-post-thumbnail","7":"category-polska","8":"tag-breaking-news","9":"tag-breakingnews","10":"tag-featured-news","11":"tag-featurednews","12":"tag-headlines","13":"tag-latest-news","14":"tag-latestnews","15":"tag-naglowki","16":"tag-najwazniejsze-artykuly","17":"tag-news","18":"tag-pl","19":"tag-poland","20":"tag-polish","21":"tag-polska","22":"tag-polski","23":"tag-top-stories","24":"tag-topstories","25":"tag-wiadomosci"},"share_on_mastodon":{"url":"https:\/\/pubeurope.com\/@pl\/115745941471845417","error":""},"_links":{"self":[{"href":"https:\/\/www.europesays.com\/pl\/wp-json\/wp\/v2\/posts\/159712","targetHints":{"allow":["GET"]}}],"collection":[{"href":"https:\/\/www.europesays.com\/pl\/wp-json\/wp\/v2\/posts"}],"about":[{"href":"https:\/\/www.europesays.com\/pl\/wp-json\/wp\/v2\/types\/post"}],"author":[{"embeddable":true,"href":"https:\/\/www.europesays.com\/pl\/wp-json\/wp\/v2\/users\/2"}],"replies":[{"embeddable":true,"href":"https:\/\/www.europesays.com\/pl\/wp-json\/wp\/v2\/comments?post=159712"}],"version-history":[{"count":0,"href":"https:\/\/www.europesays.com\/pl\/wp-json\/wp\/v2\/posts\/159712\/revisions"}],"wp:featuredmedia":[{"embeddable":true,"href":"https:\/\/www.europesays.com\/pl\/wp-json\/wp\/v2\/media\/159713"}],"wp:attachment":[{"href":"https:\/\/www.europesays.com\/pl\/wp-json\/wp\/v2\/media?parent=159712"}],"wp:term":[{"taxonomy":"category","embeddable":true,"href":"https:\/\/www.europesays.com\/pl\/wp-json\/wp\/v2\/categories?post=159712"},{"taxonomy":"post_tag","embeddable":true,"href":"https:\/\/www.europesays.com\/pl\/wp-json\/wp\/v2\/tags?post=159712"}],"curies":[{"name":"wp","href":"https:\/\/api.w.org\/{rel}","templated":true}]}}