{"id":159721,"date":"2025-12-19T11:20:08","date_gmt":"2025-12-19T11:20:08","guid":{"rendered":"https:\/\/www.europesays.com\/pl\/159721\/"},"modified":"2025-12-19T11:20:08","modified_gmt":"2025-12-19T11:20:08","slug":"barbara-nowacka-uderza-w-decyzje-prezydenta-chca-by-mlodziez-tylko-bila-brawo","status":"publish","type":"post","link":"https:\/\/www.europesays.com\/pl\/159721\/","title":{"rendered":"Barbara Nowacka uderza w decyzj\u0119 prezydenta. &#8222;Chc\u0105, by m\u0142odzie\u017c tylko bi\u0142a brawo&#8221;"},"content":{"rendered":"<p class=\"ods-c-paragraph \">\u2014 Ta reforma to zmiana w podstawach programowych i w podej\u015bciu. Jak to dzia\u0142a, wszyscy widz\u0105, jask\u00f3\u0142ki ju\u017c s\u0105. Edukacja obywatelska, edukacja zdrowotna s\u0105 oparte o ten mechanizm w\u0142\u0105czenia uczni\u00f3w w dzia\u0142anie, w praktyczne umiej\u0119tno\u015bci, w sprawczo\u015b\u0107. Szkoda, \u017ce pan prezydent tak ma\u0142o szanuje sw\u00f3j urz\u0105d i nie da\u0142 sobie szansy do przynajmniej przeczytania i zrozumienia, co tak naprawd\u0119 by\u0142o w tej ustawie \u2014 doda\u0142a Nowacka.<\/p>\n<p>Dalszy ci\u0105g artyku\u0142u pod materia\u0142em wideo<\/p>\n<p> Co Barbara Nowacka powiedzia\u0142a o wetowaniu przez prezydenta? <\/p>\n<p> Jakie zmiany wprowadza nowelizacja prawa o\u015bwiatowego? <\/p>\n<p> Jakie by\u0142y powody wetowania ustawy przez prezydenta Nawrockiego? <\/p>\n<p> Co s\u0105dzi wiceminister edukacji Katarzyna Lubanuer o decyzji prezydenta? <\/p>\n<p class=\"ods-c-paragraph \">Wiceministra edukacji Katarzyna Lubanuer stwierdzi\u0142a natomiast, \u017ce prezydent &#8222;najwidoczniej prezydent postanowi\u0142, \u017ce jego polityk\u0119 edukacyjn\u0105 b\u0119dzie kszta\u0142towa\u0107 ordo iuris i ludzie od Brauna&#8221;. \u2014 Takich ludzi zaprosi\u0142 do siebie do Pa\u0142acu Prezydenckiego i tacy ludzie poopowiadali mu bzdury o tym, co jest w tej ustawie \u2014 doda\u0142a.<\/p>\n<p>   Kolejne weta Karola Nawrockiego<\/p>\n<p class=\"ods-c-paragraph \"><a href=\"https:\/\/wiadomosci.onet.pl\/kraj\/karol-nawrocki-zawetowal-kolejne-ustawy-zwrocil-sie-do-rzadu\/f7q54pl\" id=\"f05de444-2436-4e7f-9d10-cd27206659b2\" rel=\"nofollow noopener\" target=\"_blank\">Karol Nawrocki w czwartek poinformowa\u0142, \u017ce zawetowa\u0142 kolejne trzy ustawy.<\/a> W tym ustaw\u0119 dotycz\u0105c\u0105 prawa o\u015bwiatowego. \u2014 Zorganizowali\u015bmy specjalne konsultacje z ekspertami, nauczycielami, organizacjami o\u015bwiatowymi i rodzicami. Po rozmowach z nimi oraz po ich apelach nie mog\u0119 wyrazi\u0107 zgody na tak\u0105 ustaw\u0119 \u2014 powiedzia\u0142 prezydent w nagraniu opublikowanym na platformie X.<\/p>\n<p class=\"ods-c-paragraph \">Oceni\u0142, \u017ce nowelizacja prowadzi\u0142aby do chaosu w szko\u0142ach, ideologizacji edukacji oraz &#8222;eksperymentowania na ca\u0142ych rocznikach dzieci&#8221;. \u2014 Polska szko\u0142a potrzebuje spokoju, wiedzy i stabilno\u015bci, a nie nieprzemy\u015blanych, chaotycznych zmian, kt\u00f3re zaraz po wprowadzeniu trzeba b\u0119dzie poprawia\u0107 \u2014 doda\u0142. Podkre\u015bli\u0142, \u017ce proponowane rozwi\u0105zania, zamiast poprawi\u0107 sytuacj\u0119 w o\u015bwiacie, mog\u0142yby j\u0105 pogorszy\u0107.<\/p>\n<p>   O co chodzi w ustawie?<\/p>\n<p class=\"ods-c-paragraph \">Nowelizacja Prawa o\u015bwiatowego i niekt\u00f3rych innych ustaw zmienia\u0142a m.in. definicj\u0119 podstawy programowej wychowania przedszkolnego i podstawy programowej kszta\u0142cenia og\u00f3lnego. Mia\u0142y one jasno i precyzyjnie okre\u015bla\u0107 cele kszta\u0142cenia i efekty uczenia si\u0119, by\u0107 sp\u00f3jne wewn\u0119trznie i mi\u0119dzy przedmiotami. Wprowadza\u0142y metody pracy jak np. do\u015bwiadczenie edukacyjne, tydzie\u0144 projektowy, modu\u0142y: medialny, filozoficzny, finansowy.<\/p>\n<p class=\"ods-c-paragraph \">Podstawy maj\u0105 by\u0107 pisane j\u0119zykiem efekt\u00f3w uczenia si\u0119 na tyle precyzyjnie, aby mo\u017cna by\u0142o na ich podstawie tworzy\u0107 narz\u0119dzia diagnostyczne i egzaminy oraz efektywnie udziela\u0107 wsparcia uczniom w procesie uczenia. Maj\u0105 by\u0107 jednocze\u015bnie na tyle elastyczne, aby nauczyciele mogli je realizowa\u0107 wed\u0142ug w\u0142asnego pomys\u0142u i w spos\u00f3b uwzgl\u0119dniaj\u0105cy zr\u00f3\u017cnicowane potrzeby edukacyjne uczni\u00f3w, skoncentrowane na budowaniu kompetencji uczni\u00f3w, a nie tylko zapami\u0119tywaniu informacji.<\/p>\n<p class=\"ods-c-paragraph \">Nowelizacja wprowadza\u0142a te\u017c m.in. zmiany w zakresie nadzoru pedagogicznego, w tym rezygnacj\u0119 z obowi\u0105zku opiniowania przez kuratora o\u015bwiaty arkuszy organizacji publicznych szk\u00f3\u0142 i plac\u00f3wek, podwy\u017cszenie wysoko\u015bci op\u0142aty wnoszonej z wnioskiem o dopuszczenie podr\u0119cznika do u\u017cytku szkolnego, zwi\u0119kszenie kwoty dotacji podr\u0119cznikowej. Przywraca\u0142a tak\u017ce od roku szkolnego 2026\/2027 kwietniowy termin przeprowadzania egzaminu \u00f3smoklasisty. Rezygnowa\u0142a te\u017c z przeprowadzania egzaminu maturalnego z j\u0119zyka \u0142aci\u0144skiego jako alternatywy dla egzaminu z j\u0119zyka obcego nowo\u017cytnego.<\/p>\n","protected":false},"excerpt":{"rendered":"\u2014 Ta reforma to zmiana w podstawach programowych i w podej\u015bciu. Jak to dzia\u0142a, wszyscy widz\u0105, jask\u00f3\u0142ki ju\u017c&hellip;\n","protected":false},"author":2,"featured_media":159722,"comment_status":"","ping_status":"","sticky":false,"template":"","format":"standard","meta":{"footnotes":""},"categories":[12],"tags":[3769,32,33,36,37,27,43,14625,49,34,35,5359,28,31,48,25,46,31620,42,38,40,39,41,47,925,29,30,8206,26],"class_list":{"0":"post-159721","1":"post","2":"type-post","3":"status-publish","4":"format-standard","5":"has-post-thumbnail","7":"category-polska","8":"tag-barbara_nowacka","9":"tag-breaking-news","10":"tag-breakingnews","11":"tag-featured-news","12":"tag-featurednews","13":"tag-headlines","14":"tag-karol_nawrocki","15":"tag-katarzyna_lubnauer","16":"tag-kraj","17":"tag-latest-news","18":"tag-latestnews","19":"tag-men","20":"tag-naglowki","21":"tag-najwazniejsze-artykuly","22":"tag-nat_styl","23":"tag-news","24":"tag-omp","25":"tag-oswiata","26":"tag-pl","27":"tag-poland","28":"tag-polish","29":"tag-polska","30":"tag-polski","31":"tag-screening_general","32":"tag-szkola_nauczyciele_uczniowie","33":"tag-top-stories","34":"tag-topstories","35":"tag-weto","36":"tag-wiadomosci"},"share_on_mastodon":{"url":"https:\/\/pubeurope.com\/@pl\/115745968931226578","error":""},"_links":{"self":[{"href":"https:\/\/www.europesays.com\/pl\/wp-json\/wp\/v2\/posts\/159721","targetHints":{"allow":["GET"]}}],"collection":[{"href":"https:\/\/www.europesays.com\/pl\/wp-json\/wp\/v2\/posts"}],"about":[{"href":"https:\/\/www.europesays.com\/pl\/wp-json\/wp\/v2\/types\/post"}],"author":[{"embeddable":true,"href":"https:\/\/www.europesays.com\/pl\/wp-json\/wp\/v2\/users\/2"}],"replies":[{"embeddable":true,"href":"https:\/\/www.europesays.com\/pl\/wp-json\/wp\/v2\/comments?post=159721"}],"version-history":[{"count":0,"href":"https:\/\/www.europesays.com\/pl\/wp-json\/wp\/v2\/posts\/159721\/revisions"}],"wp:featuredmedia":[{"embeddable":true,"href":"https:\/\/www.europesays.com\/pl\/wp-json\/wp\/v2\/media\/159722"}],"wp:attachment":[{"href":"https:\/\/www.europesays.com\/pl\/wp-json\/wp\/v2\/media?parent=159721"}],"wp:term":[{"taxonomy":"category","embeddable":true,"href":"https:\/\/www.europesays.com\/pl\/wp-json\/wp\/v2\/categories?post=159721"},{"taxonomy":"post_tag","embeddable":true,"href":"https:\/\/www.europesays.com\/pl\/wp-json\/wp\/v2\/tags?post=159721"}],"curies":[{"name":"wp","href":"https:\/\/api.w.org\/{rel}","templated":true}]}}