{"id":159731,"date":"2025-12-19T11:26:11","date_gmt":"2025-12-19T11:26:11","guid":{"rendered":"https:\/\/www.europesays.com\/pl\/159731\/"},"modified":"2025-12-19T11:26:11","modified_gmt":"2025-12-19T11:26:11","slug":"chinskie-auta-pod-ochrona-policja-zakula-hejterow-w-kajdanki-za-negatywne-komentarze","status":"publish","type":"post","link":"https:\/\/www.europesays.com\/pl\/159731\/","title":{"rendered":"Chi\u0144skie auta pod ochron\u0105 \u2014 policja zaku\u0142a hejter\u00f3w w kajdanki za negatywne komentarze"},"content":{"rendered":"<p>SPIS TRE\u015aCI<\/p>\n<ol class=\"ods-a-table-of-content__items\">\n<li class=\"ods-a-table-of-content__item\"><a href=\"#toc-zatrzymanie-za-negatywne-komentarze-o-chinskich-autach\" class=\"ods-a-table-of-content__link\">Zatrzymanie za negatywne komentarze o chi\u0144skich autach<\/a><\/li>\n<li class=\"ods-a-table-of-content__item\"><a href=\"#toc-jak-policjanci-wpadli-na-trop-hejterow-chinskich-aut\" class=\"ods-a-table-of-content__link\">Jak policjanci wpadli na trop hejter\u00f3w chi\u0144skich aut?<\/a><\/li>\n<li class=\"ods-a-table-of-content__item\"><a href=\"#toc-jak-sprawe-hejterow-chinskich-samochodow-komentuja-policja-i-wladze-spolek\" class=\"ods-a-table-of-content__link\">Jak spraw\u0119 hejter\u00f3w chi\u0144skich samochod\u00f3w komentuj\u0105 policja i w\u0142adze sp\u00f3\u0142ek?<\/a><\/li>\n<\/ol>\n<p class=\"ods-c-paragraph \">W ostatnich miesi\u0105cach firmy te zg\u0142asza\u0142y wzmo\u017con\u0105 aktywno\u015b\u0107 szkodliwych publikacji, kt\u00f3re wed\u0142ug w\u0142adz sp\u00f3\u0142ek uderza\u0142y w ich reputacj\u0119 i pozycj\u0119 na rynku.<\/p>\n<p>Dalszy ci\u0105g artyku\u0142u pod materia\u0142em wideo<\/p>\n<p> Ile os\u00f3b zosta\u0142o zatrzymanych przez policj\u0119? <\/p>\n<p> Jakie marki samochod\u00f3w dotyczy sprawa? <\/p>\n<p> Co by\u0142o podstaw\u0105 do zatrzymania podejrzanych? <\/p>\n<p> Jakie dzia\u0142ania podj\u0119\u0142a policja w tej sprawie? <\/p>\n<p>  Zatrzymanie za negatywne komentarze o chi\u0144skich autach<\/p>\n<p class=\"ods-c-paragraph \">Wed\u0142ug oficjalnego komunikatu, \u015bledztwo prowadzone przez cztery miesi\u0105ce pozwoli\u0142o policji z Yantai zabezpieczy\u0107 ponad milion juan\u00f3w (ponad p\u00f3\u0142 mln z\u0142) oraz zamkn\u0105\u0107 ponad osiem tys. kont internetowych powi\u0105zanych z t\u0105 dzia\u0142alno\u015bci\u0105. Funkcjonariusze podkre\u015blili, \u017ce zatrzymane osoby dzia\u0142a\u0142y w spos\u00f3b zorganizowany. To kluczowe \u2014 internetowi hejterzy mieli dzia\u0142a\u0107 tak, by osi\u0105gn\u0105\u0107 konkretny skutek, a nie by wyrazi\u0107 swoj\u0105 opini\u0119.<\/p>\n<p>   <img decoding=\"async\" src=\"https:\/\/www.europesays.com\/pl\/wp-content\/uploads\/2025\/12\/FLik9lBaHR0cHM6Ly9vY2RuLmV1L3B1bHNjbXMvTURBXy9hZGNjYjNkZDEzMzdhYTczZmJkYmIxOGJlZjA5NjhkNy5qcGeRlQLNB.jpeg\" height=\"705\" width=\"940\" alt=\"Luksusowy chi\u0144ski SUV Xiaomi YU7\" loading=\"lazy\" class=\"ods-c-image__img ods-c-image__img--viewport-width\"\/><\/p>\n<p>Luksusowy chi\u0144ski SUV Xiaomi YU7XIAOMI<\/p>\n<p class=\"ods-c-paragraph \">Z ustale\u0144 \u015bledczych wynika, \u017ce publikowane tre\u015bci mia\u0142y charakter zorganizowanej kampanii, a nie pojedynczych opinii u\u017cytkownik\u00f3w. Funkcjonariusze wyja\u015bnili, \u017ce cz\u0119\u015b\u0107 wpis\u00f3w celowo zniekszta\u0142ca\u0142a publicznie dost\u0119pne informacje, a inne korzysta\u0142y z fa\u0142szywych to\u017csamo\u015bci oraz wymy\u015blonych scenariuszy u\u017cytkowania samochod\u00f3w. Wed\u0142ug policji niekt\u00f3re materia\u0142y by\u0142y wielokrotnie powielane i modyfikowane, a pojedyncze incydenty przerabiano na artyku\u0142y lub filmy, aby zwi\u0119kszy\u0107 ich zasi\u0119g w sieci.<\/p>\n<p>Jak policjanci wpadli na trop hejter\u00f3w chi\u0144skich aut?<\/p>\n<p class=\"ods-c-paragraph \">Analiza ponad trzech tysi\u0119cy negatywnych artyku\u0142\u00f3w i komentarzy wykaza\u0142a, \u017ce pochodzi\u0142y one z kont o kr\u00f3tkim sta\u017cu i nietypowej aktywno\u015bci, rozproszonych pod wzgl\u0119dem adres\u00f3w IP. Funkcjonariusze uznali, \u017ce \u015bwiadczy to o dzia\u0142alno\u015bci okre\u015blanej w Chinach jako p\u0142atne grupy wp\u0142ywu internetowego, kt\u00f3rych g\u0142\u00f3wnym celem pozostaje generowanie ruchu i czerpanie zysk\u00f3w z zaanga\u017cowania u\u017cytkownik\u00f3w.<\/p>\n<p class=\"ods-c-paragraph \">Policja poinformowa\u0142a, \u017ce podejrzani korzystali z narz\u0119dzi do wyszukiwania s\u0142\u00f3w kluczowych zwi\u0105zanych z markami Xiaomi, Huawei i Li Auto. Do masowego tworzenia powtarzalnych tre\u015bci wykorzystywano narz\u0119dzia sztucznej inteligencji.<\/p>\n<p class=\"ods-c-paragraph \">\u015aledczy przeanalizowali ponad 80 tys. publikacji internetowych oraz ponad 100 tys. transakcji finansowych. Policja przekaza\u0142a, \u017ce pozwoli\u0142o to na odtworzenie struktury organizacyjnej grupy, zakresu obowi\u0105zk\u00f3w jej cz\u0142onk\u00f3w oraz schematu dzia\u0142ania. Zatrzymania przeprowadzono jednocze\u015bnie w Yantai i Liaocheng, gdy zgromadzono wystarczaj\u0105ce dowody.<\/p>\n<p> Jak spraw\u0119 hejter\u00f3w chi\u0144skich samochod\u00f3w komentuj\u0105 policja i w\u0142adze sp\u00f3\u0142ek?<\/p>\n<p class=\"ods-c-paragraph \">Dzia\u0142 prawny Li Auto poinformowa\u0142 tego samego dnia, \u017ce firma i jej klienci padli ofiar\u0105 zorganizowanych atak\u00f3w internetowych. Sp\u00f3\u0142ka przekaza\u0142a, \u017ce dzia\u0142ania te obejmowa\u0142y domniemane naruszenia danych osobowych, tworzenie fa\u0142szywych informacji na temat dzia\u0142alno\u015bci oraz rozpowszechnianie nieprawdziwych opinii o jako\u015bci produkt\u00f3w.<\/p>\n<p class=\"ods-c-paragraph \">Policja z Yantai podkre\u015bli\u0142a, \u017ce wszystkie dzia\u0142ania podj\u0119to zgodnie z chi\u0144skim prawem, a ich celem by\u0142o przeciwdzia\u0142anie zorganizowanej dzia\u0142alno\u015bci internetowej, kt\u00f3ra negatywnie wp\u0142ywa\u0142a na r\u00f3wnowag\u0119 rynkow\u0105 i funkcjonowanie firm.<\/p>\n","protected":false},"excerpt":{"rendered":"SPIS TRE\u015aCI Zatrzymanie za negatywne komentarze o chi\u0144skich autach Jak policjanci wpadli na trop hejter\u00f3w chi\u0144skich aut? Jak&hellip;\n","protected":false},"author":2,"featured_media":159732,"comment_status":"","ping_status":"","sticky":false,"template":"","format":"standard","meta":{"footnotes":""},"categories":[14],"tags":[210,32,33,846,85,27,2692,34,35,28,31,48,25,46,414,40,41,47,80,29,30,26,82,83,84,5166],"class_list":{"0":"post-159731","1":"post","2":"type-post","3":"status-publish","4":"format-standard","5":"has-post-thumbnail","7":"category-swiat","8":"tag-aktualnosci","9":"tag-breaking-news","10":"tag-breakingnews","11":"tag-chinskie_auta","12":"tag-chiny","13":"tag-headlines","14":"tag-huawei","15":"tag-latest-news","16":"tag-latestnews","17":"tag-naglowki","18":"tag-najwazniejsze-artykuly","19":"tag-nat_styl","20":"tag-news","21":"tag-omp","22":"tag-policja","23":"tag-polish","24":"tag-polski","25":"tag-screening_general","26":"tag-swiat","27":"tag-top-stories","28":"tag-topstories","29":"tag-wiadomosci","30":"tag-world","31":"tag-world-news","32":"tag-worldnews","33":"tag-xiaomi"},"share_on_mastodon":{"url":"https:\/\/pubeurope.com\/@pl\/115745992741783074","error":""},"_links":{"self":[{"href":"https:\/\/www.europesays.com\/pl\/wp-json\/wp\/v2\/posts\/159731","targetHints":{"allow":["GET"]}}],"collection":[{"href":"https:\/\/www.europesays.com\/pl\/wp-json\/wp\/v2\/posts"}],"about":[{"href":"https:\/\/www.europesays.com\/pl\/wp-json\/wp\/v2\/types\/post"}],"author":[{"embeddable":true,"href":"https:\/\/www.europesays.com\/pl\/wp-json\/wp\/v2\/users\/2"}],"replies":[{"embeddable":true,"href":"https:\/\/www.europesays.com\/pl\/wp-json\/wp\/v2\/comments?post=159731"}],"version-history":[{"count":0,"href":"https:\/\/www.europesays.com\/pl\/wp-json\/wp\/v2\/posts\/159731\/revisions"}],"wp:featuredmedia":[{"embeddable":true,"href":"https:\/\/www.europesays.com\/pl\/wp-json\/wp\/v2\/media\/159732"}],"wp:attachment":[{"href":"https:\/\/www.europesays.com\/pl\/wp-json\/wp\/v2\/media?parent=159731"}],"wp:term":[{"taxonomy":"category","embeddable":true,"href":"https:\/\/www.europesays.com\/pl\/wp-json\/wp\/v2\/categories?post=159731"},{"taxonomy":"post_tag","embeddable":true,"href":"https:\/\/www.europesays.com\/pl\/wp-json\/wp\/v2\/tags?post=159731"}],"curies":[{"name":"wp","href":"https:\/\/api.w.org\/{rel}","templated":true}]}}