{"id":159735,"date":"2025-12-19T11:28:07","date_gmt":"2025-12-19T11:28:07","guid":{"rendered":"https:\/\/www.europesays.com\/pl\/159735\/"},"modified":"2025-12-19T11:28:07","modified_gmt":"2025-12-19T11:28:07","slug":"greg-biffle-nie-zyje-55-latek-zginal-razem-z-zona-i-dziecmi-przeglad-sportowy-onet","status":"publish","type":"post","link":"https:\/\/www.europesays.com\/pl\/159735\/","title":{"rendered":"Greg Biffle nie \u017cyje. 55-latek zgin\u0105\u0142 razem z \u017con\u0105 i dzie\u0107mi &#8211; Przegl\u0105d Sportowy Onet"},"content":{"rendered":"<ol>\n<li><a href=\"https:\/\/news.google.com\/rss\/articles\/CBMiqwFBVV95cUxQdW1mM1o0SHdCWmIwS3pSRjh0V1JOZFpqMUJRNmcxdFRPUlYyNWcxaGNTamd6NURmOWhqdkdnSnBWZS1hQlpJcF9oM05XWmdpbm9HTThrYV9TUC1yNnpTOEZQLUhIVUdDUVBmNUlGdFNVRUREMzFxdlNlT3k2X052Zk5HM2hZTEJfdTlwQ01uVFY2Wnh3VGtqc0xhNGFETnFTQ2otMHhoM1FwMFE?oc=5\" target=\"_blank\" rel=\"nofollow noopener\">Greg Biffle nie \u017cyje. 55-latek zgin\u0105\u0142 razem z \u017con\u0105 i dzie\u0107mi<\/a>&nbsp;&nbsp;Przegl\u0105d Sportowy Onet<\/li>\n<li><a href=\"https:\/\/news.google.com\/rss\/articles\/CBMinAFBVV95cUxQbXpGVVRhdTBocDgtZ2x4Nkw5VWo3bjZKOGtFbFNvLUFGLUNaLTh0TVpBYkJ1UVlfT3UtcENvR3BqMGNzdDNHTE9sY1lOTXdpTFVQNjR6Y2t3eEZPWk5sYl9DMldMeE02eWNmVDIxOVEtRXNjRF90N2l1OXpybHdKLWY4ZDZPQTlmMGNDQ0pJV0xaT2F4Yjl4ZnQxSDY?oc=5\" target=\"_blank\" rel=\"nofollow noopener\">Katastrofa odrzutowca. Nie \u017cyje legenda z rodzin\u0105<\/a>&nbsp;&nbsp;Sport.pl<\/li>\n<li><a href=\"https:\/\/news.google.com\/rss\/articles\/CBMiugFBVV95cUxPa3RieHZVd1dSZkhZZUJmMjVLcG52Z05Iby1qMWRvZERRcjN5eHgzUklEMXJfRVpVUzBuRHo5QUhFaHQzeGdoTGtRSElWOEE3dFE0aDB3M2tNVm1XU1BOUl9DOUt6NldxNXpvU0R2cmZfYmtROGVxVUJrU21HMXJFZXl3R3Uyb254QmlpN0k0N09sc3BuRXVpa2JUWmMtZmdQbXUteFBWN09hTFJHTVlBTUI4SUZxVFZ6bXc?oc=5\" target=\"_blank\" rel=\"nofollow noopener\">Samolot uderzy\u0142 w p\u0142yt\u0119 lotniska i stan\u0105\u0142 w p\u0142omieniach. Tragedia w Stanach Zjednoczonych<\/a>&nbsp;&nbsp;Wydarzenia w INTERIA.PL<\/li>\n<li><a href=\"https:\/\/news.google.com\/rss\/articles\/CBMitwFBVV95cUxQbWJuUHRCQVhGOE5YclFCYzBzVXd6ci1fb190LWhsOGw0eEZjTGNtSnVsQWNjcVB2MW1FcVVrTUhhekprYmxuLVlPVFo2RVBXWUpwRDF5S3RFdElLRWhqS0V0MzJfZlRSRC1PVGpmeVlxUXNlWHpVcnFlRW9jZjg3YnEtNDNWR1ZVRmdSck0taHJ6aDNXUWVGVEtXZ3NmZkg5ZVlOcU52OGRMRzJFS0dhNnBWS01XdWM?oc=5\" target=\"_blank\" rel=\"nofollow noopener\">Nie \u017cyje legenda wy\u015bcig\u00f3w. Tragiczny wypadek, zgin\u0119\u0142y te\u017c jego dzieci<\/a>&nbsp;&nbsp;www.polsatsport.pl<\/li>\n<li><a href=\"https:\/\/news.google.com\/rss\/articles\/CBMitAFBVV95cUxPOHRCYV9ZcEF0Ujk0VFdaTmVDMGFqR0U3a2VvMU9VVHZsMGFmT1FRV2hlWWlWemtWWlBVNzhHMHRlbVdYdTBmMVdYRGlnTm55V1IzRkZJZ0hOckFId2NPNF9uemczbGRraGJZc2piQUlTanRtT1MyZUVRaHVtODBHekFlM1hGRGFfQUJ4UG5ScFZLOUpDb1VBR1FsLTlCd2pQZ3hhUWxfeGtSRWZxeUFpM2l0Tk8?oc=5\" target=\"_blank\" rel=\"nofollow noopener\">Katastrofa samolotu, zgin\u0105\u0142 by\u0142y rajdowiec<\/a>&nbsp;&nbsp;TVN24<\/li>\n<\/ol>\n","protected":false},"excerpt":{"rendered":"Greg Biffle nie \u017cyje. 55-latek zgin\u0105\u0142 razem z \u017con\u0105 i dzie\u0107mi&nbsp;&nbsp;Przegl\u0105d Sportowy Onet Katastrofa odrzutowca. Nie \u017cyje legenda&hellip;\n","protected":false},"author":2,"featured_media":159736,"comment_status":"","ping_status":"","sticky":false,"template":"","format":"standard","meta":{"footnotes":""},"categories":[5],"tags":[32,33,36,37,27,67,34,35,28,31,31557,25,129,42,38,40,39,41,136,128,47,29,30,26,4329,130],"class_list":{"0":"post-159735","1":"post","2":"type-post","3":"status-publish","4":"format-standard","5":"has-post-thumbnail","7":"category-naglowki","8":"tag-breaking-news","9":"tag-breakingnews","10":"tag-featured-news","11":"tag-featurednews","12":"tag-headlines","13":"tag-intextvideo_splayer","14":"tag-latest-news","15":"tag-latestnews","16":"tag-naglowki","17":"tag-najwazniejsze-artykuly","18":"tag-nascar","19":"tag-news","20":"tag-ofsajd","21":"tag-pl","22":"tag-poland","23":"tag-polish","24":"tag-polska","25":"tag-polski","26":"tag-ps_detal_new","27":"tag-psv2","28":"tag-screening_general","29":"tag-top-stories","30":"tag-topstories","31":"tag-wiadomosci","32":"tag-wiadomosci_politics__news","33":"tag-wiadomosci_sportowe"},"share_on_mastodon":{"url":"https:\/\/pubeurope.com\/@pl\/115746000429044910","error":""},"_links":{"self":[{"href":"https:\/\/www.europesays.com\/pl\/wp-json\/wp\/v2\/posts\/159735","targetHints":{"allow":["GET"]}}],"collection":[{"href":"https:\/\/www.europesays.com\/pl\/wp-json\/wp\/v2\/posts"}],"about":[{"href":"https:\/\/www.europesays.com\/pl\/wp-json\/wp\/v2\/types\/post"}],"author":[{"embeddable":true,"href":"https:\/\/www.europesays.com\/pl\/wp-json\/wp\/v2\/users\/2"}],"replies":[{"embeddable":true,"href":"https:\/\/www.europesays.com\/pl\/wp-json\/wp\/v2\/comments?post=159735"}],"version-history":[{"count":0,"href":"https:\/\/www.europesays.com\/pl\/wp-json\/wp\/v2\/posts\/159735\/revisions"}],"wp:featuredmedia":[{"embeddable":true,"href":"https:\/\/www.europesays.com\/pl\/wp-json\/wp\/v2\/media\/159736"}],"wp:attachment":[{"href":"https:\/\/www.europesays.com\/pl\/wp-json\/wp\/v2\/media?parent=159735"}],"wp:term":[{"taxonomy":"category","embeddable":true,"href":"https:\/\/www.europesays.com\/pl\/wp-json\/wp\/v2\/categories?post=159735"},{"taxonomy":"post_tag","embeddable":true,"href":"https:\/\/www.europesays.com\/pl\/wp-json\/wp\/v2\/tags?post=159735"}],"curies":[{"name":"wp","href":"https:\/\/api.w.org\/{rel}","templated":true}]}}