{"id":159799,"date":"2025-12-19T12:10:13","date_gmt":"2025-12-19T12:10:13","guid":{"rendered":"https:\/\/www.europesays.com\/pl\/159799\/"},"modified":"2025-12-19T12:10:13","modified_gmt":"2025-12-19T12:10:13","slug":"polscy-skoczkowie-walcza-w-engelbergu-o-ktorej-skoki-gdzie-ogladac-przeglad-sportowy-onet","status":"publish","type":"post","link":"https:\/\/www.europesays.com\/pl\/159799\/","title":{"rendered":"Polscy skoczkowie walcz\u0105 w Engelbergu! O kt\u00f3rej skoki? Gdzie ogl\u0105da\u0107? &#8211; Przegl\u0105d Sportowy Onet"},"content":{"rendered":"<ol>\n<li><a href=\"https:\/\/news.google.com\/rss\/articles\/CBMi1gFBVV95cUxQOXZFTGdad3d2ZDdPTV9FYUxtdDhZdVhId0tkV2dWSlFWY1pqTTU5THlDYjdfTnFsaEw2VUYydHZLOThTWFgtbEJKOWJFM1pYRGQ5bExXRC1rR1Fob2Vzd1NhdjlHMXlmREtmNlRzM0M4OWtZNGNSRzlBNEZ5eTFDcUlReWUyMlY2NjV2OGZJMTJQaVlWRTFRZWh2dkM0eXA0LXFTdFhaMWxYX0pYREZTUHJjSXJVWFdobEp3SFRSVmpXOGRnU3I3emQ0NUM5WVBpMzN4c1V3?oc=5\" target=\"_blank\" rel=\"nofollow noopener\">Polscy skoczkowie walcz\u0105 w Engelbergu! O kt\u00f3rej skoki? Gdzie ogl\u0105da\u0107?<\/a>&nbsp;&nbsp;Przegl\u0105d Sportowy Onet<\/li>\n<li><a href=\"https:\/\/news.google.com\/rss\/articles\/CBMixwFBVV95cUxQNURVWkRBRmVjRHZralVENXhUUkFXbGxHVE5IaGsyY3JNbElfYlQ3eTNJY0VzSzZVVHhReVJQbl9ReW9ZZHQ4MWswNC1iRmhwSktLUy03eUhoX0l3MkM3czZoNEpMNlhLVmZxREVOU2pXWmt1NDI1ck5UUno5ZklQZ0JUQl9zZk43bDROMHZ3X2xEZk4wOThxR3M3Ny1wMTBwbnpIYXZqamx1VDdzY09kTFFZbnlxalNMQk44aXNFV2h2VjFLSW5F?oc=5\" target=\"_blank\" rel=\"nofollow noopener\">Engelberg kolejnym przystankiem Pucharu \u015awiata. Polacy wyst\u0105pi\u0105 po treningu<\/a>&nbsp;&nbsp;SportoweFakty<\/li>\n<li><a href=\"https:\/\/news.google.com\/rss\/articles\/CBMivgFBVV95cUxPaVVLRDc2UnlmS3dZSXdQUVRVREtQem81REJmV2NGcG5hMDVKV25YSVQzS3Y1Uzl4bkFGT2FOS2RzWmRlRHp2V3pHQjNCcnBvSWtXWE42ZmJFcUxvellaSTN5Sk1aTTVtVVJ4WU15Y3pLeVA2SXlwLUFwYmgwY29FYjUtR3dSZmlnel9fOEFwQXRsUWZ6WTdfNGJ3emFKREs5X0JlSmltbjRCWldOcmRYdWdfcWpsZnhLTmpreUJB?oc=5\" target=\"_blank\" rel=\"nofollow noopener\">Sensacyjne zwyci\u0119stwo i wyr\u00f3wnany rekord skoczni. Polak wtedy zrobi\u0142 furor\u0119 w Engelbergu<\/a>&nbsp;&nbsp;Sport w INTERIA.PL<\/li>\n<li><a href=\"https:\/\/news.google.com\/rss\/articles\/CBMiuwFBVV95cUxPa0ZCajZTZG9GR25yNmVUOUxWRE9Cc1lrTl95S3V2bnBQdWVDbzBFSVVLMGN3UWpyR0FCc1hOSHdMNzlnQ1lNcGR3NV8wNzdHeEx6UjlFTTRtRWpDUkp5SVh6eUJTRlJyRzJDUzk2dmxfYzkycXlKcURIZzZpakxtRGJHdUhJVmZ2ZDdWTzlia1ZDN1JmbVBfaHozVFoyTmdYSm1IVmdtMkxfcE95V2VCMk5FbDROZlFBM0xZ0gHAAUFVX3lxTE9zS3g5cmRrNmVHVU4tR0cydHJsYmNWTGRMN0ZXTFV0b3JjeTc3TVBSQURnOTl6RFk1VTA1V25fS0tYcHdZSllLcGJzal82cHp5RWFtUEVkbklON1lYbU9TbTBPVlFTQUlQV2cwVWUzS1NSTm1PMWoyUHRDSFhZZFduamZENmlQc1NEN1lSX3dwSC04WVhHX3dUb0hQOHoxWktBRjU0WEt1NG1faEZSTVd5ODVMOGwxbFcyOGhhLXYzTw?oc=5\" target=\"_blank\" rel=\"nofollow noopener\">P\u015a w Engelbergu: Program zawod\u00f3w. O kt\u00f3rej konkursy? Gdzie b\u0119dzie transmisja?<\/a>&nbsp;&nbsp;Skijumping<\/li>\n<li><a href=\"https:\/\/news.google.com\/rss\/articles\/CBMiwgJBVV95cUxQQ1hGb3ZnbXV6NVRLajhyb2NHZ1lLRC1iclhFZFJrOFpOWVJHUExocmhDQ283TndhRXlnVEJGcVBfTlV0VE40SGJtSHQ4ZnZiNTlHVHJiSVNjd1JpTzlJNm84SXlHb21xUGRiQzNGc1Y0UkNhV1VXNmtOd3hJQXpnaWRRZC14bndzMF9PaXpuTVhrd3NBenFZeHRqQ1BlUFdRRU5FVzZCRVZiLXBUV0tmWlozdVpJUlFDcm84dnduZGluRlBPaFdqc1JGdlpqUkxjRHAxWFlBOVZYZDFYWU9tT3hYY2c2amMzbVN5dTBvRTlOOG9oTE5lX20zTWNiVGFBcVlMdGVfLWtTSFpWZXU3ZU5rU2NfTWVFQUtLOUNZR0hmem85el93djlFS1BOREVSemR5SFMyckVUUnA0SlR3TnBR?oc=5\" target=\"_blank\" rel=\"nofollow noopener\">23 sukcesy i spektakularny rekord. Polacy kochaj\u0105 t\u0119 skoczni\u0119<\/a>&nbsp;&nbsp;Eurosport Polska<\/li>\n<\/ol>\n","protected":false},"excerpt":{"rendered":"Polscy skoczkowie walcz\u0105 w Engelbergu! O kt\u00f3rej skoki? Gdzie ogl\u0105da\u0107?&nbsp;&nbsp;Przegl\u0105d Sportowy Onet Engelberg kolejnym przystankiem Pucharu \u015awiata. Polacy&hellip;\n","protected":false},"author":2,"featured_media":159800,"comment_status":"","ping_status":"","sticky":false,"template":"","format":"standard","meta":{"footnotes":""},"categories":[5],"tags":[32,33,3516,30697,36,37,27,67,3515,34,35,14478,28,31,25,3102,42,38,40,39,41,136,128,24409,47,1874,135,29,30,26,130],"class_list":{"0":"post-159799","1":"post","2":"type-post","3":"status-publish","4":"format-standard","5":"has-post-thumbnail","7":"category-naglowki","8":"tag-breaking-news","9":"tag-breakingnews","10":"tag-dawid_kubacki","11":"tag-engelberg","12":"tag-featured-news","13":"tag-featurednews","14":"tag-headlines","15":"tag-intextvideo_splayer","16":"tag-kamil_stoch","17":"tag-latest-news","18":"tag-latestnews","19":"tag-maciej_kot","20":"tag-naglowki","21":"tag-najwazniejsze-artykuly","22":"tag-news","23":"tag-piotr_zyla","24":"tag-pl","25":"tag-poland","26":"tag-polish","27":"tag-polska","28":"tag-polski","29":"tag-ps_detal_new","30":"tag-psv2","31":"tag-puchar_swiata","32":"tag-screening_general","33":"tag-skoki_narciarskie","34":"tag-sport_sport","35":"tag-top-stories","36":"tag-topstories","37":"tag-wiadomosci","38":"tag-wiadomosci_sportowe"},"share_on_mastodon":{"url":"","error":"Validation failed: Text character limit of 500 exceeded"},"_links":{"self":[{"href":"https:\/\/www.europesays.com\/pl\/wp-json\/wp\/v2\/posts\/159799","targetHints":{"allow":["GET"]}}],"collection":[{"href":"https:\/\/www.europesays.com\/pl\/wp-json\/wp\/v2\/posts"}],"about":[{"href":"https:\/\/www.europesays.com\/pl\/wp-json\/wp\/v2\/types\/post"}],"author":[{"embeddable":true,"href":"https:\/\/www.europesays.com\/pl\/wp-json\/wp\/v2\/users\/2"}],"replies":[{"embeddable":true,"href":"https:\/\/www.europesays.com\/pl\/wp-json\/wp\/v2\/comments?post=159799"}],"version-history":[{"count":0,"href":"https:\/\/www.europesays.com\/pl\/wp-json\/wp\/v2\/posts\/159799\/revisions"}],"wp:featuredmedia":[{"embeddable":true,"href":"https:\/\/www.europesays.com\/pl\/wp-json\/wp\/v2\/media\/159800"}],"wp:attachment":[{"href":"https:\/\/www.europesays.com\/pl\/wp-json\/wp\/v2\/media?parent=159799"}],"wp:term":[{"taxonomy":"category","embeddable":true,"href":"https:\/\/www.europesays.com\/pl\/wp-json\/wp\/v2\/categories?post=159799"},{"taxonomy":"post_tag","embeddable":true,"href":"https:\/\/www.europesays.com\/pl\/wp-json\/wp\/v2\/tags?post=159799"}],"curies":[{"name":"wp","href":"https:\/\/api.w.org\/{rel}","templated":true}]}}