{"id":159810,"date":"2025-12-19T12:17:09","date_gmt":"2025-12-19T12:17:09","guid":{"rendered":"https:\/\/www.europesays.com\/pl\/159810\/"},"modified":"2025-12-19T12:17:09","modified_gmt":"2025-12-19T12:17:09","slug":"mniej-pieniedzy-dla-prezydenta-miliony-pojda-na-zjazd-skautow","status":"publish","type":"post","link":"https:\/\/www.europesays.com\/pl\/159810\/","title":{"rendered":"Mniej pieni\u0119dzy dla prezydenta. Miliony p\u00f3jd\u0105 na zjazd skaut\u00f3w"},"content":{"rendered":"<p>Senatorowie zaaprobowali zmian\u0119 zmniejszaj\u0105c\u0105 bud\u017cet kancelarii prezydenta o\u00a03\u00a0mln z\u0142. Te \u015brodki maj\u0105 zosta\u0107 przeznaczone na przygotowanie 26. \u015awiatowego Jamboree Skautowe, kt\u00f3ry zaplanowano na 30 lipca-8 sierpnia 2027 r. na Wyspie Sobieszewskiej w\u00a0Gda\u0144sku. Do Polski ma przyjecha\u0107 ok 50 tys. skaut\u00f3w z\u00a0ca\u0142ego \u015bwiata. <\/p>\n<p>Jak czytamy na stronie internetowej Zwi\u0105zku Harcerstwa Polskiego Jamboree organizowane jest &#8222;co cztery lata i\u00a0gromadzi dziesi\u0105tki tysi\u0119cy skaut\u00f3w w\u00a0wieku od 14 do 17 lat z\u00a0ca\u0142ego \u015bwiata, aby promowa\u0107 wymian\u0119 kulturow\u0105, przyja\u017a\u0144 i\u00a0przygod\u0119&#8221;.<\/p>\n<p>Wychowa\u0142 geniuszy Open AI. M\u00f3wi ostro o\u00a0polonistach <\/p>\n<p>Ponadto &#8222;Jamboree stwarza m\u0142odym ludziom niepowtarzaln\u0105 okazj\u0119 do uczenia si\u0119 od siebie nawzajem, rozwijania umiej\u0119tno\u015bci przyw\u00f3dczych i\u00a0anga\u017cowania si\u0119 w\u00a0dzia\u0142ania na \u015bwie\u017cym powietrzu, przy jednoczesnym stosowaniu skautowych zasad s\u0142u\u017cby spo\u0142ecznej, rozwoju osobistego i\u00a0zarz\u0105dzania \u015brodowiskiem&#8221;.<\/p>\n<p>Uchwalona ustawa bud\u017cetowa powinna trafi\u0107 do prezydenta do podpisu w\u00a0ci\u0105gu czterech miesi\u0119cy od dnia przekazania projektu Sejmowi. Je\u017celi tak si\u0119 nie stanie, prezydent mo\u017ce w\u00a0ci\u0105gu 14 dni zarz\u0105dzi\u0107 skr\u00f3cenie kadencji Sejmu. Ustawa zasadnicza przewiduje, \u017ce prezydent podpisuje bud\u017cet w\u00a0ci\u0105gu siedmiu dni albo kieruje ustaw\u0119 bud\u017cetow\u0105 do Trybuna\u0142u Konstytucyjnego, kt\u00f3ry w\u00a0tej sprawie musi orzec nie p\u00f3\u017aniej ni\u017c w\u00a0ci\u0105gu dw\u00f3ch miesi\u0119cy od otrzymania ustawy.<\/p>\n<p><a href=\"https:\/\/www.money.pl\/wiadomosci\/kancelaria-prezydenta.html\" rel=\"noopener noreferrer nofollow\" target=\"_blank\">Kancelaria Prezydenta<\/a> Karola Nawrockiego domaga si\u0119 ponad 325 mln z\u0142. To o\u00a0prawie 9\u00a0proc. wi\u0119cej ni\u017c kwota znajduj\u0105ca si\u0119 w\u00a0ustawie bud\u017cetowej na 2025 r., gdzie zaplanowano 298,8 mln z\u0142. Na wi\u0119kszy bud\u017cet liczy tak\u017ce Trybuna\u0142 Konstytucyjny (z 52,6 mln z\u0142 do 72,8 mln z\u0142) czy Krajowa Rada Radiofonii i\u00a0Telewizji (skok z\u00a046,2 mln z\u0142 do 57,7 mln z\u0142). Natomiast Instytut Pami\u0119ci Narodowej zg\u0142osi\u0142 zapotrzebowanie na 682,7 mln z\u0142 wobec 583,0 mln z\u0142 w\u00a02025 r. To wzrost o\u00a099,7 mln z\u0142, czyli 18,8 proc. <\/p>\n","protected":false},"excerpt":{"rendered":"Senatorowie zaaprobowali zmian\u0119 zmniejszaj\u0105c\u0105 bud\u017cet kancelarii prezydenta o\u00a03\u00a0mln z\u0142. Te \u015brodki maj\u0105 zosta\u0107 przeznaczone na przygotowanie 26. \u015awiatowego&hellip;\n","protected":false},"author":2,"featured_media":159811,"comment_status":"","ping_status":"","sticky":false,"template":"","format":"standard","meta":{"footnotes":""},"categories":[5],"tags":[32,33,36,37,27,34,35,28,31,25,42,38,40,39,41,29,30,26],"class_list":{"0":"post-159810","1":"post","2":"type-post","3":"status-publish","4":"format-standard","5":"has-post-thumbnail","7":"category-naglowki","8":"tag-breaking-news","9":"tag-breakingnews","10":"tag-featured-news","11":"tag-featurednews","12":"tag-headlines","13":"tag-latest-news","14":"tag-latestnews","15":"tag-naglowki","16":"tag-najwazniejsze-artykuly","17":"tag-news","18":"tag-pl","19":"tag-poland","20":"tag-polish","21":"tag-polska","22":"tag-polski","23":"tag-top-stories","24":"tag-topstories","25":"tag-wiadomosci"},"share_on_mastodon":{"url":"https:\/\/pubeurope.com\/@pl\/115746193122371322","error":""},"_links":{"self":[{"href":"https:\/\/www.europesays.com\/pl\/wp-json\/wp\/v2\/posts\/159810","targetHints":{"allow":["GET"]}}],"collection":[{"href":"https:\/\/www.europesays.com\/pl\/wp-json\/wp\/v2\/posts"}],"about":[{"href":"https:\/\/www.europesays.com\/pl\/wp-json\/wp\/v2\/types\/post"}],"author":[{"embeddable":true,"href":"https:\/\/www.europesays.com\/pl\/wp-json\/wp\/v2\/users\/2"}],"replies":[{"embeddable":true,"href":"https:\/\/www.europesays.com\/pl\/wp-json\/wp\/v2\/comments?post=159810"}],"version-history":[{"count":0,"href":"https:\/\/www.europesays.com\/pl\/wp-json\/wp\/v2\/posts\/159810\/revisions"}],"wp:featuredmedia":[{"embeddable":true,"href":"https:\/\/www.europesays.com\/pl\/wp-json\/wp\/v2\/media\/159811"}],"wp:attachment":[{"href":"https:\/\/www.europesays.com\/pl\/wp-json\/wp\/v2\/media?parent=159810"}],"wp:term":[{"taxonomy":"category","embeddable":true,"href":"https:\/\/www.europesays.com\/pl\/wp-json\/wp\/v2\/categories?post=159810"},{"taxonomy":"post_tag","embeddable":true,"href":"https:\/\/www.europesays.com\/pl\/wp-json\/wp\/v2\/tags?post=159810"}],"curies":[{"name":"wp","href":"https:\/\/api.w.org\/{rel}","templated":true}]}}