{"id":159812,"date":"2025-12-19T12:18:11","date_gmt":"2025-12-19T12:18:11","guid":{"rendered":"https:\/\/www.europesays.com\/pl\/159812\/"},"modified":"2025-12-19T12:18:11","modified_gmt":"2025-12-19T12:18:11","slug":"marek-papszun-trenerem-legii-warszawa","status":"publish","type":"post","link":"https:\/\/www.europesays.com\/pl\/159812\/","title":{"rendered":"Marek Papszun trenerem Legii Warszawa"},"content":{"rendered":"\n<p class=\"contentpart contentpart--default contentpart--text\" data-position=\"0\">To bez w\u0105tpienia najwi\u0119ksze wydarzenie w pi\u0142karskiej Polsce w ostatnich miesi\u0105cach. Marek Papszun odchodzi z Rakowa Cz\u0119stochowa i przenosi si\u0119 do Legii Warszawa.<\/p>\n<p class=\"contentpart contentpart--default contentpart--text\" data-position=\"1\">W pi\u0105tek Papszun zosta\u0142 oficjalnie zaprezentowany w sto\u0142ecznym klubie. Podpisa\u0142 kontrakt do 30 czerwca 2028 roku.<\/p>\n<p> <img role=\"presentation\" src=\"https:\/\/std.wpcdn.pl\/images\/adv\/placeholder_wp.svg\" loading=\"lazy\" alt=\"\" decoding=\"async\"\/>  <\/p>\n<p class=\"contentpart contentpart--default contentpart--text\" data-position=\"2\">Legia zaczyna\u0142a sezon z Edwardem Iordanescu na \u0142awce rezerwowych. Rumun zosta\u0142 jednak zwolniony 31 pa\u017adziernika. Od tego czasu dru\u017cyn\u0119 prowadzi\u0142 Inaki Astiz, ale raczej z marnym efektem (wygra\u0142 zaledwie jeden z dziesi\u0119ciu mecz\u00f3w).<\/p>\n<p class=\"contentpart contentpart--default contentpart--text\" data-position=\"3\">W ostatnim czasie atmosfera wok\u00f3\u0142 Legii by\u0142a fatalna. I nie chodzi\u0142o tylko o wyniki, ale r\u00f3wnie\u017c (mo\u017ce nawet przede wszystkim?) beznadziejny styl.<\/p>\n<p class=\"contentpart contentpart--default contentpart--text\" data-position=\"4\">ZOBACZ WIDEO: #dziejesiewsporcie: Hukn\u0105\u0142 nie do obrony. Asysta pi\u0119t\u0105 skrad\u0142a show<\/p>\n<p class=\"contentpart contentpart--default contentpart--text\" data-position=\"6\">Teraz &#8211; w za\u0142o\u017ceniu &#8211; ma by\u0107 lepiej. Papszun w Legii to zupe\u0142nie nowe otwarcie. To znaczy &#8211; trudno, \u017ceby by\u0142o gorzej. Legia jest dzi\u015b na 17. miejscu w tabeli PKO Ekstraklasy, odpad\u0142a ju\u017c z Pucharu Polski i Ligi Konferencji.<\/p>\n<p> <img role=\"presentation\" src=\"https:\/\/std.wpcdn.pl\/images\/adv\/placeholder_wp.svg\" loading=\"lazy\" alt=\"\" decoding=\"async\"\/>  <\/p>\n<p class=\"contentpart contentpart--default contentpart--text\" data-position=\"7\">Papszun to najbardziej utytu\u0142owany trener w historii Rakowa. Zdoby\u0142 z tym zespo\u0142em mistrzostwo Polski, dwa razy Puchar Polski i dwa razy Superpuchar.<\/p>\n<p class=\"contentpart contentpart--default contentpart--text\" data-position=\"8\">&#8211; Ciesz\u0119 si\u0119, \u017ce trener Marek Papszun  b\u0119dzie z nami i wkr\u00f3tce rozpocznie prac\u0119 z dru\u017cyn\u0105. Doprowadzenie tego procesu do ko\u0144ca wymaga\u0142o du\u017cej determinacji obu stron i jest wyrazem naszego zaufania do kompetencji, do\u015bwiadczenia i charakteru trenera. Jednocze\u015bnie od pocz\u0105tku nowego roku powierzam ca\u0142o\u015bciowe zarz\u0105dzanie klubem Marcinowi Herra i wierz\u0119, \u017ce wsp\u00f3lnie z trenerem, w pe\u0142ni wykorzystaj\u0105 stworzone warunki i potencja\u0142 Legii, aby osi\u0105ga\u0107 wymagane rezultaty sportowe, organizacyjne i biznesowe &#8211; powiedzia\u0142 w\u0142a\u015bciciel klubu Dariusz Mioduski.<\/p>\n<p class=\"contentpart contentpart--default contentpart--text\" data-position=\"9\">Troch\u0119 to potrwa\u0142o, ale w ko\u0144cu Legia og\u0142osi\u0142a Papszuna jako nowego trenera. Zosta\u0142 wykupiony z Rakowa za ok. 300-400 tys. euro.<\/p>\n","protected":false},"excerpt":{"rendered":"To bez w\u0105tpienia najwi\u0119ksze wydarzenie w pi\u0142karskiej Polsce w ostatnich miesi\u0105cach. Marek Papszun odchodzi z Rakowa Cz\u0119stochowa i&hellip;\n","protected":false},"author":2,"featured_media":159813,"comment_status":"","ping_status":"","sticky":false,"template":"","format":"standard","meta":{"footnotes":""},"categories":[24],"tags":[713,2221,269,1724,42,38,40,39,41,127,126,4835,435],"class_list":{"0":"post-159812","1":"post","2":"type-post","3":"status-publish","4":"format-standard","5":"has-post-thumbnail","7":"category-sport","8":"tag-legia-warszawa","9":"tag-marek-papszun","10":"tag-pilka-nozna","11":"tag-pko-ekstraklasa","12":"tag-pl","13":"tag-poland","14":"tag-polish","15":"tag-polska","16":"tag-polski","17":"tag-sport","18":"tag-sports","19":"tag-stadion-miejski-legii-warszawa-im-marszalka-j-pilsudskiego","20":"tag-warszawa"},"share_on_mastodon":{"url":"https:\/\/pubeurope.com\/@pl\/115746197883068482","error":""},"_links":{"self":[{"href":"https:\/\/www.europesays.com\/pl\/wp-json\/wp\/v2\/posts\/159812","targetHints":{"allow":["GET"]}}],"collection":[{"href":"https:\/\/www.europesays.com\/pl\/wp-json\/wp\/v2\/posts"}],"about":[{"href":"https:\/\/www.europesays.com\/pl\/wp-json\/wp\/v2\/types\/post"}],"author":[{"embeddable":true,"href":"https:\/\/www.europesays.com\/pl\/wp-json\/wp\/v2\/users\/2"}],"replies":[{"embeddable":true,"href":"https:\/\/www.europesays.com\/pl\/wp-json\/wp\/v2\/comments?post=159812"}],"version-history":[{"count":0,"href":"https:\/\/www.europesays.com\/pl\/wp-json\/wp\/v2\/posts\/159812\/revisions"}],"wp:featuredmedia":[{"embeddable":true,"href":"https:\/\/www.europesays.com\/pl\/wp-json\/wp\/v2\/media\/159813"}],"wp:attachment":[{"href":"https:\/\/www.europesays.com\/pl\/wp-json\/wp\/v2\/media?parent=159812"}],"wp:term":[{"taxonomy":"category","embeddable":true,"href":"https:\/\/www.europesays.com\/pl\/wp-json\/wp\/v2\/categories?post=159812"},{"taxonomy":"post_tag","embeddable":true,"href":"https:\/\/www.europesays.com\/pl\/wp-json\/wp\/v2\/tags?post=159812"}],"curies":[{"name":"wp","href":"https:\/\/api.w.org\/{rel}","templated":true}]}}