{"id":159818,"date":"2025-12-19T12:22:10","date_gmt":"2025-12-19T12:22:10","guid":{"rendered":"https:\/\/www.europesays.com\/pl\/159818\/"},"modified":"2025-12-19T12:22:10","modified_gmt":"2025-12-19T12:22:10","slug":"ales-bialacki-o-bialoruskim-wiezieniu-traktowano-nas-tak-jak-traktuje-sie-bydlo","status":"publish","type":"post","link":"https:\/\/www.europesays.com\/pl\/159818\/","title":{"rendered":"Ale\u015b Bialacki o bia\u0142oruskim wi\u0119zieniu. &#8222;Traktowano nas tak, jak traktuje si\u0119 byd\u0142o&#8221;"},"content":{"rendered":"<ul class=\"UnorderedList_container__nmfSl\">\n<li class=\"UnorderedList_listElement__Py7xi\" data-id=\"ai-summary-link\">Du\u017co czytania, a ma\u0142o czasu? Sprawd\u017a\u00a0skr\u00f3t\u00a0artyku\u0142u<\/li>\n<\/ul>\n<p class=\"Paragraph_desktopParagraph__U31Gm\">W rozmowie z &#8222;Rzeczpospolit\u0105&#8221; Bialacki przyznaje, \u017ce w \u0142agrze &#8222;by\u0142o bardzo ci\u0119\u017cko&#8221;, a system penitencjarny na Bia\u0142orusi si\u0119ga korzeniami bezpo\u015brednio do systemu panuj\u0105cego w czasach ZSRR. Od tamtej pory \u2014 jak m\u00f3wi \u2014 niewiele si\u0119 zmieni\u0142o \u2014 wi\u0119zie\u0144 jest pozbawiony wszelkich praw, jest poni\u017cany i zniewa\u017cany, a administracja kolonii odbiera wi\u0119\u017aniom poczucie w\u0142asnej warto\u015bci.<\/p>\n<p class=\"VideoPlayerText_videoPlayerText__iDwyz\">Dalszy ci\u0105g materia\u0142u pod wideo<\/p>\n<p class=\"Paragraph_desktopParagraph__U31Gm\">Wed\u0142ug Bialackiego, na pocz\u0105tku, w mi\u0144skim areszcie \u015bledczym, &#8222;by\u0142o jeszcze jako tako \u2014 by\u0142o mniej presji, ale ju\u017c w kolonii karnej poczuli\u015bmy pe\u0142ne obroty systemu represyjnego&#8221;. Laureat Pokojowej Nagrody Nobla przypomina r\u00f3wnie\u017c, \u017ce by\u0142 ju\u017c pozbawiony wolno\u015bci w latach 2011\u2014 2014, jednak warunki w 2021 r. &#8222;by\u0142y ju\u017c znacznie gorsze ni\u017c dziesi\u0119\u0107 lat wcze\u015bniej&#8221;.<\/p>\n<ul class=\"OchatFollowUps_wrapper__1ry7X\">\n<li class=\"OchatFollowUps_item__Dhyly OchatFollowUps_itemDesktop__R6aBv\">Jakie by\u0142y warunki w bia\u0142oruskim \u0142agrze?<\/li>\n<li class=\"OchatFollowUps_item__Dhyly OchatFollowUps_itemDesktop__R6aBv\">Co m\u00f3wi Ale\u015b Bialacki o kontaktach z bliskimi?<\/li>\n<li class=\"OchatFollowUps_item__Dhyly OchatFollowUps_itemDesktop__R6aBv\">Jakie kary spotyka\u0142y wi\u0119\u017ani\u00f3w w kolonii karnej?<\/li>\n<li class=\"OchatFollowUps_item__Dhyly OchatFollowUps_itemDesktop__R6aBv\">Jak d\u0142ugo Ale\u015b Bialacki by\u0142 pozbawiony wolno\u015bci?<\/li>\n<\/ul>\n<p class=\"Paragraph_desktopParagraph__U31Gm\">&#8222;Prawie pozbawiono nas nawet kontaktu z bliskimi \u2014 w tym roku od \u017cony otrzyma\u0142em tylko jeden list. Raz na dwa lub trzy miesi\u0105ce mog\u0142em zadzwoni\u0107. Czasami prosi\u0142em wsp\u00f3\u0142wi\u0119\u017ani\u00f3w, kt\u00f3rzy wychodzili na wolno\u015b\u0107, by po opuszczeniu kolonii zadzwonili i przekazali rodzinie, \u017ce \u017cyj\u0119. Mierzy\u0142em si\u0119 z ci\u0105g\u0142\u0105 presj\u0105 psychiczn\u0105 ze strony administracji. Karano za ka\u017cdy drobiazg: \u017ale si\u0119 ogoli\u0142em, kiepsko wyczy\u015bci\u0142em buty, \u017ale posprz\u0105ta\u0142em czy rozmawia\u0142em podczas kontroli&#8221; \u2014 m\u00f3wi.<\/p>\n<p>Prowokacje, kary, izolacja. &#8222;Mo\u017cna porusza\u0107 si\u0119 wy\u0142\u0105cznie w szyku&#8221; <\/p>\n<p class=\"Paragraph_desktopParagraph__U31Gm\">Dodaje, \u017ce dochodzi\u0142o te\u017c do prowokacji. &#8222;Przyszed\u0142 brygadzista i powiedzia\u0142, \u017ce zawo\u0142ano mnie do punktu kontrolnego. Uda\u0142em si\u0119 tam, ale us\u0142ysza\u0142em, \u017ce nikt mnie nie wo\u0142a\u0142. Dwadzie\u015bcia sekund p\u00f3\u017aniej zjawi\u0142 si\u0119 stra\u017cnik i zosta\u0142em ukarany za to, \u017ce rzekomo porusza\u0142em si\u0119 samowolnie. Tam mo\u017cna porusza\u0107 si\u0119 wy\u0142\u0105cznie w szyku&#8221; \u2014 opowiada.<\/p>\n<p class=\"Paragraph_desktopParagraph__U31Gm\">Bialacki przez lata w \u0142agrze by\u0142 karany za r\u00f3\u017cnego rodzaju &#8222;przewinienia&#8221;. W tym czasie pozbawiano go mo\u017cliwo\u015bci otrzymywania przesy\u0142ek, widze\u0144, kierowano do izolatki, &#8222;ale najgorsze by\u0142y tzw. pomieszczenia typu cela (PKT)&#8221;.<\/p>\n<p class=\"Paragraph_desktopParagraph__U31Gm\">&#8222;Siedzia\u0142em tam razem z innym wi\u0119\u017aniem. To niewielki pok\u00f3j, dziennie mieli\u015bmy zaledwie 20 minut spaceru. Jedynym \u017ar\u00f3d\u0142em informacji by\u0142a ksi\u0105\u017cka z biblioteki, kt\u00f3r\u0105 raz w tygodniu mo\u017cna by\u0142o wymieni\u0107 na inn\u0105. Na szcz\u0119\u015bcie nie trzymano mnie tam samego \u2014 s\u0142ysza\u0142em historie ludzi, kt\u00f3rzy sp\u0119dzili w ca\u0142kowitej izolacji ponad rok. A mog\u0105 te\u017c p\u00f3j\u015b\u0107 jeszcze dalej i po czterech \u2014 pi\u0119ciu &#8222;naruszeniach&#8221; wszcz\u0105\u0107 kolejn\u0105 spraw\u0119 karn\u0105 i doda\u0107 kolejny rok wi\u0119zienia. Mog\u0105 w niesko\u0144czono\u015b\u0107 to wyd\u0142u\u017ca\u0107&#8221; \u2014 powiedzia\u0142 Bialacki w wywiadzie dla &#8222;Rzeczpospolitej&#8221;.<\/p>\n","protected":false},"excerpt":{"rendered":"Du\u017co czytania, a ma\u0142o czasu? Sprawd\u017a\u00a0skr\u00f3t\u00a0artyku\u0142u W rozmowie z &#8222;Rzeczpospolit\u0105&#8221; Bialacki przyznaje, \u017ce w \u0142agrze &#8222;by\u0142o bardzo ci\u0119\u017cko&#8221;,&hellip;\n","protected":false},"author":2,"featured_media":159819,"comment_status":"","ping_status":"","sticky":false,"template":"","format":"standard","meta":{"footnotes":""},"categories":[14],"tags":[29945,32,33,31625,27,67,4405,34,35,28,31,53,25,52,68,51,55,40,41,47,80,29,30,65,50,26,82,83,84],"class_list":{"0":"post-159818","1":"post","2":"type-post","3":"status-publish","4":"format-standard","5":"has-post-thumbnail","7":"category-swiat","8":"tag-ales_bialacki","9":"tag-breaking-news","10":"tag-breakingnews","11":"tag-gulag_radziecki_system_wiezien","12":"tag-headlines","13":"tag-intextvideo_splayer","14":"tag-kolonia","15":"tag-latest-news","16":"tag-latestnews","17":"tag-naglowki","18":"tag-najwazniejsze-artykuly","19":"tag-new_header","20":"tag-news","21":"tag-onet3","22":"tag-onet3d","23":"tag-onet3d_2i","24":"tag-phx","25":"tag-polish","26":"tag-polski","27":"tag-screening_general","28":"tag-swiat","29":"tag-top-stories","30":"tag-topstories","31":"tag-update_me","32":"tag-v2021","33":"tag-wiadomosci","34":"tag-world","35":"tag-world-news","36":"tag-worldnews"},"share_on_mastodon":{"url":"https:\/\/pubeurope.com\/@pl\/115746212723087159","error":""},"_links":{"self":[{"href":"https:\/\/www.europesays.com\/pl\/wp-json\/wp\/v2\/posts\/159818","targetHints":{"allow":["GET"]}}],"collection":[{"href":"https:\/\/www.europesays.com\/pl\/wp-json\/wp\/v2\/posts"}],"about":[{"href":"https:\/\/www.europesays.com\/pl\/wp-json\/wp\/v2\/types\/post"}],"author":[{"embeddable":true,"href":"https:\/\/www.europesays.com\/pl\/wp-json\/wp\/v2\/users\/2"}],"replies":[{"embeddable":true,"href":"https:\/\/www.europesays.com\/pl\/wp-json\/wp\/v2\/comments?post=159818"}],"version-history":[{"count":0,"href":"https:\/\/www.europesays.com\/pl\/wp-json\/wp\/v2\/posts\/159818\/revisions"}],"wp:featuredmedia":[{"embeddable":true,"href":"https:\/\/www.europesays.com\/pl\/wp-json\/wp\/v2\/media\/159819"}],"wp:attachment":[{"href":"https:\/\/www.europesays.com\/pl\/wp-json\/wp\/v2\/media?parent=159818"}],"wp:term":[{"taxonomy":"category","embeddable":true,"href":"https:\/\/www.europesays.com\/pl\/wp-json\/wp\/v2\/categories?post=159818"},{"taxonomy":"post_tag","embeddable":true,"href":"https:\/\/www.europesays.com\/pl\/wp-json\/wp\/v2\/tags?post=159818"}],"curies":[{"name":"wp","href":"https:\/\/api.w.org\/{rel}","templated":true}]}}