{"id":159820,"date":"2025-12-19T12:23:12","date_gmt":"2025-12-19T12:23:12","guid":{"rendered":"https:\/\/www.europesays.com\/pl\/159820\/"},"modified":"2025-12-19T12:23:12","modified_gmt":"2025-12-19T12:23:12","slug":"usa-daly-polsce-wyjatkowy-status-w-g20-tego-nie-ma-zaden-inny-kraj-polskie-radio-24","status":"publish","type":"post","link":"https:\/\/www.europesays.com\/pl\/159820\/","title":{"rendered":"USA da\u0142y Polsce wyj\u0105tkowy status w G20. Tego nie ma \u017caden inny kraj &#8211; Polskie Radio 24"},"content":{"rendered":"<ol>\n<li><a href=\"https:\/\/news.google.com\/rss\/articles\/CBMirAFBVV95cUxOTmY3MmNDYjFDdDkxT2ZSUENfeGpUV0JLZmpKRTdLQXdqbnpJU1A4WUZYQTlUczRpbVBockdIcGpOTFl6bkt6d3hYYzB4dWgwcHB5VWVlZVc0djAxXzBIekp1Q1hWVWJfUmR2cjJsN0NQOWxBa0RfWVhwZV93QTFhanBSTnkyY3BzanZsYlU4QTdLZUFFbWFZT1lpZUM5M2xHTFBCU2cyRkRtSFNI?oc=5\" target=\"_blank\" rel=\"nofollow noopener\">USA da\u0142y Polsce wyj\u0105tkowy status w G20. Tego nie ma \u017caden inny kraj<\/a>&nbsp;&nbsp;Polskie Radio 24<\/li>\n<li><a href=\"https:\/\/news.google.com\/rss\/articles\/CBMivAFBVV95cUxNN3VnbGRaSGtUMmp3dDdLbUtCX29LRGh5N1BmZmdSa2FFWkg1OXd2UTlGekJ6TmhySEl4R3c0QlhfZE5PaGNRXzMxVjlCRVFXMTlEUFhhVmVlWFJDN04tbjlqN0MxZEFnajhTOVlqaU0zQ0t5SDUwRzBHRUNfSUJwRFZuUGVQajVLdEo2QlpROFBGc2pzd3NBYnRqOGlxbTNDMTdjTi0zMEFnU2FGWWNsN2RSQTM5ZVdTV2JPQg?oc=5\" target=\"_blank\" rel=\"nofollow noopener\">Zagraniczne media pisz\u0105 o &#8222;os\u0142abieniu Polski&#8221;. Powodem k\u0142\u00f3tnia o G20<\/a>&nbsp;&nbsp;Gazeta<\/li>\n<li><a href=\"https:\/\/news.google.com\/rss\/articles\/CBMiuAFBVV95cUxNUDNKX3hVbFprMDF1c0R5WkNQMlRLdGZFU3pWQzZVU1FCbDJQSDBpN0tSd2gzYkU5YjFpM0ExQk9LRzRFMjZaMHhwVzlJdUZCbktTYnZZc19LS1hVOUZiOTJiN2ZmR3lJSnRxVWY0eGlPLTI5WmFhbGlacWxBNmhwU0JPSUY5azNZcFpaLUlyZXJpMXpsTURuX2tHWjhRbk1pSS12OWotaTQwWHY0WjNQZWc5ck14Szkx?oc=5\" target=\"_blank\" rel=\"nofollow noopener\">W\u015bciek\u0142o\u015b\u0107 i festiwal oskar\u017ce\u0144 w Warszawie. Politico: &#8222;gra w cykora&#8221; Tuska z Nawrockim os\u0142abia pozycj\u0119 Polski<\/a>&nbsp;&nbsp;Onet Wiadomo\u015bci<\/li>\n<li><a href=\"https:\/\/news.google.com\/rss\/articles\/CBMidkFVX3lxTE5MT0RSTm5KTXh4cXh4WlFNU2dKMjR3NHlGSHV1elVkOEhqUFNEQWFRWnJJdVZQbHotaUxvbmVPNnM1TUU1RTRXUkpYamxJNHhpUTNfZFBFV0tGc3pScmx2Y0dqaktCMGx0S2pjN0NBWDZ2YXNaMVE?oc=5\" target=\"_blank\" rel=\"nofollow noopener\">Nowy konflikt rz\u0105du z Pa\u0142acem Prezydenckim. Teraz chodzi o obrady grupy G20<\/a>&nbsp;&nbsp;Wyborcza.pl<\/li>\n<li><a href=\"https:\/\/news.google.com\/rss\/articles\/CBMimwFBVV95cUxPODJHeDFVampfUFFZaFVvNnBtU24taVFLRlVfMmFQU2RvaEYyNHNfYXpLVUZRYjNhNFJ3UlNXU3BJenpwYm9jVEpROWswNHdlRG1oMkc3WVVBcDJBa1YzVkt0U3Y1dC1QNjJQRkowZVdWWmkweWJJQ1oyQTNleElSN0JmLWdWSVdVVFhUY3NMSG1TVng1dHFES3lCQQ?oc=5\" target=\"_blank\" rel=\"nofollow noopener\">Wizyta Przydacza w USA przed G20. Motyka: polecia\u0142 si\u0119 lansowa\u0107<\/a>&nbsp;&nbsp;TVN24<\/li>\n<\/ol>\n","protected":false},"excerpt":{"rendered":"USA da\u0142y Polsce wyj\u0105tkowy status w G20. Tego nie ma \u017caden inny kraj&nbsp;&nbsp;Polskie Radio 24 Zagraniczne media pisz\u0105&hellip;\n","protected":false},"author":2,"featured_media":159821,"comment_status":"","ping_status":"","sticky":false,"template":"","format":"standard","meta":{"footnotes":""},"categories":[12],"tags":[32,33,36,37,27,34,35,28,31,25,42,38,40,39,41,29,30,26],"class_list":{"0":"post-159820","1":"post","2":"type-post","3":"status-publish","4":"format-standard","5":"has-post-thumbnail","7":"category-polska","8":"tag-breaking-news","9":"tag-breakingnews","10":"tag-featured-news","11":"tag-featurednews","12":"tag-headlines","13":"tag-latest-news","14":"tag-latestnews","15":"tag-naglowki","16":"tag-najwazniejsze-artykuly","17":"tag-news","18":"tag-pl","19":"tag-poland","20":"tag-polish","21":"tag-polska","22":"tag-polski","23":"tag-top-stories","24":"tag-topstories","25":"tag-wiadomosci"},"share_on_mastodon":{"url":"https:\/\/pubeurope.com\/@pl\/115746216850340048","error":""},"_links":{"self":[{"href":"https:\/\/www.europesays.com\/pl\/wp-json\/wp\/v2\/posts\/159820","targetHints":{"allow":["GET"]}}],"collection":[{"href":"https:\/\/www.europesays.com\/pl\/wp-json\/wp\/v2\/posts"}],"about":[{"href":"https:\/\/www.europesays.com\/pl\/wp-json\/wp\/v2\/types\/post"}],"author":[{"embeddable":true,"href":"https:\/\/www.europesays.com\/pl\/wp-json\/wp\/v2\/users\/2"}],"replies":[{"embeddable":true,"href":"https:\/\/www.europesays.com\/pl\/wp-json\/wp\/v2\/comments?post=159820"}],"version-history":[{"count":0,"href":"https:\/\/www.europesays.com\/pl\/wp-json\/wp\/v2\/posts\/159820\/revisions"}],"wp:featuredmedia":[{"embeddable":true,"href":"https:\/\/www.europesays.com\/pl\/wp-json\/wp\/v2\/media\/159821"}],"wp:attachment":[{"href":"https:\/\/www.europesays.com\/pl\/wp-json\/wp\/v2\/media?parent=159820"}],"wp:term":[{"taxonomy":"category","embeddable":true,"href":"https:\/\/www.europesays.com\/pl\/wp-json\/wp\/v2\/categories?post=159820"},{"taxonomy":"post_tag","embeddable":true,"href":"https:\/\/www.europesays.com\/pl\/wp-json\/wp\/v2\/tags?post=159820"}],"curies":[{"name":"wp","href":"https:\/\/api.w.org\/{rel}","templated":true}]}}