{"id":159822,"date":"2025-12-19T12:24:11","date_gmt":"2025-12-19T12:24:11","guid":{"rendered":"https:\/\/www.europesays.com\/pl\/159822\/"},"modified":"2025-12-19T12:24:11","modified_gmt":"2025-12-19T12:24:11","slug":"gwiazdy-na-pogrzebie-magdy-umer-tak-pozegnali-legendarna-artystke","status":"publish","type":"post","link":"https:\/\/www.europesays.com\/pl\/159822\/","title":{"rendered":"Gwiazdy na pogrzebie Magdy Umer. Tak po\u017cegnali legendarn\u0105 artystk\u0119"},"content":{"rendered":"<p class=\"article-p\" data-section=\"detail-body\"><a href=\"https:\/\/ludzie.fakt.pl\/gwiazdy-na-pogrzebie-magdy-umer-tak-pozegnali-legendarna-artystke\/5vfezpc\" id=\"c7f9135f-bd68-440a-aada-2a63ef59dc83\" rel=\"nofollow noopener\" target=\"_blank\">Magda Umer<\/a> swoj\u0105 artystyczn\u0105 drog\u0119 rozpocz\u0119\u0142a pod koniec lat 60., wyst\u0119puj\u0105c w studenckich kabaretach, m.in. w warszawskiej &#8222;Stodole&#8221;. Prze\u0142om nast\u0105pi\u0142 w 1969 r., po udanym wyst\u0119pie na Zimowej Gie\u0142dzie Piosenki z utworem &#8222;Je\u015bli my\u015blisz, \u017ce ja ci\u0119 nie kocham, to si\u0119 mylisz&#8221;, kt\u00f3ry zapewni\u0142 jej udzia\u0142 w konkursie &#8222;Debiut\u00f3w&#8221; podczas 7. Krajowego Festiwalu Piosenki Polskiej w Opolu. Jej interpretacja piosenki &#8222;Jed\u017a na urlop, Romeo&#8221; zosta\u0142a tam nagrodzona wyr\u00f3\u017cnieniem.<\/p>\n<p class=\"article-p\" data-section=\"detail-body\">Nied\u0142ugo p\u00f3\u017aniej Magda Umer zdoby\u0142a kolejne laury, wygrywaj\u0105c Festiwal Artystyczny M\u0142odzie\u017cy Akademickiej dzi\u0119ki piosence &#8222;Jestem ca\u0142a w twoich r\u0119kach\u2026&#8221;. Rok 1970 przyni\u00f3s\u0142 jej zwyci\u0119stwo na FAMIE z utworem &#8222;Koncert jesienny na dwa \u015bwierszcze i wiatr w kominie\u2026&#8221;, kt\u00f3ry zosta\u0142 wyr\u00f3\u017cniony tak\u017ce podczas 9. edycji festiwalu w Opolu.<\/p>\n<p class=\"article-p\" data-section=\"detail-body\">W 1972 r. wyst\u0105pi\u0142a w Opolu, \u015bpiewaj\u0105c &#8222;O niebieskim pachn\u0105cym groszku&#8221;. Planowany duet z Andrzejem Nardellim nie doszed\u0142 do skutku z powodu jego nag\u0142ej \u015bmierci tu\u017c przed fina\u0142em festiwalu. Artystka wsp\u00f3\u0142tworzy\u0142a r\u00f3wnie\u017c scenariusz koncertu &#8222;Polska poezja \u015bpiewana&#8221;, prezentowanego podczas 12. i 13. KFPP w Opolu.<\/p>\n<p>        Gwiazdy na pogrzebie Magdy Umer. Tak \u017cegnali legendarn\u0105 artystk\u0119<\/p>\n<p class=\"article-p\" data-section=\"detail-body\">W pi\u0105tek 19 grudnia w sali po\u017cegna\u0144 na Cmentarzu Wojskowym na Pow\u0105zkach w Warszawie, wystawiono urn\u0119 z prochami Magdy Umer, otoczon\u0105 wie\u0144cem. Obok znalaz\u0142y si\u0119 dwie fotografie: portret artystki oraz zdj\u0119cie Magdy Umer stoj\u0105cej w polu s\u0142onecznik\u00f3w. Na honorowym miejscu umieszczono tak\u017ce Z\u0142oty Medal &#8222;Zas\u0142u\u017cony Kulturze Gloria Artis&#8221;.<\/p>\n<p class=\"article-p\" data-section=\"detail-body\">Na uroczysto\u015bci pogrzebowe przyby\u0142a m.in. Krystyna Janda, Wojciech Mann, Gabriela Muska\u0142a, Zbigniew Zamachowski, Janusz Gajos i Andrzej Seweryn.<\/p>\n<p class=\"article-p\" data-section=\"detail-body\"><a href=\"https:\/\/ludzie.fakt.pl\/ostatnie-zyczenie-magdy-umer-spelnione-znamy-miejsce-jej-spoczynku\/0r7rvrv\" id=\"0aed3649-6586-4628-a606-3f6564647b2e\" rel=\"nofollow noopener\" target=\"_blank\">Wiadomo gdzie spocznie Magda Umer. Na nagrobku pojawi si\u0119 inne imi\u0119 i nazwisko<\/a><\/p>\n<p class=\"article-p\" data-section=\"detail-body\"><a href=\"https:\/\/ludzie.fakt.pl\/pogrzeb-magdy-umer-odbyl-sie-bez-mediow-rodzina-spelnila-jej-zyczenie\/sxyklw5\" id=\"02774a3a-3df5-4f30-96e9-585fdf49a8af\" rel=\"nofollow noopener\" target=\"_blank\">Rozpocz\u0105\u0142 si\u0119 pogrzeb Magdy Umer. Rodzina mia\u0142a wa\u017cn\u0105 pro\u015bb\u0119<\/a><\/p>\n<p class=\"article-p\" data-section=\"detail-body\"><a href=\"https:\/\/ludzie.fakt.pl\/pogrzeb-magdy-umer-wiemy-kiedy-odbedzie-sie-ceremonia\/jyl4ymh\" id=\"8a880854-9668-4acb-9e4b-a53804beca46\" rel=\"nofollow noopener\" target=\"_blank\">Ostatnie miesi\u0105ce Magdy Umer by\u0142y pe\u0142ne walki. Ceremonia po\u017cegnalna ju\u017c ustalona<\/a><\/p>\n<p>        \/12<\/p>\n<p>                    <img decoding=\"async\" class=\"article-image-img\" loading=\"lazy\" alt=\"\" src=\"https:\/\/www.europesays.com\/pl\/wp-content\/uploads\/2025\/12\/0rpk9kuTURBXy8wZjhhZDk1My1lYTkxLTQ4NmQtOTE3Ny0yMmZiZGNlNGRhMmQuanBlZ5GTAs0DSM0CL94AAqEwAaExAQ.jpeg\" width=\"840\" height=\"559\"\/><\/p>\n<p>                  &#8211; \/ Kapif<\/p>\n<p class=\"article-gallery-p\">\n        Janusz Gajos z \u017con\u0105 i Andrzej Seweryn.\n    <\/p>\n<p>        \/12<\/p>\n<p>                    <img decoding=\"async\" class=\"article-image-img\" loading=\"lazy\" alt=\"\" src=\"https:\/\/www.europesays.com\/pl\/wp-content\/uploads\/2025\/12\/gD6k9kuTURBXy9lNjc1NzFhZC0yMjdlLTQyMGQtODIwZS00OThiY2RlMzE5YmYuanBlZ5GTAs0DSM0E7N4AAqEwAaExAQ.jpeg\" width=\"840\" height=\"1260\"\/><\/p>\n<p>                  &#8211; \/ Kapif<\/p>\n<p class=\"article-gallery-p\">\n        Wiktor Zborowski.\n    <\/p>\n","protected":false},"excerpt":{"rendered":"Magda Umer swoj\u0105 artystyczn\u0105 drog\u0119 rozpocz\u0119\u0142a pod koniec lat 60., wyst\u0119puj\u0105c w studenckich kabaretach, m.in. w warszawskiej &#8222;Stodole&#8221;.&hellip;\n","protected":false},"author":2,"featured_media":159823,"comment_status":"","ping_status":"","sticky":false,"template":"","format":"standard","meta":{"footnotes":""},"categories":[5],"tags":[32,33,36,37,27,34,35,28,31,25,42,38,40,39,41,29,30,26],"class_list":{"0":"post-159822","1":"post","2":"type-post","3":"status-publish","4":"format-standard","5":"has-post-thumbnail","7":"category-naglowki","8":"tag-breaking-news","9":"tag-breakingnews","10":"tag-featured-news","11":"tag-featurednews","12":"tag-headlines","13":"tag-latest-news","14":"tag-latestnews","15":"tag-naglowki","16":"tag-najwazniejsze-artykuly","17":"tag-news","18":"tag-pl","19":"tag-poland","20":"tag-polish","21":"tag-polska","22":"tag-polski","23":"tag-top-stories","24":"tag-topstories","25":"tag-wiadomosci"},"share_on_mastodon":{"url":"https:\/\/pubeurope.com\/@pl\/115746220892758455","error":""},"_links":{"self":[{"href":"https:\/\/www.europesays.com\/pl\/wp-json\/wp\/v2\/posts\/159822","targetHints":{"allow":["GET"]}}],"collection":[{"href":"https:\/\/www.europesays.com\/pl\/wp-json\/wp\/v2\/posts"}],"about":[{"href":"https:\/\/www.europesays.com\/pl\/wp-json\/wp\/v2\/types\/post"}],"author":[{"embeddable":true,"href":"https:\/\/www.europesays.com\/pl\/wp-json\/wp\/v2\/users\/2"}],"replies":[{"embeddable":true,"href":"https:\/\/www.europesays.com\/pl\/wp-json\/wp\/v2\/comments?post=159822"}],"version-history":[{"count":0,"href":"https:\/\/www.europesays.com\/pl\/wp-json\/wp\/v2\/posts\/159822\/revisions"}],"wp:featuredmedia":[{"embeddable":true,"href":"https:\/\/www.europesays.com\/pl\/wp-json\/wp\/v2\/media\/159823"}],"wp:attachment":[{"href":"https:\/\/www.europesays.com\/pl\/wp-json\/wp\/v2\/media?parent=159822"}],"wp:term":[{"taxonomy":"category","embeddable":true,"href":"https:\/\/www.europesays.com\/pl\/wp-json\/wp\/v2\/categories?post=159822"},{"taxonomy":"post_tag","embeddable":true,"href":"https:\/\/www.europesays.com\/pl\/wp-json\/wp\/v2\/tags?post=159822"}],"curies":[{"name":"wp","href":"https:\/\/api.w.org\/{rel}","templated":true}]}}