{"id":159824,"date":"2025-12-19T12:25:13","date_gmt":"2025-12-19T12:25:13","guid":{"rendered":"https:\/\/www.europesays.com\/pl\/159824\/"},"modified":"2025-12-19T12:25:13","modified_gmt":"2025-12-19T12:25:13","slug":"przegrali-z-lechem-i-byli-poza-lke-a-tu-nagle-takie-wiesci-i-euforia","status":"publish","type":"post","link":"https:\/\/www.europesays.com\/pl\/159824\/","title":{"rendered":"Przegrali z Lechem i byli poza LKE. A tu nagle takie wie\u015bci i euforia"},"content":{"rendered":"\n<p class=\"contentpart contentpart--default contentpart--text\" data-position=\"0\"><a href=\"https:\/\/sportowefakty.wp.pl\/pilka-nozna\/lech-poznan\" rel=\"nofollow noopener\" target=\"_blank\">Lech Pozna\u0144<\/a>\u00a0zako\u0144czy\u0142 faz\u0119 ligow\u0105 Ligi Konferencji zwyci\u0119stwem 2:1 nad <a href=\"https:\/\/sportowefakty.wp.pl\/pilka-nozna\/sigma-olomuniec\" rel=\"nofollow noopener\" target=\"_blank\">Sigm\u0105 O\u0142omuniec<\/a>. Obie bramki dla &#8222;Kolejorza&#8221; zdoby\u0142 Mikael Ishak. Gospodarze strzelili gola kontaktowego w ko\u0144c\u00f3wce, ale wszystko i tak wskazywa\u0142o, \u017ce po\u017cegnaj\u0105 si\u0119 z rogrywkami.<\/p>\n<p class=\"contentpart contentpart--default contentpart--text\" data-position=\"1\">Czeski portal olomoucky.denik.cz pisze o &#8222;meczu, kt\u00f3ry przyprawia\u0142 o palpitacje serca&#8221;. Po ko\u0144cowym gwizdku Sigma by\u0142a poza gr\u0105 na wiosn\u0119. Wszystko zmieni\u0142 gol AEK-u Ateny w doliczonym czasie gry w starciu z Universitatea Craiova (w 15. minucie doliczonego czasu). To w\u0142a\u015bnie ten wynik, z zupe\u0142nie innego stadionu, da\u0142 Czechom upragnione 24. miejsce &#8211; ostatnie premiowane awansem do fazy play-off.<\/p>\n<p> <img role=\"presentation\" src=\"https:\/\/std.wpcdn.pl\/images\/adv\/placeholder_wp.svg\" loading=\"lazy\" alt=\"\" decoding=\"async\"\/>  <\/p>\n<p class=\"contentpart contentpart--default contentpart--text\" data-position=\"2\">&#8222;Zamiast smutku &#8211; zwrot akcji i euforia&#8221; \u2013 podsumowuje wspomniany portal.\u00a0<\/p>\n<p class=\"contentpart contentpart--default contentpart--text\" data-position=\"3\">&#8222;Awans z odrobin\u0105 szcz\u0119\u015bcia! Sigma mo\u017ce dzi\u0119kowa\u0107 innym&#8221; &#8211; pisze inny czeski portal,\u00a0isport.blesk.cz.<\/p>\n<p class=\"contentpart contentpart--default contentpart--text\" data-position=\"4\">&#8222;Niewiarygodne szcz\u0119\u015bcie O\u0142omu\u0144ca. Kompromitacj\u0119 Sigmy oddali\u0142a 15. minuta doliczonego czasu\u2026 innego meczu&#8221; &#8211; czytamy w serwisie\u00a0sport.aktualne.cz.<\/p>\n<p class=\"contentpart contentpart--default contentpart--text\" data-position=\"5\">W fazie play-off Sigma zagra z\u00a0FC Lausanne-Sport lub\u00a0Crystal Palace. O tym zdecyduje losowanie. Czescy dziennikarze nie maj\u0105 jednak w\u0105tpliwo\u015bci co do tego, \u017ce klub potrzebuje wzmocnie\u0144 na wiosn\u0119.<\/p>\n<p> <img role=\"presentation\" src=\"https:\/\/std.wpcdn.pl\/images\/adv\/placeholder_wp.svg\" loading=\"lazy\" alt=\"\" decoding=\"async\"\/>  <\/p>\n<p class=\"contentpart contentpart--default contentpart--text\" data-position=\"6\">ZOBACZ WIDEO: Brz\u0119czek musia\u0142 si\u0119 wkupi\u0107 do kadry? &#8222;Wtedy si\u0119 zdenerwowa\u0142em&#8221;<\/p>\n","protected":false},"excerpt":{"rendered":"Lech Pozna\u0144\u00a0zako\u0144czy\u0142 faz\u0119 ligow\u0105 Ligi Konferencji zwyci\u0119stwem 2:1 nad Sigm\u0105 O\u0142omuniec. Obie bramki dla &#8222;Kolejorza&#8221; zdoby\u0142 Mikael Ishak.&hellip;\n","protected":false},"author":2,"featured_media":159825,"comment_status":"","ping_status":"","sticky":false,"template":"","format":"standard","meta":{"footnotes":""},"categories":[24],"tags":[693,215,5635,269,42,38,40,39,41,16431,127,126],"class_list":{"0":"post-159824","1":"post","2":"type-post","3":"status-publish","4":"format-standard","5":"has-post-thumbnail","7":"category-sport","8":"tag-europejskie-puchary","9":"tag-lech-poznan","10":"tag-liga-konferencji","11":"tag-pilka-nozna","12":"tag-pl","13":"tag-poland","14":"tag-polish","15":"tag-polska","16":"tag-polski","17":"tag-sigma-olomuniec","18":"tag-sport","19":"tag-sports"},"share_on_mastodon":{"url":"https:\/\/pubeurope.com\/@pl\/115746224687949891","error":""},"_links":{"self":[{"href":"https:\/\/www.europesays.com\/pl\/wp-json\/wp\/v2\/posts\/159824","targetHints":{"allow":["GET"]}}],"collection":[{"href":"https:\/\/www.europesays.com\/pl\/wp-json\/wp\/v2\/posts"}],"about":[{"href":"https:\/\/www.europesays.com\/pl\/wp-json\/wp\/v2\/types\/post"}],"author":[{"embeddable":true,"href":"https:\/\/www.europesays.com\/pl\/wp-json\/wp\/v2\/users\/2"}],"replies":[{"embeddable":true,"href":"https:\/\/www.europesays.com\/pl\/wp-json\/wp\/v2\/comments?post=159824"}],"version-history":[{"count":0,"href":"https:\/\/www.europesays.com\/pl\/wp-json\/wp\/v2\/posts\/159824\/revisions"}],"wp:featuredmedia":[{"embeddable":true,"href":"https:\/\/www.europesays.com\/pl\/wp-json\/wp\/v2\/media\/159825"}],"wp:attachment":[{"href":"https:\/\/www.europesays.com\/pl\/wp-json\/wp\/v2\/media?parent=159824"}],"wp:term":[{"taxonomy":"category","embeddable":true,"href":"https:\/\/www.europesays.com\/pl\/wp-json\/wp\/v2\/categories?post=159824"},{"taxonomy":"post_tag","embeddable":true,"href":"https:\/\/www.europesays.com\/pl\/wp-json\/wp\/v2\/tags?post=159824"}],"curies":[{"name":"wp","href":"https:\/\/api.w.org\/{rel}","templated":true}]}}