{"id":159832,"date":"2025-12-19T12:30:28","date_gmt":"2025-12-19T12:30:28","guid":{"rendered":"https:\/\/www.europesays.com\/pl\/159832\/"},"modified":"2025-12-19T12:30:28","modified_gmt":"2025-12-19T12:30:28","slug":"afera-w-rars-sad-w-londynie-odroczyl-wyrok-ws-ekstradycji-michala-kuczmierowskiego","status":"publish","type":"post","link":"https:\/\/www.europesays.com\/pl\/159832\/","title":{"rendered":"Afera w RARS. S\u0105d w Londynie odroczy\u0142 wyrok ws. ekstradycji Micha\u0142a Kuczmierowskiego"},"content":{"rendered":"<p>Czy Micha\u0142 Kuczmierowski, by\u0142y szef Rz\u0105dowej Agencji Rezerw Strategicznych, zostanie poddany ekstradycji do Polski? Dowiemy si\u0119 tego 27 lutego 2026 roku &#8211; na ten dzie\u0144 londy\u0144ski s\u0105d przesun\u0105\u0142 wydanie decyzji w tej sprawie.<\/p>\n<p>                         &#13;<br \/>\n        &#13;<\/p>\n<p>                                        &#13;<br \/>\n                        &#13;<br \/>\n                            <img decoding=\"async\" src=\"https:\/\/www.europesays.com\/pl\/wp-content\/uploads\/2025\/12\/000M3L4Q0HHXBQQI-C123-F4.jpg\" title=\"Londy\u0144ski s\u0105d odroczy\u0142 decyzj\u0119 w sprawie by\u0142ego szefa RARS\" alt=\"Micha\u0142 Kuczmierowski na zdj\u0119ciu z 2023 r. \/Leszek Szyma\u0144ski \/PAP\" class=\"img-responsive\"\/>&#13;<\/p>\n<p>                            &#13;<\/p>\n<p>      &#13;<br \/>\n                            Micha\u0142 Kuczmierowski na zdj\u0119ciu z 2023 r.&#13;<br \/>\n                                    \/Leszek Szyma\u0144ski \/PAP  &#13;\n                                    <\/p>\n<p>&#13;<\/p>\n<p>Do ko\u0144cowego posiedzenia londy\u0144skiego s\u0105du w sprawie ekstradycji Micha\u0142a Kuczmierowskiego (zgadza si\u0119 na podawanie nazwiska) mia\u0142o doj\u015b\u0107 jeszcze 26 wrze\u015bnia, ale ze wzgl\u0119du na awari\u0119 sieci wodoci\u0105gowej w okolicy siedziby londy\u0144skiego s\u0105du odwo\u0142ano wszystkie rozprawy zaplanowane na ten dzie\u0144.<\/p>\n<p>Ostatnia rozprawa w sprawie ekstradycji by\u0142ego szefa Rz\u0105dowej Agencji Rezerw Strategicznych odby\u0142a si\u0119 w czwartek przed po\u0142udniem w londy\u0144skim s\u0105dzie magistrackim gminy Westminster. S\u0105d odroczy\u0142 wydanie decyzji do 27 lutego 2026 roku.<\/p>\n<p>Prawnik by\u0142ego szefa RARS, Adam Gomo\u0142a, zaznaczy\u0142 w rozmowie z PAP, \u017ce niezale\u017cnie od decyzji s\u0105du strony b\u0119d\u0105 si\u0119 odwo\u0142ywa\u0107.<\/p>\n<p>Mo\u017cemy z ca\u0142\u0105 pewno\u015bci\u0105 zak\u0142ada\u0107, \u017ce nawet je\u015bli w tej sprawie zapadnie w lutym werdykt, to b\u0119dziemy mie\u0107 do czynienia z post\u0119powaniem odwo\u0142awczym, kt\u00f3rego terminu zako\u0144czenia nie da si\u0119 z g\u00f3ry okre\u015bli\u0107. Jest jednak bardzo prawdopodobne, \u017ce znacznie przed\u0142u\u017cy ono trwaj\u0105ce ju\u017c niemal p\u00f3\u0142tora roku post\u0119powanie &#8211; powiedzia\u0142.<\/p>\n<p>Na pocz\u0105tku wrze\u015bnia 2024 r. Micha\u0142 Kuczmierowski zosta\u0142 zatrzymany w Londynie na podstawie Europejskiego Nakazu Aresztowania, wydanego na wniosek polskich w\u0142adz. W lutym 2025 r. brytyjski wymiar sprawiedliwo\u015bci zdecydowa\u0142, \u017ce by\u0142y szef RARS mo\u017ce opu\u015bci\u0107 areszt za kaucj\u0105 i por\u0119czeniem maj\u0105tkowym; 10 lutego Polak wyszed\u0142 na wolno\u015b\u0107.<\/p>\n<p>Jego obrona stara\u0142a si\u0119 o wydanie listu \u017celaznego, jednak S\u0105d Okr\u0119gowy w Warszawie &#8211; mimo trzykrotnych stara\u0144 obro\u0144c\u00f3w podejrzanego &#8211; nie uwzgl\u0119dni\u0142 10 wrze\u015bnia wniosku o taki dokument. Za ka\u017cdym razem sprzeciwia\u0142a si\u0119 temu prokuratura. Gdyby Micha\u0142 Kuczmierowski uzyska\u0142 list \u017celazny, po powrocie do kraju nie zosta\u0142by aresztowany a\u017c do prawomocnego zako\u0144czenia tocz\u0105cego si\u0119 przeciwko niemu post\u0119powania.<\/p>\n<p>By\u0142y szef RARS us\u0142ysza\u0142 w sierpniu 2024 r. zarzuty dotycz\u0105ce udzia\u0142u w zorganizowanej grupie przest\u0119pczej, niedope\u0142nienia obowi\u0105zk\u00f3w i przekroczenia uprawnie\u0144 w celu osi\u0105gni\u0119cia korzy\u015bci maj\u0105tkowej.<\/p>\n<p>\u015aledztwo w sprawie nieprawid\u0142owo\u015bci w Rz\u0105dowej Agencji Rezerw Strategicznych wszcz\u0119to 1 grudnia 2023 r., prowadzi je \u015al\u0105ski Wydzia\u0142 Zamiejscowy Departamentu do spraw Przest\u0119pczo\u015bci Zorganizowanej i Korupcji Prokuratury Krajowej w Katowicach.<\/p>\n<p>Dotyczy ono m.in. przekroczenia uprawnie\u0144 i niedope\u0142nienia obowi\u0105zk\u00f3w przez pracownik\u00f3w RARS podczas organizowania i realizowania zakupu towar\u00f3w, a tym samym dzia\u0142ania na szkod\u0119 interesu publicznego od 23 lutego 2021 r. do 27 listopada 2023 r. w Warszawie w celu osi\u0105gni\u0119cia korzy\u015bci maj\u0105tkowej.<\/p>\n","protected":false},"excerpt":{"rendered":"Czy Micha\u0142 Kuczmierowski, by\u0142y szef Rz\u0105dowej Agencji Rezerw Strategicznych, zostanie poddany ekstradycji do Polski? Dowiemy si\u0119 tego 27&hellip;\n","protected":false},"author":2,"featured_media":159833,"comment_status":"","ping_status":"","sticky":false,"template":"","format":"standard","meta":{"footnotes":""},"categories":[12],"tags":[32,33,36,37,27,34,35,28,31,25,42,38,40,39,41,29,30,26],"class_list":{"0":"post-159832","1":"post","2":"type-post","3":"status-publish","4":"format-standard","5":"has-post-thumbnail","7":"category-polska","8":"tag-breaking-news","9":"tag-breakingnews","10":"tag-featured-news","11":"tag-featurednews","12":"tag-headlines","13":"tag-latest-news","14":"tag-latestnews","15":"tag-naglowki","16":"tag-najwazniejsze-artykuly","17":"tag-news","18":"tag-pl","19":"tag-poland","20":"tag-polish","21":"tag-polska","22":"tag-polski","23":"tag-top-stories","24":"tag-topstories","25":"tag-wiadomosci"},"share_on_mastodon":{"url":"https:\/\/pubeurope.com\/@pl\/115746244352070277","error":""},"_links":{"self":[{"href":"https:\/\/www.europesays.com\/pl\/wp-json\/wp\/v2\/posts\/159832","targetHints":{"allow":["GET"]}}],"collection":[{"href":"https:\/\/www.europesays.com\/pl\/wp-json\/wp\/v2\/posts"}],"about":[{"href":"https:\/\/www.europesays.com\/pl\/wp-json\/wp\/v2\/types\/post"}],"author":[{"embeddable":true,"href":"https:\/\/www.europesays.com\/pl\/wp-json\/wp\/v2\/users\/2"}],"replies":[{"embeddable":true,"href":"https:\/\/www.europesays.com\/pl\/wp-json\/wp\/v2\/comments?post=159832"}],"version-history":[{"count":0,"href":"https:\/\/www.europesays.com\/pl\/wp-json\/wp\/v2\/posts\/159832\/revisions"}],"wp:featuredmedia":[{"embeddable":true,"href":"https:\/\/www.europesays.com\/pl\/wp-json\/wp\/v2\/media\/159833"}],"wp:attachment":[{"href":"https:\/\/www.europesays.com\/pl\/wp-json\/wp\/v2\/media?parent=159832"}],"wp:term":[{"taxonomy":"category","embeddable":true,"href":"https:\/\/www.europesays.com\/pl\/wp-json\/wp\/v2\/categories?post=159832"},{"taxonomy":"post_tag","embeddable":true,"href":"https:\/\/www.europesays.com\/pl\/wp-json\/wp\/v2\/tags?post=159832"}],"curies":[{"name":"wp","href":"https:\/\/api.w.org\/{rel}","templated":true}]}}