{"id":159834,"date":"2025-12-19T12:31:16","date_gmt":"2025-12-19T12:31:16","guid":{"rendered":"https:\/\/www.europesays.com\/pl\/159834\/"},"modified":"2025-12-19T12:31:16","modified_gmt":"2025-12-19T12:31:16","slug":"juz-25-grudnia-2025-roku-zamkniecie-pierwszych-drzwi-swietych","status":"publish","type":"post","link":"https:\/\/www.europesays.com\/pl\/159834\/","title":{"rendered":"Ju\u017c 25 grudnia 2025 roku zamkni\u0119cie pierwszych Drzwi \u015awi\u0119tych"},"content":{"rendered":"<p>Zbli\u017ca si\u0119 koniec Jubileuszu Nadziei. Zako\u0144czy si\u0119 on 6 stycznia 2026 roku, w uroczysto\u015b\u0107 Objawienia Pa\u0144skiego, kiedy Papie\u017c Leon XIV zamknie Drzwi \u015awi\u0119te Bazyliki \u015bw. Piotra w Watykanie. Wcze\u015bniej jednak zostan\u0105 zamkni\u0119te drzwi pozosta\u0142ych trzech papieskich bazylik w Rzymie. Jubileusz Nadziei og\u0142osi\u0142 i otworzy\u0142 papie\u017c Franciszek, a zako\u0144czy go Leon XIV.<\/p>\n<p>Wojciech Rogacin \u2013 Watykan<\/p>\n<p>Zamkni\u0119cie kolejnych Drzwi \u015awi\u0119tych<\/p>\n<p>Jako pierwsze Drzwi \u015awi\u0119te zamkni\u0119te zostan\u0105 w bazylice Matki Bo\u017cej Wi\u0119kszej \u2013 Santa Maria Maggiore. Stanie si\u0119 to 25 grudnia, w uroczysto\u015b\u0107 Bo\u017cego narodzenia, podczas Mszy \u015bw., kt\u00f3ra rozpocznie si\u0119 o godz. 18. Przewodniczy\u0107 jej b\u0119dzie kard. Rolandas Makrickas, archiprezbiter tej\u017ce bazyliki.<\/p>\n<p>27 grudnia o godz. 11.00 rozpocznie si\u0119 ceremonia zamkni\u0119cia Drzwi \u015awi\u0119tych w bazylice \u015bw. Jana na Lateranie. Jak informuje agencja Acistampa, przewodniczy\u0107 uroczysto\u015bci b\u0119dzie kard. Baldassare Reina wikariusz generalny Jego \u015awi\u0105tobliwo\u015bci dla diecezji rzymskiej, archiprezbiter bazyliki latera\u0144skiej.<\/p>\n<p>    <img decoding=\"async\" src=\"data:image\/gif;base64,R0lGODlhAQABAIAAAAAAAP\/\/\/yH5BAEAAAAALAAAAAABAAEAAAIBRAA7\" data-original=\"https:\/\/www.vaticannews.va\/content\/dam\/vaticannews\/agenzie\/images\/srv\/2025\/10\/04\/2025-10-04-giubileo-dei-migranti---ingresso-porta-santa\/1759583189497.JPG\/_jcr_content\/renditions\/cq5dam.thumbnail.cropped.750.422.jpeg\" alt=\"W Roku Jubileuszowym odby\u0142o si\u0119 wiele wydarze\u0144, na kt\u00f3re przybywali pielgrzymi z ca\u0142ego \u015bwiata\" title=\"W Roku Jubileuszowym odby\u0142o si\u0119 wiele wydarze\u0144, na kt\u00f3re przybywali pielgrzymi z ca\u0142ego \u015bwiata\"\/><\/p>\n<p>\n   W Roku Jubileuszowym odby\u0142o si\u0119 wiele wydarze\u0144, na kt\u00f3re przybywali pielgrzymi z ca\u0142ego \u015bwiata \u00a0 (@Vatican Media)\n  <\/p>\n<p>Dzie\u0144 p\u00f3\u017aniej \u2013 28 grudnia \u2013 Drzwi \u015awi\u0119te zostan\u0105 zamkni\u0119te w bazylice \u015bw. Paw\u0142a Za Murami. Uroczysto\u015bci, kt\u00f3ra rozpocznie si\u0119 o godz. 10.00 b\u0119dzie przewodniczy\u0107 kard. archiprezbiter James Michael Harvey &#8211; podaje Acistampa.<\/p>\n<p>Zako\u0144czenie Jubileuszu Nadziei<\/p>\n<p>Rok Jubileuszowy zako\u0144czy si\u0119 6 stycznia 2026 roku, kiedy Papie\u017c Leon XIV zamknie Drzwi \u015awi\u0119te w Bazylice \u015bw. Piotra. Uroczysta Msza \u015bw. rozpocznie si\u0119 o godz. 9.30.<\/p>\n<p>32 mln pielgrzym\u00f3w<\/p>\n<p>Jak m\u00f3wi\u0142 niedawno w wywiadzie dla Vatican News proprefekt Dykasterii ds. Ewangelizacji, abp Rino Fisichella, do pierwszych dni grudnia w <a href=\"https:\/\/www.vaticannews.va\/pl\/watykan\/news\/2025-12\/abp-fisichella-jubileusz-czasem-niezwyklym-32-miliony-pielgrzy.html\" rel=\"nofollow noopener\" target=\"_blank\">Roku Jubileuszowym 2025 przyby\u0142y do Watykanu 32 miliony pielgrzym\u00f3w.<\/a><\/p>\n<p>    <img decoding=\"async\" src=\"data:image\/gif;base64,R0lGODlhAQABAIAAAAAAAP\/\/\/yH5BAEAAAAALAAAAAABAAEAAAIBRAA7\" data-original=\"https:\/\/www.vaticannews.va\/content\/dam\/vaticannews\/agenzie\/images\/srv\/2025\/11\/27\/viaggio-apostolico-in-tuerkiye-e-libano\/1764502301508.JPG\/_jcr_content\/renditions\/cq5dam.thumbnail.cropped.750.422.jpeg\" alt=\"Podczas pielgrzymki do Turcji i Libanu Leon XIV zaprosi\u0142 wszystkie Ko\u015bcio\u0142y chrze\u015bcija\u0144skie do wsp\u00f3lnego obchodzenia Jubileuszu Odkupienia w 2033 roku w Jerozolimie\" title=\"Podczas pielgrzymki do Turcji i Libanu Leon XIV zaprosi\u0142 wszystkie Ko\u015bcio\u0142y chrze\u015bcija\u0144skie do wsp\u00f3lnego obchodzenia Jubileuszu Odkupienia w 2033 roku w Jerozolimie\"\/><\/p>\n<p>\n   Podczas pielgrzymki do Turcji i Libanu Leon XIV zaprosi\u0142 wszystkie Ko\u015bcio\u0142y chrze\u015bcija\u0144skie do wsp\u00f3lnego obchodzenia Jubileuszu Odkupienia w 2033 roku w Jerozolimie \u00a0 (@Vatican Media)\n  <\/p>\n<p>Jubileusz Odkupienia za 8 lat<\/p>\n<p>Kolejny Jubileusz jest zaplanowany na 2033 rok. B\u0119dzie to nadzwyczajny Jubileusz Odkupienia w 2000 lat od \u015bmierci i zmartwychwstania Chrystusa. Leon XIV zaprosi\u0142 wszystkie Ko\u015bcio\u0142y i wsp\u00f3lnoty chrze\u015bcija\u0144skie, by \u015bwi\u0119towa\u0107 ten czas wsp\u00f3lnie, w Jerozolimie.<\/p>\n","protected":false},"excerpt":{"rendered":"Zbli\u017ca si\u0119 koniec Jubileuszu Nadziei. Zako\u0144czy si\u0119 on 6 stycznia 2026 roku, w uroczysto\u015b\u0107 Objawienia Pa\u0144skiego, kiedy Papie\u017c&hellip;\n","protected":false},"author":2,"featured_media":159835,"comment_status":"","ping_status":"","sticky":false,"template":"","format":"standard","meta":{"footnotes":""},"categories":[5],"tags":[31626,32,33,36,37,27,34,35,28,31,25,42,38,40,39,41,29,30,26],"class_list":{"0":"post-159834","1":"post","2":"type-post","3":"status-publish","4":"format-standard","5":"has-post-thumbnail","7":"category-naglowki","8":"tag-leon-xiv-papiez-franciszek-jubileusz-2025-jubileusz-nadziei-drzwi-swiete","9":"tag-breaking-news","10":"tag-breakingnews","11":"tag-featured-news","12":"tag-featurednews","13":"tag-headlines","14":"tag-latest-news","15":"tag-latestnews","16":"tag-naglowki","17":"tag-najwazniejsze-artykuly","18":"tag-news","19":"tag-pl","20":"tag-poland","21":"tag-polish","22":"tag-polska","23":"tag-polski","24":"tag-top-stories","25":"tag-topstories","26":"tag-wiadomosci"},"share_on_mastodon":{"url":"https:\/\/pubeurope.com\/@pl\/115746248193285922","error":""},"_links":{"self":[{"href":"https:\/\/www.europesays.com\/pl\/wp-json\/wp\/v2\/posts\/159834","targetHints":{"allow":["GET"]}}],"collection":[{"href":"https:\/\/www.europesays.com\/pl\/wp-json\/wp\/v2\/posts"}],"about":[{"href":"https:\/\/www.europesays.com\/pl\/wp-json\/wp\/v2\/types\/post"}],"author":[{"embeddable":true,"href":"https:\/\/www.europesays.com\/pl\/wp-json\/wp\/v2\/users\/2"}],"replies":[{"embeddable":true,"href":"https:\/\/www.europesays.com\/pl\/wp-json\/wp\/v2\/comments?post=159834"}],"version-history":[{"count":0,"href":"https:\/\/www.europesays.com\/pl\/wp-json\/wp\/v2\/posts\/159834\/revisions"}],"wp:featuredmedia":[{"embeddable":true,"href":"https:\/\/www.europesays.com\/pl\/wp-json\/wp\/v2\/media\/159835"}],"wp:attachment":[{"href":"https:\/\/www.europesays.com\/pl\/wp-json\/wp\/v2\/media?parent=159834"}],"wp:term":[{"taxonomy":"category","embeddable":true,"href":"https:\/\/www.europesays.com\/pl\/wp-json\/wp\/v2\/categories?post=159834"},{"taxonomy":"post_tag","embeddable":true,"href":"https:\/\/www.europesays.com\/pl\/wp-json\/wp\/v2\/tags?post=159834"}],"curies":[{"name":"wp","href":"https:\/\/api.w.org\/{rel}","templated":true}]}}