{"id":159836,"date":"2025-12-19T12:32:08","date_gmt":"2025-12-19T12:32:08","guid":{"rendered":"https:\/\/www.europesays.com\/pl\/159836\/"},"modified":"2025-12-19T12:32:08","modified_gmt":"2025-12-19T12:32:08","slug":"kucharski-nie-ma-watpliwosci-ws-decyzji-mioduskiego-to-zagrywka-pr-owa","status":"publish","type":"post","link":"https:\/\/www.europesays.com\/pl\/159836\/","title":{"rendered":"Kucharski nie ma w\u0105tpliwo\u015bci ws. decyzji Mioduskiego. &#8222;To zagrywka PR-owa&#8221;"},"content":{"rendered":"\n<p class=\"contentpart contentpart--default contentpart--text\" data-position=\"0\">&#8211;\u00a0Powierzam ca\u0142o\u015bciowe zarz\u0105dzanie klubem Marcinowi Herrze i wierz\u0119, \u017ce wsp\u00f3lnie z trenerem, w pe\u0142ni wykorzystaj\u0105 stworzone warunki i potencja\u0142 Legii, aby osi\u0105ga\u0107 wymagane rezultaty sportowe, organizacyjne i biznesowe &#8211; og\u0142osi\u0142 <a href=\"https:\/\/sportowefakty.wp.pl\/pilka-nozna\/dariusz-mioduski\" rel=\"nofollow noopener\" target=\"_blank\">Dariusz Mioduski<\/a>. Nale\u017cy jednak podkre\u015bli\u0107, \u017ce formalnie nadal b\u0119dzie pe\u0142ni\u0142 on rol\u0119 prezesa Legii.\u00a0<\/p>\n<p class=\"contentpart contentpart--default contentpart--text\" data-position=\"1\">Zmiany w zarz\u0105dzie wejd\u0105 w \u017cycie od 1 stycznia. Dotychczas tworzy\u0142y go trzy osoby &#8211; prezes Mioduski, wiceprezes Herra, a tak\u017ce Jaros\u0142aw Jurczak jako wiceprezes nadzoruj\u0105cy dzia\u0142 finans\u00f3w, prawny i administracyjny. Ten ostatni odejdzie z zarz\u0105du, ale po dwunastu latach pracy w klubie b\u0119dzie kontynuowa\u0142 swoj\u0105 dzia\u0142alno\u015b\u0107, obejmuj\u0105c funkcj\u0119 w strukturach w\u0142a\u015bcicielskich.<\/p>\n<p> <img role=\"presentation\" src=\"https:\/\/std.wpcdn.pl\/images\/adv\/placeholder_wp.svg\" loading=\"lazy\" alt=\"\" decoding=\"async\"\/>  <\/p>\n<p class=\"contentpart contentpart--default contentpart--text\" data-position=\"2\">ZOBACZ WIDEO: Brz\u0119czek musia\u0142 si\u0119 wkupi\u0107 do kadry? &#8222;Wtedy si\u0119 zdenerwowa\u0142em&#8221;<\/p>\n<p>&#8222;To ruch na uspokojenie kibic\u00f3w&#8221;<\/p>\n<p class=\"contentpart contentpart--default contentpart--text\" data-position=\"5\">O zmian\u0119 w strukturach w\u0142adzy <a href=\"https:\/\/sportowefakty.wp.pl\/pilka-nozna\/legia-warszawa\" rel=\"nofollow noopener\" target=\"_blank\">Legii Warszawa<\/a>\u00a0zapytali\u015bmy <a href=\"https:\/\/sportowefakty.wp.pl\/pilka-nozna\/cezary-kucharski\" rel=\"nofollow noopener\" target=\"_blank\">Cezarego Kucharskiego<\/a>, kt\u00f3ry w latach 90. i na pocz\u0105tku XXI wieku by\u0142 napastnikiem sto\u0142ecznej dru\u017cyny. Jego zdaniem og\u0142oszenie Mioduskiego ma tylko charakter wizerunkowy i niewiele zmieni w faktycznym funkcjonowaniu klubu.<\/p>\n<p class=\"contentpart contentpart--default contentpart--text\" data-position=\"6\">&#8211;\u00a0Odczytuj\u0119 to jako czyst\u0105 kosmetyk\u0119, bo przecie\u017c Mioduski pozostaje prezesem. To zagrywka PR-owa, by uspokoi\u0107 nastroje fan\u00f3w i \u015brodowiska zwi\u0105zanego z Legi\u0105. Du\u017co istotniejsze jest to, \u017ce <a href=\"https:\/\/sportowefakty.wp.pl\/pilka-nozna\/marek-papszun\" rel=\"nofollow noopener\" target=\"_blank\">Marek Papszun<\/a>\u00a0zosta\u0142 og\u0142oszony trenerem &#8211; m\u00f3wi\u0142 w rozmowie z nasz\u0105 redakcj\u0105.<\/p>\n<p> <img role=\"presentation\" src=\"https:\/\/std.wpcdn.pl\/images\/adv\/placeholder_wp.svg\" loading=\"lazy\" alt=\"\" decoding=\"async\"\/>  <\/p>\n<p class=\"contentpart contentpart--default contentpart--text\" data-position=\"7\">W ostatnich tygodniach narasta\u0142a krytyka kibic\u00f3w Legii wobec Mioduskiego. Na meczach tej dru\u017cyny pojawia\u0142y si\u0119 przy\u015bpiewki i transparenty wymierzone we w\u0142a\u015bciciela oraz prezesa klubu.<\/p>\n<p class=\"contentpart contentpart--default contentpart--text\" data-position=\"8\">&#8211; My\u015bl\u0119, \u017ce atmosfera wok\u00f3\u0142 Legii przyczyni\u0142a si\u0119 do tej decyzji. Ale podkre\u015bl\u0119 jeszcze raz &#8211; dla mnie to mimo wszystko kosmetyczna zmiana. Wed\u0142ug mnie to nie jest tak, \u017ce Mioduski teraz usunie si\u0119 w cie\u0144. Wci\u0105\u017c b\u0119dzie tam kluczow\u0105 postaci\u0105 i najwa\u017cniejsze decyzje b\u0119d\u0105 w dalszym ci\u0105gu z nim konsultowane &#8211; przekonuje Kucharski.<\/p>\n<p class=\"contentpart contentpart--default contentpart--text\" data-position=\"9\">W 2014 roku Mioduski wraz z Bogus\u0142awem Le\u015bnodorskim wykupi\u0142 akcje Legii od\u00a0ITI, a trzy lata p\u00f3\u017aniej zosta\u0142 samodzielnym w\u0142a\u015bcicielem klubu. Kucharski stwierdzi\u0142, \u017ce trudno jednoznacznie oceni\u0107 jego rz\u0105dy w sto\u0142ecznej ekipie.<\/p>\n<p class=\"contentpart contentpart--default contentpart--text\" data-position=\"10\">&#8211; Trend nie jest dobry dla Mioduskiego, je\u015bli chodzi o sukcesy sportowe, natomiast biznesowo klub jest dobrze pouk\u0142adany.\u00a0S\u0105 dwa wektory &#8211; biznesowo klub si\u0119 rozwija, ma dobre przychody, ale nie przek\u0142ada si\u0119 to na efekt sportowy. Patrz\u0105c na mo\u017cliwo\u015bci i na finanse, Legia powinna dominowa\u0107 w lidze i to na pewno by\u0142o celem Mioduskiego &#8211; ocenia.<\/p>\n<p> <img role=\"presentation\" src=\"https:\/\/std.wpcdn.pl\/images\/adv\/placeholder_wp.svg\" loading=\"lazy\" alt=\"\" decoding=\"async\"\/>  <\/p>\n<p>Papszun wleje nadziej\u0119 w serca kibic\u00f3w Legii?<\/p>\n<p class=\"contentpart contentpart--default contentpart--text\" data-position=\"12\">W pi\u0105tek 19 grudnia Legia og\u0142osi\u0142a ponadto, \u017ce z dniem tym stanowisko jej trenera obj\u0105\u0142 <a href=\"https:\/\/sportowefakty.wp.pl\/pilka-nozna\/marek-papszun\" rel=\"nofollow noopener\" target=\"_blank\">Marek Papszun<\/a>, kt\u00f3ry do tej pory by\u0142 zwi\u0105zany kontraktem z Rakowem Cz\u0119stochowa. Tym samym ostatecznie zako\u0144czy\u0142a si\u0119 trwaj\u0105ca kilka tygodni saga z jego udzia\u0142em. &#8211;\u00a0To mo\u017ce wla\u0107 troch\u0119 nadziei po zako\u0144czeniu fatalnej rundy &#8211; oceni\u0142 Kucharski.<\/p>\n<p class=\"contentpart contentpart--default contentpart--text\" data-position=\"13\">Papszun przejmie Legi\u0119 znajduj\u0105c\u0105 si\u0119 w beznadziejnym po\u0142o\u017ceniu. Czwartkowe zwyci\u0119stwo z gibraltarskim Lincoln Red Imps w Lidze Konferencji przerwa\u0142o seri\u0119 11 mecz\u00f3w bez wygranej &#8222;Wojskowych&#8221; na wszystkich frontach. By\u0142o to jednak tylko spotkanie &#8222;o honor&#8221;, gdy\u017c sto\u0142eczna ekipa ju\u017c wcze\u015bniej straci\u0142a szans\u0119 na awans do fazy pucharowej.<\/p>\n<p class=\"contentpart contentpart--default contentpart--text\" data-position=\"14\">Fatalnie wiedzie si\u0119 jej te\u017c w Ekstraklasie. Do\u015b\u0107 powiedzie\u0107, \u017ce zesp\u00f3\u0142 zajmuje aktualnie przedostatnie, 17. miejsce w tabeli, przezimuje wi\u0119c w strefie spadkowej. Fundamentalnym pytaniem jest to, kiedy Papszun zdo\u0142a wyd\u017awign\u0105\u0107 Legi\u0119 z kryzysu. Kucharski uwa\u017ca, \u017ce poprawa w grze warszawskiej dru\u017cyny mo\u017ce nast\u0105pi\u0107 bardzo szybko.<\/p>\n<p> <img role=\"presentation\" src=\"https:\/\/std.wpcdn.pl\/images\/adv\/placeholder_wp.svg\" loading=\"lazy\" alt=\"\" decoding=\"async\"\/>  <\/p>\n<p class=\"contentpart contentpart--default contentpart--text\" data-position=\"15\">&#8211; W Rakowie w ostatnich tygodniach potrafi\u0142 wyprowadzi\u0107 zesp\u00f3\u0142 na prost\u0105. My\u015bl\u0119, \u017ce tu te\u017c szybko zobaczymy pozytywn\u0105 zmian\u0119, lepsz\u0105 Legi\u0119. Nie oczekuj\u0119 cud\u00f3w, natomiast my\u015bl\u0119, \u017ce b\u0119dzie to lepiej zorganizowana gra Legii &#8211; m\u00f3wi\u0142.<\/p>\n<p class=\"contentpart contentpart--default contentpart--text\" data-position=\"16\">&#8211; Nie bez znaczenia jest te\u017c to, \u017ce zmiana trenera mo\u017ce wyzwoli\u0107 u zawodnik\u00f3w dodatkow\u0105 motywacj\u0119. By\u0107 mo\u017ce szans\u0119 dostan\u0105 ci, kt\u00f3rzy byli dot\u0105d w cieniu. By\u0107 mo\u017ce \u00a0dostanie wi\u0119cej zaufania i w ko\u0144cu zacznie gra\u0107 tak, jak od niego oczekiwano &#8211; doda\u0142.<\/p>\n<p class=\"contentpart contentpart--default contentpart--text\" data-position=\"17\">Nadziej\u0105 dla kibic\u00f3w Legii mo\u017ce by\u0107 te\u017c to, \u017ce tabela Ekstraklasy w tym sezonie jest nieprawdopodobnie sp\u0142aszczona. Do\u015b\u0107 powiedzie\u0107, \u017ce &#8222;Wojskowi&#8221; do zajmuj\u0105cej 10. miejsce w tabeli Pogoni Szczecin trac\u0105 tylko 2 punkty, a lideruj\u0105ca Wis\u0142a P\u0142ock ma od nich o 11 &#8222;oczek&#8221; wi\u0119cej.<\/p>\n<p class=\"contentpart contentpart--default contentpart--text\" data-position=\"18\">Adrian Hulb\u00f3j, dziennikarz WP SportoweFakty\u00a0<\/p>\n","protected":false},"excerpt":{"rendered":"&#8211;\u00a0Powierzam ca\u0142o\u015bciowe zarz\u0105dzanie klubem Marcinowi Herrze i wierz\u0119, \u017ce wsp\u00f3lnie z trenerem, w pe\u0142ni wykorzystaj\u0105 stworzone warunki i&hellip;\n","protected":false},"author":2,"featured_media":159837,"comment_status":"","ping_status":"","sticky":false,"template":"","format":"standard","meta":{"footnotes":""},"categories":[24],"tags":[1740,712,713,2221,269,42,38,40,39,41,127,126],"class_list":{"0":"post-159836","1":"post","2":"type-post","3":"status-publish","4":"format-standard","5":"has-post-thumbnail","7":"category-sport","8":"tag-cezary-kucharski","9":"tag-dariusz-mioduski","10":"tag-legia-warszawa","11":"tag-marek-papszun","12":"tag-pilka-nozna","13":"tag-pl","14":"tag-poland","15":"tag-polish","16":"tag-polska","17":"tag-polski","18":"tag-sport","19":"tag-sports"},"share_on_mastodon":{"url":"https:\/\/pubeurope.com\/@pl\/115746252375739351","error":""},"_links":{"self":[{"href":"https:\/\/www.europesays.com\/pl\/wp-json\/wp\/v2\/posts\/159836","targetHints":{"allow":["GET"]}}],"collection":[{"href":"https:\/\/www.europesays.com\/pl\/wp-json\/wp\/v2\/posts"}],"about":[{"href":"https:\/\/www.europesays.com\/pl\/wp-json\/wp\/v2\/types\/post"}],"author":[{"embeddable":true,"href":"https:\/\/www.europesays.com\/pl\/wp-json\/wp\/v2\/users\/2"}],"replies":[{"embeddable":true,"href":"https:\/\/www.europesays.com\/pl\/wp-json\/wp\/v2\/comments?post=159836"}],"version-history":[{"count":0,"href":"https:\/\/www.europesays.com\/pl\/wp-json\/wp\/v2\/posts\/159836\/revisions"}],"wp:featuredmedia":[{"embeddable":true,"href":"https:\/\/www.europesays.com\/pl\/wp-json\/wp\/v2\/media\/159837"}],"wp:attachment":[{"href":"https:\/\/www.europesays.com\/pl\/wp-json\/wp\/v2\/media?parent=159836"}],"wp:term":[{"taxonomy":"category","embeddable":true,"href":"https:\/\/www.europesays.com\/pl\/wp-json\/wp\/v2\/categories?post=159836"},{"taxonomy":"post_tag","embeddable":true,"href":"https:\/\/www.europesays.com\/pl\/wp-json\/wp\/v2\/tags?post=159836"}],"curies":[{"name":"wp","href":"https:\/\/api.w.org\/{rel}","templated":true}]}}