{"id":159848,"date":"2025-12-19T12:39:11","date_gmt":"2025-12-19T12:39:11","guid":{"rendered":"https:\/\/www.europesays.com\/pl\/159848\/"},"modified":"2025-12-19T12:39:11","modified_gmt":"2025-12-19T12:39:11","slug":"w-98-minucie-przegrywali-12-nie-do-wiary-co-sie-potem-wydarzylo","status":"publish","type":"post","link":"https:\/\/www.europesays.com\/pl\/159848\/","title":{"rendered":"W 98. minucie przegrywali 1:2. Nie do wiary, co si\u0119 potem wydarzy\u0142o"},"content":{"rendered":"<p class=\"art_paragraph\">By\u0142a 59. minuta meczu AEK Atetny &#8211; Universitatea Craiova na zako\u0144czenie zmaga\u0144 w fazie ligowej w rozgrywkach <a href=\"https:\/\/www.sport.pl\/pilka\/7,64946,32429086,liga-konferencji-o-ktorej-mecze-polskich-druzyn-gdzie-ogladac.html#anchorLink\" rel=\"nofollow noopener\" target=\"_blank\">Ligi Konferencji<\/a>. W\u0142a\u015bnie wtedy do siatki trafi\u0142 Cicaldau i go\u015bcie prowadzili 2:0 (wcze\u015bniej w 30. minucie gola zdoby\u0142 Stefan Baiaram). Taki wynik w tabeli na \u017cywo oznacza\u0142, \u017ce obie dru\u017cyny zagraj\u0105 w bara\u017cach o 1\/8 fina\u0142u.\u00a0<\/p>\n<p>\n    Zobacz wideo Totalna degrengolada w Legii\n  <\/p>\n<p> Niesamowite sceny w Atenach<\/p>\n<p class=\"art_paragraph\">Zupe\u0142nie inny plan mieli jednak gospodarze. W 65. minucie kontaktow\u0105 bramk\u0119 strzeli\u0142 Domagoj Vida. S\u0119dzia g\u0142\u00f3wny doliczy\u0142 osiem minut. W\u0142a\u015bnie w \u00f3smej minucie doliczonego czasu gry po do\u015brodkowaniu z lewej strony Dereck Kutesa strza\u0142em g\u0142ow\u0105 wyr\u00f3wna\u0142. Przy remisie te\u017c obie dru\u017cyny musia\u0142y walczy\u0107 w bara\u017cach.\u00a0<\/p>\n<p class=\"art_paragraph\">W 13. minucie doliczonego czasu gry s\u0119dzia g\u0142\u00f3wny przerwa\u0142 gr\u0119 i poszed\u0142 obejrze\u0107 powt\u00f3rk\u0119 na VARze. Po chwili podyktowa\u0142 <a href=\"https:\/\/www.sport.pl\/pilka\/7,65080,31508989,jest-3-2-wybila-74-minuta-rzuty-karny-wszystkie-oczy-na.html#anchorLink\" rel=\"nofollow noopener\" target=\"_blank\">rzut karny<\/a> dla gospodarzy! Luka Jovi\u0107 zdoby\u0142 zwyci\u0119sk\u0105 bramk\u0119 na 3:2!\u00a0<\/p>\n<p class=\"art_paragraph\">W efekcie AEK Ateny awansowa\u0142 na trzecie miejsce w tabeli, a\u00a0Universitatea Craiova mia\u0142a wielkiego pecha, bo wypad\u0142a z bara\u017cy i spad\u0142a z 15. na 25. pozycj\u0119! Bara\u017ce przegra\u0142a o jednego gola (mia\u0142a bilans minus 2, identycznie jak Sigma O\u0142omuniec i Zrinjski Mostar, ale strzeli\u0142a mniej bramek od tych dru\u017cyn). Rumu\u0144ski zesp\u00f3\u0142 zosta\u0142 wyeliminowany z rozgrywek w 105. minucie.\u00a0<\/p>\n<p class=\"art_paragraph\">AEK Ateny w 1\/8 fina\u0142u zagra z kim\u015b z grona: NK Celje, AZ Alkmaar,\u00a0FC Noah Erywa\u0144,\u00a0KF Drita Gnjilane. A na kogo mog\u0105 trafi\u0107 <a href=\"https:\/\/www.sport.pl\/pilka\/7,65037,32404453,uwaga-oto-co-sie-musi-stac-by-polska-byla-losowana-z-1-koszyka.html#anchorLink\" rel=\"nofollow noopener\" target=\"_blank\">polskie<\/a> kluby: Rak\u00f3w Cz\u0119stochowa w 1\/8 i w bara\u017cach Jagiellonia Bia\u0142ystok oraz Lech Pozna\u0144 mo\u017cna <a href=\"https:\/\/www.sport.pl\/pilka\/7,198438,32482010,wszystko-jasne-oto-potencjalni-rywale-polskich-klubow-w-lidze.html\" class=\"art_link\" rel=\"dofollow noopener\" target=\"_blank\">zobaczy\u0107 tutaj. <\/a><\/p>\n<p class=\"art_paragraph\">Zobacz tak\u017ce: <a href=\"https:\/\/www.sport.pl\/pilka\/7,65037,32481652,caly-swiat-widzial-co-szczesny-zrobil-messiemu-od-tamtej.html\" class=\"art_link\" rel=\"dofollow noopener\" target=\"_blank\">Ca\u0142y \u015bwiat widzia\u0142, co Szcz\u0119sny zrobi\u0142 Messiemu. &#8222;Od tamtej pory&#8230;&#8221;<\/a><\/p>\n<p class=\"art_paragraph\">Losowanie par bara\u017cowych zaplanowane jest na pi\u0105tek, 16 stycznia w szwajcarskim Nyonie. <a href=\"https:\/\/www.sport.pl\/pilka\/7,65037,32351570,historyczny-mecz-polski-z-holandia-wszystko-na-oczach-nawrockiej.html#anchorLink\" rel=\"nofollow noopener\" target=\"_blank\">Mecze<\/a> bara\u017cowe odb\u0119d\u0105 si\u0119 19 i 26 lutego.\u00a0<\/p>\n<p> AEK Ateny &#8211;\u00a0Universitatea Craiova 3:2 (0:1)<\/p>\n<ul class=\"art_uList\">\n<li class=\"art_list_el\">Bramki: Vida (65.), Kutesa (90.+8.), Jovi\u0107 (90.+14. karny) &#8211; Baiaram (30.), Cicaldau (59.).\u00a0<\/li>\n<\/ul>\n","protected":false},"excerpt":{"rendered":"By\u0142a 59. minuta meczu AEK Atetny &#8211; Universitatea Craiova na zako\u0144czenie zmaga\u0144 w fazie ligowej w rozgrywkach Ligi&hellip;\n","protected":false},"author":2,"featured_media":159849,"comment_status":"","ping_status":"","sticky":false,"template":"","format":"standard","meta":{"footnotes":""},"categories":[24],"tags":[42,38,40,39,41,127,126],"class_list":{"0":"post-159848","1":"post","2":"type-post","3":"status-publish","4":"format-standard","5":"has-post-thumbnail","7":"category-sport","8":"tag-pl","9":"tag-poland","10":"tag-polish","11":"tag-polska","12":"tag-polski","13":"tag-sport","14":"tag-sports"},"share_on_mastodon":{"url":"https:\/\/pubeurope.com\/@pl\/115746279673613404","error":""},"_links":{"self":[{"href":"https:\/\/www.europesays.com\/pl\/wp-json\/wp\/v2\/posts\/159848","targetHints":{"allow":["GET"]}}],"collection":[{"href":"https:\/\/www.europesays.com\/pl\/wp-json\/wp\/v2\/posts"}],"about":[{"href":"https:\/\/www.europesays.com\/pl\/wp-json\/wp\/v2\/types\/post"}],"author":[{"embeddable":true,"href":"https:\/\/www.europesays.com\/pl\/wp-json\/wp\/v2\/users\/2"}],"replies":[{"embeddable":true,"href":"https:\/\/www.europesays.com\/pl\/wp-json\/wp\/v2\/comments?post=159848"}],"version-history":[{"count":0,"href":"https:\/\/www.europesays.com\/pl\/wp-json\/wp\/v2\/posts\/159848\/revisions"}],"wp:featuredmedia":[{"embeddable":true,"href":"https:\/\/www.europesays.com\/pl\/wp-json\/wp\/v2\/media\/159849"}],"wp:attachment":[{"href":"https:\/\/www.europesays.com\/pl\/wp-json\/wp\/v2\/media?parent=159848"}],"wp:term":[{"taxonomy":"category","embeddable":true,"href":"https:\/\/www.europesays.com\/pl\/wp-json\/wp\/v2\/categories?post=159848"},{"taxonomy":"post_tag","embeddable":true,"href":"https:\/\/www.europesays.com\/pl\/wp-json\/wp\/v2\/tags?post=159848"}],"curies":[{"name":"wp","href":"https:\/\/api.w.org\/{rel}","templated":true}]}}