{"id":159853,"date":"2025-12-19T12:43:10","date_gmt":"2025-12-19T12:43:10","guid":{"rendered":"https:\/\/www.europesays.com\/pl\/159853\/"},"modified":"2025-12-19T12:43:10","modified_gmt":"2025-12-19T12:43:10","slug":"konflikt-usa-z-wenezuela-donald-trump-wprost-nie-wykluczam-wojny","status":"publish","type":"post","link":"https:\/\/www.europesays.com\/pl\/159853\/","title":{"rendered":"Konflikt USA z Wenezuel\u0105. Donald Trump wprost: Nie wykluczam wojny"},"content":{"rendered":"<p>W skr\u00f3cie<\/p>\n<ul class=\"typography ids-typeset-body ids-typeset-body--preset-large list ids-list ids-list--unordered ids-list--size-large \" datatype=\"disc\">\n<li class=\"ids-list-item\">\n<p>Donald Trump nie wyklucza wojny z Wenezuel\u0105 i zapowiada dalsze przejmowanie tankowc\u00f3w oraz ataki na \u0142odzie przemytnicze.<\/p>\n<\/li>\n<li class=\"ids-list-item\">\n<p>Stany Zjednoczone zwi\u0119kszy\u0142y presj\u0119 na re\u017cim Nicolasa Maduro, okre\u015blaj\u0105c go mianem zagranicznej organizacji terrorystycznej.<\/p>\n<\/li>\n<li class=\"ids-list-item\">\n<p>Ameryka\u0144ska armia prowadzi dzia\u0142ania wojskowe na Karaibach, a Trump rozwa\u017ca uderzenia w cele l\u0105dowe zwi\u0105zane z handlem narkotykami.<\/p>\n<\/li>\n<li class=\"ids-list-item\"><\/li>\n<\/ul>\n<p class=\"typography ids-typeset-body ids-typeset-body--preset-large link paragraph ids-paragraph ids-paragraph--default\">Ameryka\u0144ski prezydent zosta\u0142 zapytany, czy <a href=\"https:\/\/wydarzenia.interia.pl\/tematy-stany-zjednoczone,gsbi,4230\" rel=\"nofollow noopener\" target=\"_blank\">Stany Zjednoczone<\/a> dopuszczaj\u0105 mo\u017cliwo\u015b\u0107 wojny z <a href=\"https:\/\/wydarzenia.interia.pl\/tematy-wenezuela,gsbi,4627\" rel=\"nofollow noopener\" target=\"_blank\">Wenezuel\u0105<\/a>.\u00a0&#8211; Nie wykluczam tego\u00a0&#8211; odpar\u0142 Trump. Wcze\u015bniej republikanin wielokrotnie twierdzi\u0142, \u017ce za jego kadencji USA nie b\u0119d\u0105 &#8222;rozpoczyna\u0107 nowych wojen, lecz ko\u0144czy\u0107 wojny&#8221;.<\/p>\n<p class=\"typography ids-typeset-body ids-typeset-body--preset-large link paragraph ids-paragraph ids-paragraph--default\">Jednocze\u015bnie Trump zaznaczy\u0142 w czwartkowym wywiadzie, \u017ce prezydent Wenezueli wie, czego USA od niego oczekuj\u0105. &#8211; Wie dok\u0142adnie, czego chc\u0119. Wie to lepiej ni\u017c ktokolwiek inny\u00a0&#8211; stwierdzi\u0142, ale odm\u00f3wi\u0142 deklaracji, czy pozbawienie Maduro w\u0142adzy jest jego g\u0142\u00f3wnym celem.<\/p>\n<p class=\"typography ids-typeset-body ids-typeset-body--preset-large link paragraph ids-paragraph ids-paragraph--default\">We wtorek Trump nakaza\u0142 blokad\u0119 tankowc\u00f3w\u00a0obj\u0119tych sankcjami, p\u0142ywaj\u0105cych z i do Wenezueli. Ameryka\u0144ski prezydent zapowiedzia\u0142 z kolei w czwartek, \u017ce dzia\u0142ania te mog\u0105 by\u0107 kontynuowane.<\/p>\n<p class=\"typography ids-typeset-body ids-typeset-body--preset-large link paragraph ids-paragraph ids-paragraph--default\">&#8211; Je\u015bli b\u0119d\u0105 na tyle g\u0142upi, \u017ceby p\u0142ywa\u0107 dalej, to b\u0119d\u0105 ko\u0144czy\u0107 w jednym z naszych port\u00f3w &#8211; powiedzia\u0142.<\/p>\n<p>Donald Trump zwi\u0119ksza presj\u0119 na Nicolasa Maduro<\/p>\n<p class=\"typography ids-typeset-body ids-typeset-body--preset-large link paragraph ids-paragraph ids-paragraph--default\">Stany Zjednoczone zwi\u0119kszaj\u0105 w ostatnich dniach presj\u0119 na Wenezuel\u0119 i jej prezydenta Nicolasa Maduro. We wtorek Donald Trump okre\u015bli\u0142 re\u017cim Maduro jako &#8222;zagraniczn\u0105 organizacj\u0119 terrorystyczn\u0105&#8221;.<\/p>\n<p class=\"typography ids-typeset-body ids-typeset-body--preset-large link paragraph ids-paragraph ids-paragraph--default\">Prezydent USA stwierdzi\u0142 r\u00f3wnie\u017c, \u017ce &#8222;Wenezuela jest ca\u0142kowicie okr\u0105\u017cona przez najwi\u0119ksz\u0105 w historii armad\u0119 sformowan\u0105 w Ameryce Po\u0142udniowej&#8221;. Stany Zjednoczone prowadz\u0105 te\u017c ataki na statki przemytnicze na Karaibach. Dotychczas ameryka\u0144ska armia uderzy\u0142a w 28 \u0142odzi, w wyniku kt\u00f3rych zgin\u0119\u0142o 100 os\u00f3b.<\/p>\n<p class=\"typography ids-typeset-body ids-typeset-body--preset-large link paragraph ids-paragraph ids-paragraph--default\">W ostatnich tygodniach Trump nie wyklucza\u0142 ju\u017c uderze\u0144 w cele l\u0105dowe w Wenezueli, zwi\u0105zane przede wszystkim z produkcj\u0105 i handlem narkotykami. Prezydent USA twierdzi\u0142, \u017ce takie ataki maj\u0105 rozpocz\u0105\u0107 si\u0119 &#8222;nied\u0142ugo&#8221;.<\/p>\n<p class=\"typography ids-typeset-body ids-typeset-body--preset-large link paragraph ids-paragraph ids-paragraph--default\">\u0179r\u00f3d\u0142a:\u00a0NBC News, Interia<\/p>\n<p>&#8221;Wydarzenia&#8221;: Rynsztokowy j\u0119zyk w debacie politycznej. Od Sejmu a\u017c po Rady GminyPolsat NewsPolsat News<\/p>\n<p><a class=\"ids-undecorated-link source ids-page-info--source__link\" href=\"https:\/\/www.interia.pl\" rel=\"nofollow noopener\" target=\"_blank\"><img decoding=\"async\" class=\"ids-image-holder__img\" loading=\"lazy\" alt=\"\" title=\"\" height=\"24px\" src=\"https:\/\/www.europesays.com\/pl\/wp-content\/uploads\/2025\/12\/1766140511_244_0009A60QQ5I2TYF7-C202-F4.webp.webp\"\/><\/a><\/p>\n<p>Masz sugestie, uwagi albo widzisz b\u0142\u0105d? Napisz do nas<\/p>\n","protected":false},"excerpt":{"rendered":"W skr\u00f3cie Donald Trump nie wyklucza wojny z Wenezuel\u0105 i zapowiada dalsze przejmowanie tankowc\u00f3w oraz ataki na \u0142odzie&hellip;\n","protected":false},"author":2,"featured_media":159854,"comment_status":"","ping_status":"","sticky":false,"template":"","format":"standard","meta":{"footnotes":""},"categories":[14],"tags":[32,33,27,34,35,28,31,25,40,41,80,29,30,26,82,83,84],"class_list":{"0":"post-159853","1":"post","2":"type-post","3":"status-publish","4":"format-standard","5":"has-post-thumbnail","7":"category-swiat","8":"tag-breaking-news","9":"tag-breakingnews","10":"tag-headlines","11":"tag-latest-news","12":"tag-latestnews","13":"tag-naglowki","14":"tag-najwazniejsze-artykuly","15":"tag-news","16":"tag-polish","17":"tag-polski","18":"tag-swiat","19":"tag-top-stories","20":"tag-topstories","21":"tag-wiadomosci","22":"tag-world","23":"tag-world-news","24":"tag-worldnews"},"share_on_mastodon":{"url":"https:\/\/pubeurope.com\/@pl\/115746295771144405","error":""},"_links":{"self":[{"href":"https:\/\/www.europesays.com\/pl\/wp-json\/wp\/v2\/posts\/159853","targetHints":{"allow":["GET"]}}],"collection":[{"href":"https:\/\/www.europesays.com\/pl\/wp-json\/wp\/v2\/posts"}],"about":[{"href":"https:\/\/www.europesays.com\/pl\/wp-json\/wp\/v2\/types\/post"}],"author":[{"embeddable":true,"href":"https:\/\/www.europesays.com\/pl\/wp-json\/wp\/v2\/users\/2"}],"replies":[{"embeddable":true,"href":"https:\/\/www.europesays.com\/pl\/wp-json\/wp\/v2\/comments?post=159853"}],"version-history":[{"count":0,"href":"https:\/\/www.europesays.com\/pl\/wp-json\/wp\/v2\/posts\/159853\/revisions"}],"wp:featuredmedia":[{"embeddable":true,"href":"https:\/\/www.europesays.com\/pl\/wp-json\/wp\/v2\/media\/159854"}],"wp:attachment":[{"href":"https:\/\/www.europesays.com\/pl\/wp-json\/wp\/v2\/media?parent=159853"}],"wp:term":[{"taxonomy":"category","embeddable":true,"href":"https:\/\/www.europesays.com\/pl\/wp-json\/wp\/v2\/categories?post=159853"},{"taxonomy":"post_tag","embeddable":true,"href":"https:\/\/www.europesays.com\/pl\/wp-json\/wp\/v2\/tags?post=159853"}],"curies":[{"name":"wp","href":"https:\/\/api.w.org\/{rel}","templated":true}]}}