{"id":159855,"date":"2025-12-19T12:44:08","date_gmt":"2025-12-19T12:44:08","guid":{"rendered":"https:\/\/www.europesays.com\/pl\/159855\/"},"modified":"2025-12-19T12:44:08","modified_gmt":"2025-12-19T12:44:08","slug":"nasz-wysilek-nie-zostal-doceniony-2","status":"publish","type":"post","link":"https:\/\/www.europesays.com\/pl\/159855\/","title":{"rendered":"Nasz wysi\u0142ek nie zosta\u0142 doceniony"},"content":{"rendered":"<p data-section=\"detail-body\">Polski prezydent relacjonowa\u0142, \u017ce z Ze\u0142enskim rozmawiali te\u017c o &#8222;pewnej og\u00f3lnej atmosferze&#8221;, kt\u00f3ra \u2014 jak m\u00f3wi\u0142 \u2014 zyskuje swoje odbicie w badaniach sonda\u017cowych.<\/p>\n<p class=\"article_p\" data-section=\"detail-body\">Dalsza cz\u0119\u015b\u0107 artyku\u0142u pod wideo:<\/p>\n<p class=\"article_p\" data-section=\"detail-body\">\u2014 Polacy odnosz\u0105 wra\u017cenie, \u017ce <a href=\"https:\/\/businessinsider.com.pl\/wiadomosci\/niemcy-przekazuja-ukrainie-40-mln-euro-na-przetrwanie-zimy\/nbfzrv7\" id=\"a96b5326-fb1a-4245-a2a3-0530ef9a824c\" rel=\"nofollow noopener\" target=\"_blank\">nasz wysi\u0142ek czy wielowymiarowa pomoc Ukrainie<\/a> po rozpocz\u0119ciu pe\u0142noskalowej inwazji nie spotka\u0142y si\u0119 z nale\u017cytym docenieniem i zrozumieniem \u2014 zaznaczy\u0142 Nawrocki. \u2014 To przekaza\u0142em w twardej, uczciwej, ale bardzo mi\u0142ej, d\u017centelme\u0144skiej rozmowie z panem prezydentem Ze\u0142enskim \u2014 doda\u0142.<\/p>\n<p>        Wa\u017cne projekty gospodarcze z Ukrain\u0105<\/p>\n<p class=\"article_p\" data-section=\"detail-body\">Nawi\u0105zuj\u0105c do spraw gospodarczych, prezydent Karol Nawrocki podzi\u0119kowa\u0142 za dyskusje dotycz\u0105c\u0105 kwestii gospodarczych. \u2014 Dzi\u0119kuj\u0119 za jasne deklaracje udzia\u0142u polskich przedsi\u0119biorc\u00f3w w procesie inwestycyjnym odbudowy Ukrainy po pokoju, kt\u00f3rego wszyscy oczekujemy \u2014 zaznacza\u0142 Karol Nawrocki.<\/p>\n<p>            Czytaj tak\u017ce w BUSINESS INSIDER<\/p>\n<p class=\"article_p\" data-section=\"detail-body\">Wskaza\u0142, \u017ce Polska mo\u017ce sta\u0107 si\u0119 hubem gazowym dla Europy. Podkre\u015bli\u0142, \u017ce oba kraje maj\u0105 gotowo\u015b\u0107 do tego, by Polska sta\u0142a si\u0119 hubem energetycznym dla ca\u0142ego regionu Europy \u015arodkowej i Wschodniej. \u2014 Ok. 15 proc. energii trafia do Ukrainy przez \u015awinouj\u015bcie, to wielki potencja\u0142 dla naszej wsp\u00f3\u0142pracy \u2014 m\u00f3wi\u0142 prezydent Karol Nawrocki.<\/p>\n<p class=\"article_p\" data-section=\"detail-body\">\u2014 Wiele jest rzeczy strategicznych, rzeczy, kt\u00f3re decyduj\u0105 o tym, \u017ce powinni\u015bmy pozosta\u0107, \u017cy\u0107 i budowa\u0107 dobros\u0105siedzkie stosunki, a s\u0105 kwestie, <a href=\"https:\/\/businessinsider.com.pl\/gospodarka\/pfr-zapowiada-miliardowe-inwestycje-w-nowe-technologie-i-bezpieczenstwo-kraju\/ze3gwe0\" id=\"3150b14d-5584-4385-abf4-4eea8b764c01\" rel=\"nofollow noopener\" target=\"_blank\">kt\u00f3re po prostu zaczynamy w spos\u00f3b konsekwentny wyja\u015bnia\u0107 i na kt\u00f3re patrz\u0119 z optymizmem<\/a> \u2014 powiedzia\u0142 prezydent.<\/p>\n<p class=\"article_p\" data-section=\"detail-body\">Podkre\u015bli\u0142, \u017ce pokoju nie uda si\u0119 osi\u0105gn\u0105\u0107 bez zaanga\u017cowania Donalda Trumpa. \u2014 Jest w\u0142a\u015bciwie gwarancj\u0105 rozstrzygni\u0119cia tych spraw z my\u015bl\u0105, udzia\u0142em Ukrainy, zachowaniem integralno\u015bci terytorialnej i bezpiecze\u0144stwa ca\u0142ego regionu. Mamy \u015bwiadomo\u015b\u0107, \u017ce Donald Trump jest jedynym przyw\u00f3dc\u0105 na \u015bwiecie (&#8230;), kt\u00f3ry jest w stanie zmusi\u0107 W\u0142adimira Putina do podpisania pokoju \u2014 dodawa\u0142.<\/p>\n<p>        Ze\u0142enski dzi\u0119kuje za wsparcie<\/p>\n<p class=\"article_p\" data-section=\"detail-body\">Wo\u0142odymyr Ze\u0142enski podzi\u0119kowa\u0142 za wsparcie udzielane przez Polsk\u0119. \u2014 Dzi\u0119kuj\u0119 Polsce za bardzo odczuwalne wsparcie dla Ukrainy i dla Ukrai\u0144c\u00f3w od pocz\u0105tku rosyjskiej inwazji \u2014 podkre\u015bla\u0142.<\/p>\n<p class=\"article_p\" data-section=\"detail-body\">M\u00f3wi\u0142 o wsp\u00f3\u0142pracy wojskowej. \u2014 Ukraina dzieli si\u0119 do\u015bwiadczeniem w zakresie ochrony ludno\u015bci i produkcji broni, oferuje Polsce konsultacje w sprawie ochrony przed dronami; zaprosi\u0142em prezydenta Nawrockiego do Kijowa \u2014 dodawa\u0142.<\/p>\n<p class=\"article_p\" data-section=\"detail-body\">Wo\u0142odymyr Ze\u0142enski odni\u00f3s\u0142 si\u0119 te\u017c do kwestii r\u00f3\u017cnic historycznych. \u2014 Szanujemy pami\u0119\u0107 Polak\u00f3w i liczymy na szacunek Polak\u00f3w wobec naszej pami\u0119ci; powinni\u015bmy si\u0119 porozumie\u0107 w sprawie upami\u0119tnienia ofiar \u2014 dodawa\u0142.<\/p>\n<p class=\"article_p\" data-section=\"detail-body\">\u2014 Strona ukrai\u0144ska jest gotowa przyspieszy\u0107 proces ekshumacji ofiar zbrodni wo\u0142y\u0144skiej \u2014 zapewnia\u0142 Ze\u0142enski.<\/p>\n","protected":false},"excerpt":{"rendered":"Polski prezydent relacjonowa\u0142, \u017ce z Ze\u0142enskim rozmawiali te\u017c o &#8222;pewnej og\u00f3lnej atmosferze&#8221;, kt\u00f3ra \u2014 jak m\u00f3wi\u0142 \u2014 zyskuje&hellip;\n","protected":false},"author":2,"featured_media":159845,"comment_status":"","ping_status":"","sticky":false,"template":"","format":"standard","meta":{"footnotes":""},"categories":[12],"tags":[32,33,36,37,27,34,35,28,31,25,42,38,40,39,41,29,30,26],"class_list":{"0":"post-159855","1":"post","2":"type-post","3":"status-publish","4":"format-standard","5":"has-post-thumbnail","7":"category-polska","8":"tag-breaking-news","9":"tag-breakingnews","10":"tag-featured-news","11":"tag-featurednews","12":"tag-headlines","13":"tag-latest-news","14":"tag-latestnews","15":"tag-naglowki","16":"tag-najwazniejsze-artykuly","17":"tag-news","18":"tag-pl","19":"tag-poland","20":"tag-polish","21":"tag-polska","22":"tag-polski","23":"tag-top-stories","24":"tag-topstories","25":"tag-wiadomosci"},"share_on_mastodon":{"url":"https:\/\/pubeurope.com\/@pl\/115746299264630200","error":""},"_links":{"self":[{"href":"https:\/\/www.europesays.com\/pl\/wp-json\/wp\/v2\/posts\/159855","targetHints":{"allow":["GET"]}}],"collection":[{"href":"https:\/\/www.europesays.com\/pl\/wp-json\/wp\/v2\/posts"}],"about":[{"href":"https:\/\/www.europesays.com\/pl\/wp-json\/wp\/v2\/types\/post"}],"author":[{"embeddable":true,"href":"https:\/\/www.europesays.com\/pl\/wp-json\/wp\/v2\/users\/2"}],"replies":[{"embeddable":true,"href":"https:\/\/www.europesays.com\/pl\/wp-json\/wp\/v2\/comments?post=159855"}],"version-history":[{"count":0,"href":"https:\/\/www.europesays.com\/pl\/wp-json\/wp\/v2\/posts\/159855\/revisions"}],"wp:featuredmedia":[{"embeddable":true,"href":"https:\/\/www.europesays.com\/pl\/wp-json\/wp\/v2\/media\/159845"}],"wp:attachment":[{"href":"https:\/\/www.europesays.com\/pl\/wp-json\/wp\/v2\/media?parent=159855"}],"wp:term":[{"taxonomy":"category","embeddable":true,"href":"https:\/\/www.europesays.com\/pl\/wp-json\/wp\/v2\/categories?post=159855"},{"taxonomy":"post_tag","embeddable":true,"href":"https:\/\/www.europesays.com\/pl\/wp-json\/wp\/v2\/tags?post=159855"}],"curies":[{"name":"wp","href":"https:\/\/api.w.org\/{rel}","templated":true}]}}