{"id":159856,"date":"2025-12-19T12:45:09","date_gmt":"2025-12-19T12:45:09","guid":{"rendered":"https:\/\/www.europesays.com\/pl\/159856\/"},"modified":"2025-12-19T12:45:09","modified_gmt":"2025-12-19T12:45:09","slug":"bigosowe-l4-polacy-przedluzaja-wolne-money-pl","status":"publish","type":"post","link":"https:\/\/www.europesays.com\/pl\/159856\/","title":{"rendered":"&quot;Bigosowe&quot; L4. Polacy przed\u0142u\u017caj\u0105 wolne &#8211; Money.pl"},"content":{"rendered":"<ol>\n<li><a href=\"https:\/\/news.google.com\/rss\/articles\/CBMilgFBVV95cUxOWndMcGxRaFB3WFBnd2NZMmtVd043VFpjS2U2ckw0RUlXVkp6alluY2QzRFdmdlpLOTRGZE5RbE0xRi0wX0dTMjN3RDRoZ3JBdWdWQ3dVMlRPeEplemplNzlIdTdlZWRzMEZjMzJrdHR1M3N5OUFxSUZ5RTRpTmIyOVR5RzFHdUJpdlhCd3J1S3VYS1hVZnc?oc=5\" target=\"_blank\" rel=\"nofollow noopener\">&#8222;Bigosowe&#8221; L4. Polacy przed\u0142u\u017caj\u0105 wolne<\/a>&nbsp;&nbsp;Money.pl<\/li>\n<li><a href=\"https:\/\/news.google.com\/rss\/articles\/CBMipgFBVV95cUxPa25VRmxfOHl3ejdPNGVtamhWd3ZGYTE2aWdNMXVxWFNneFdLLVhhMVE2WDBxTlMzVmVlV0l3MVN4WS03c2t5RTd3RzRSYkQyVndJa3RZUTBfaVFDUmhuV0V6Q2FxQUprUC1RYlMxbEo1RFRCTUJYaVVuOExhR1FYLWx1MXFxLW9oR0dKczVIOGRPU0o5blhBeUZBYjFmY3p0WFNhazNR?oc=5\" target=\"_blank\" rel=\"nofollow noopener\">Pa\u0144stwowa Inspekcja Pracy ostrzega pracodawc\u00f3w. Zapowiada kontrole po \u015bwi\u0119tach<\/a>&nbsp;&nbsp;Onet Wiadomo\u015bci<\/li>\n<li><a href=\"https:\/\/news.google.com\/rss\/articles\/CBMisAFBVV95cUxPSllyNmxXZEVXa1EwOEtRRmFhU0xPWFMzcnJpYUJBbEpYc2RlN29DWC0xUTNteVRqQ2E5QS0wNU8tNnhrUElVYkJNNDJJWVc5c1NnYkN6TEpKSC1jNHNoazhwVEdPX0FmQ00zMUladTlGYmpueHE2NzdDODJxdVFmTkJaZXVZRnIweWJ4V0YzM1J5WHVwa2lKaU5LaC1GTWtyckNlQ2FfS2JFNTRyc1ZRbg?oc=5\" target=\"_blank\" rel=\"nofollow noopener\">30 albo 100 tys. kary. PIP sprawdzi, czy Wigilia by\u0142a wolna od pracy<\/a>&nbsp;&nbsp;RMF24<\/li>\n<li><a href=\"https:\/\/news.google.com\/rss\/articles\/CBMiuAFBVV95cUxQRmtSRkhoVEh1d290UmFTeEpVcGN1OFRKU2JfTHp5RHZ5dWJFcHJjdHRRcDlTMWdfZ2lDWmRvSGtaclk1X082TFF2LVJpQ2laUDN4MG1GQ1hXdWkzN0tGNDkwWWtibVZBUnFPUnlFZ2wzU1ctRGJNR01Jd3lzaGhTLXM5WFBEcjBfMVN5WkRxdlJMMXdJclZHVnduRmp5MTM0bThuQmFfcmE1SUE0V1A2X1dNbmx4aFNH?oc=5\" target=\"_blank\" rel=\"nofollow noopener\">Pierwsza taka Wigilia w Polsce. Sklepy zamkni\u0119te, ale s\u0105 wyj\u0105tki<\/a>&nbsp;&nbsp;Strefa Biznesu<\/li>\n<li><a href=\"https:\/\/news.google.com\/rss\/articles\/CBMi3gFBVV95cUxOVEJUdE9WVEFlV0pHaFdSclhnVG9NTllvV1p6OFNoZDRqTjAtRnZUclhsaTVkQ216Z0wyYkV4SlRrUlhOY2FwU3VCdnNxWDgtcXdKOG1fa2J1bERQajhrYUk5Q0Fwa1FUcDl1SmVBUDdlQWxmTm5pV0l4c1lEc2plLThHQ3QwclZ0N2pfX0dFVzRjdFBpVThyTWszME93VF9wcFNLUzJob29Rb3N1ZnZ5MHJDbW80UzRWWVJkRGFUd1NVLXd6YkoyWDYyYzNCNmlfbzFQaGFNVmozX2ExQUE?oc=5\" target=\"_blank\" rel=\"nofollow noopener\">Rz\u0105d zlikwidowa\u0142 uci\u0105\u017cliwy obowi\u0105zek dla nauczycieli. W tym roku skorzystaj\u0105 po raz pierwszy<\/a>&nbsp;&nbsp;Portal Samorz\u0105dowy<\/li>\n<\/ol>\n","protected":false},"excerpt":{"rendered":"&#8222;Bigosowe&#8221; L4. Polacy przed\u0142u\u017caj\u0105 wolne&nbsp;&nbsp;Money.pl Pa\u0144stwowa Inspekcja Pracy ostrzega pracodawc\u00f3w. Zapowiada kontrole po \u015bwi\u0119tach&nbsp;&nbsp;Onet Wiadomo\u015bci 30 albo 100&hellip;\n","protected":false},"author":2,"featured_media":159857,"comment_status":"","ping_status":"","sticky":false,"template":"","format":"standard","meta":{"footnotes":""},"categories":[5],"tags":[32,33,36,37,27,34,35,28,31,25,42,38,40,39,41,29,30,26],"class_list":{"0":"post-159856","1":"post","2":"type-post","3":"status-publish","4":"format-standard","5":"has-post-thumbnail","7":"category-naglowki","8":"tag-breaking-news","9":"tag-breakingnews","10":"tag-featured-news","11":"tag-featurednews","12":"tag-headlines","13":"tag-latest-news","14":"tag-latestnews","15":"tag-naglowki","16":"tag-najwazniejsze-artykuly","17":"tag-news","18":"tag-pl","19":"tag-poland","20":"tag-polish","21":"tag-polska","22":"tag-polski","23":"tag-top-stories","24":"tag-topstories","25":"tag-wiadomosci"},"share_on_mastodon":{"url":"https:\/\/pubeurope.com\/@pl\/115746303151884115","error":""},"_links":{"self":[{"href":"https:\/\/www.europesays.com\/pl\/wp-json\/wp\/v2\/posts\/159856","targetHints":{"allow":["GET"]}}],"collection":[{"href":"https:\/\/www.europesays.com\/pl\/wp-json\/wp\/v2\/posts"}],"about":[{"href":"https:\/\/www.europesays.com\/pl\/wp-json\/wp\/v2\/types\/post"}],"author":[{"embeddable":true,"href":"https:\/\/www.europesays.com\/pl\/wp-json\/wp\/v2\/users\/2"}],"replies":[{"embeddable":true,"href":"https:\/\/www.europesays.com\/pl\/wp-json\/wp\/v2\/comments?post=159856"}],"version-history":[{"count":0,"href":"https:\/\/www.europesays.com\/pl\/wp-json\/wp\/v2\/posts\/159856\/revisions"}],"wp:featuredmedia":[{"embeddable":true,"href":"https:\/\/www.europesays.com\/pl\/wp-json\/wp\/v2\/media\/159857"}],"wp:attachment":[{"href":"https:\/\/www.europesays.com\/pl\/wp-json\/wp\/v2\/media?parent=159856"}],"wp:term":[{"taxonomy":"category","embeddable":true,"href":"https:\/\/www.europesays.com\/pl\/wp-json\/wp\/v2\/categories?post=159856"},{"taxonomy":"post_tag","embeddable":true,"href":"https:\/\/www.europesays.com\/pl\/wp-json\/wp\/v2\/tags?post=159856"}],"curies":[{"name":"wp","href":"https:\/\/api.w.org\/{rel}","templated":true}]}}