{"id":159862,"date":"2025-12-19T12:49:10","date_gmt":"2025-12-19T12:49:10","guid":{"rendered":"https:\/\/www.europesays.com\/pl\/159862\/"},"modified":"2025-12-19T12:49:10","modified_gmt":"2025-12-19T12:49:10","slug":"pracownik-lidla-ujawnil-swoje-zarobki-takie-sa-szczegoly-jego-wynagrodzenia-onet","status":"publish","type":"post","link":"https:\/\/www.europesays.com\/pl\/159862\/","title":{"rendered":"Pracownik Lidla ujawni\u0142 swoje zarobki. Takie s\u0105 szczeg\u00f3\u0142y jego wynagrodzenia &#8211; Onet"},"content":{"rendered":"<ol>\n<li><a href=\"https:\/\/news.google.com\/rss\/articles\/CBMiyAFBVV95cUxOZ0x4c1JFV3pIdHpuR0JfU1hNd2RHdW1CVVJhUVF6SGJSR0t0Y1BDV3QzTjZtTjluMS1wcXBuWFdVYW9Sb1VwWUdjSXlxOHNGNGpjcXY1RDNVTXFJMlRkdmI2YkV4UXhWTTdxZ0tiWElvUWczeUhkdEhPeGhmVE14RF9JWDYtUWhBSXk5YVJYV05wVll0cDlEckgxUVJrRzJrWWVQdTR2Q29HVVU1ekZKVUwzaU9GY0RudjdYV0YzME1nSjd4Tnk0WQ?oc=5\" target=\"_blank\" rel=\"nofollow noopener\">Pracownik Lidla ujawni\u0142 swoje zarobki. Takie s\u0105 szczeg\u00f3\u0142y jego wynagrodzenia<\/a>&nbsp;&nbsp;Onet<\/li>\n<li><a href=\"https:\/\/news.google.com\/rss\/articles\/CBMinAFBVV95cUxOcHBZT0hpcXhkdzZfcTBDM0FpYURrN1VHSlJadTNMME1aUy1fOHNTT2xHUUNlNGFpLUV5QURtRExESXBIcmxxTlk2cjFtcC04dFNSSWNqc1plbkVHZFIyU3ZGWTlUelpMdWVveWNITmk0OGJZaFJXTU53THUtd0FKWXN2aEdFN1AtOWZVNEpUem1uMENrUnRDdktFS0k?oc=5\" target=\"_blank\" rel=\"nofollow noopener\">Zatrudni\u0142 si\u0119 w Lidlu. Poda\u0142 dok\u0142adne kwoty swoich wyp\u0142at<\/a>&nbsp;&nbsp;WP Kobieta<\/li>\n<li><a href=\"https:\/\/news.google.com\/rss\/articles\/CBMirwFBVV95cUxQWFY0d1JqZm5HNDNQMnFQZHBIQUF5c1pLeDMtR1hYclgzMXpVRV9ybDgtR1RyT3FfYVI0ZjUzTFRBMjBOUm9fWHY3SnhZTUJfeFg4Q2pGUDMtLW9Ia3dkaGJfS1lJSmN6bExfbE5YT1Q1YndoYV9SaFpkblhwWXRGQXBXekFqXzBUd3dpaTk5SG9zQ0tFbzlvcTF3RVdTMHczMFVvckFRbXljN2JrNWEw?oc=5\" target=\"_blank\" rel=\"nofollow noopener\">Nowy rok, nowe pensje. Lidl, Aldi i Kaufland podnosz\u0105 p\u0142ace<\/a>&nbsp;&nbsp;Bankier.pl<\/li>\n<li><a href=\"https:\/\/news.google.com\/rss\/articles\/CBMixgFBVV95cUxOd2hSYW12UDIxNGVrZldpSGtpekFXaXpiQkVHNklkcmFnWUNFdnQ5ZC1yelhHeHpRX0ZSR29TRUtfOURyby1XazFZN2Jva0l0enlmUmFMRzhHT094SVA1OVdfbXl6djJPNnh5UzYtbURsLS1JMk44elgtdTJEeVNVbXYtWUZVNnJjdG1aWGJrNGRWZlB1Z3BCb3lLOGpfYzlkdU01M0t5cFVkZVpRWC1ZYUtCV2o2dHU4N1NEUXRRT3ZPb1JaZ3c?oc=5\" target=\"_blank\" rel=\"nofollow noopener\">Mi\u0119dzy kosztami a ekspansj\u0105. Rok 2025 ujawnia kierunek zmian w Aldi<\/a>&nbsp;&nbsp;Portal spo\u017cywczy<\/li>\n<li><a href=\"https:\/\/news.google.com\/rss\/articles\/CBMizwFBVV95cUxOZDJ0dTlnY2dTT0s4WVNyR2RwQnR1eDN5VDBqQmxiRVV1WElEcWNtUDU5Vy1IZ0ROY1kyaUpDOW0tbFhCRkFYSWszS2JhdU1BZ1p1QnFCZ1M0UnByODdqZnBmeFZad1NSY2RjWC1JSUZYZGlVblI5eEhMbFBLYmFXb25xMnZHNFJubnQ5VlNFVjFIX3ltZDMxZWhnWFdUTnZ4bjl5Y0RpY2hfTzlzOEQ5bnF6OXIyYnJ4ejdWM3Y4WEpzN281T2p2OG5jcklXemM?oc=5\" target=\"_blank\" rel=\"nofollow noopener\">Kaufland wysup\u0142a\u0142 pieni\u0105dze na podwy\u017cki. Zwi\u0105zkowcy: To symboliczny wzrost<\/a>&nbsp;&nbsp;Wiadomo\u015bci Handlowe<\/li>\n<\/ol>\n","protected":false},"excerpt":{"rendered":"Pracownik Lidla ujawni\u0142 swoje zarobki. Takie s\u0105 szczeg\u00f3\u0142y jego wynagrodzenia&nbsp;&nbsp;Onet Zatrudni\u0142 si\u0119 w Lidlu. Poda\u0142 dok\u0142adne kwoty swoich&hellip;\n","protected":false},"author":2,"featured_media":159863,"comment_status":"","ping_status":"","sticky":false,"template":"","format":"standard","meta":{"footnotes":""},"categories":[16],"tags":[113,112,67,3343,53,52,68,51,55,42,38,40,39,41,2677,47,196,65,50,24290],"class_list":{"0":"post-159862","1":"post","2":"type-post","3":"status-publish","4":"format-standard","5":"has-post-thumbnail","7":"category-biznes","8":"tag-biznes","9":"tag-business","10":"tag-intextvideo_splayer","11":"tag-lidl","12":"tag-new_header","13":"tag-onet3","14":"tag-onet3d","15":"tag-onet3d_2i","16":"tag-phx","17":"tag-pl","18":"tag-poland","19":"tag-polish","20":"tag-polska","21":"tag-polski","22":"tag-pracownicy","23":"tag-screening_general","24":"tag-styl_zycia","25":"tag-update_me","26":"tag-v2021","27":"tag-wynagrodzenie_placa_place_pensje_srednia_krajowa_najnizsza_pensja"},"share_on_mastodon":{"url":"https:\/\/pubeurope.com\/@pl\/115746318921897260","error":""},"_links":{"self":[{"href":"https:\/\/www.europesays.com\/pl\/wp-json\/wp\/v2\/posts\/159862","targetHints":{"allow":["GET"]}}],"collection":[{"href":"https:\/\/www.europesays.com\/pl\/wp-json\/wp\/v2\/posts"}],"about":[{"href":"https:\/\/www.europesays.com\/pl\/wp-json\/wp\/v2\/types\/post"}],"author":[{"embeddable":true,"href":"https:\/\/www.europesays.com\/pl\/wp-json\/wp\/v2\/users\/2"}],"replies":[{"embeddable":true,"href":"https:\/\/www.europesays.com\/pl\/wp-json\/wp\/v2\/comments?post=159862"}],"version-history":[{"count":0,"href":"https:\/\/www.europesays.com\/pl\/wp-json\/wp\/v2\/posts\/159862\/revisions"}],"wp:featuredmedia":[{"embeddable":true,"href":"https:\/\/www.europesays.com\/pl\/wp-json\/wp\/v2\/media\/159863"}],"wp:attachment":[{"href":"https:\/\/www.europesays.com\/pl\/wp-json\/wp\/v2\/media?parent=159862"}],"wp:term":[{"taxonomy":"category","embeddable":true,"href":"https:\/\/www.europesays.com\/pl\/wp-json\/wp\/v2\/categories?post=159862"},{"taxonomy":"post_tag","embeddable":true,"href":"https:\/\/www.europesays.com\/pl\/wp-json\/wp\/v2\/tags?post=159862"}],"curies":[{"name":"wp","href":"https:\/\/api.w.org\/{rel}","templated":true}]}}