{"id":159866,"date":"2025-12-19T12:51:14","date_gmt":"2025-12-19T12:51:14","guid":{"rendered":"https:\/\/www.europesays.com\/pl\/159866\/"},"modified":"2025-12-19T12:51:14","modified_gmt":"2025-12-19T12:51:14","slug":"sylwia-c-gdanska-radna-koalicji-obywatelskiej-uslyszala-zarzuty","status":"publish","type":"post","link":"https:\/\/www.europesays.com\/pl\/159866\/","title":{"rendered":"Sylwia C., gda\u0144ska radna Koalicji Obywatelskiej, us\u0142ysza\u0142a zarzuty"},"content":{"rendered":"<p>Sylwia C., gda\u0144ska radna Koalicji Obywatelskiej, us\u0142ysza\u0142a zarzuty zniewa\u017cenia i naruszenia nietykalno\u015bci taks\u00f3wkarza. Chodzi o spraw\u0119 z wrze\u015bnia, kiedy lokalna polityk &#8211; jad\u0105c wraz z dzie\u0107mi na stadion w Gda\u0144sku &#8211; zrobi\u0142a kierowcy awantur\u0119.<\/p>\n<p>                         &#13;<br \/>\n        &#13;<\/p>\n<p>                                        &#13;<br \/>\n                        &#13;<br \/>\n                            <img decoding=\"async\" src=\"https:\/\/www.europesays.com\/pl\/wp-content\/uploads\/2025\/12\/000M3MEHEG48TEHC-C123-F4.jpg\" title=\"Radna z Koalicji Obywatelskiej ma k\u0142opoty. Us\u0142ysza\u0142a zarzuty\" alt=\"Radna z Koalicji Obywatelskiej ma k\u0142opoty. Us\u0142ysza\u0142a zarzuty\" class=\"img-responsive\"\/>&#13;<\/p>\n<p>                            &#13;<\/p>\n<p>      &#13;<br \/>\n                            Zdj\u0119cie ilustracyjne&#13;<br \/>\n                                    \/Shutterstock  &#13;\n                                    <\/p>\n<p>&#13;<\/p>\n<ul class=\"bullet\">\n<li>Gda\u0144ska prokuratura okr\u0119gowa postawi\u0142a radnej KO Sylwii C. zarzuty zniewa\u017cenia i naruszenia nietykalno\u015bci cielesnej taks\u00f3wkarza po awanturze podczas kursu na stadion w Gda\u0144sku.<\/li>\n<li>Radna nie przyzna\u0142a si\u0119 do winy, odm\u00f3wi\u0142a sk\u0142adania wyja\u015bnie\u0144 i poprosi\u0142a o zawieszenie cz\u0142onkostwa w klubie radnych oraz partii; przeprosi\u0142a za u\u017cycie wulgaryzm\u00f3w.<\/li>\n<li>Nagranie z taks\u00f3wki ujawni\u0142o, \u017ce to radna u\u017cywa\u0142a wulgaryzm\u00f3w, a kierowca zachowywa\u0142 si\u0119 spokojnie; nie potwierdzono u\u017cycia gazu przez taks\u00f3wkarza.<\/li>\n<li>Po wi\u0119cej news\u00f3w lokalnych zapraszamy na\u00a0<a href=\"https:\/\/www.rmf24.pl\/\" target=\"_blank\" rel=\"noreferrer noopener nofollow\">stron\u0119 g\u0142\u00f3wn\u0105 RMF24.pl<\/a>.<\/li>\n<\/ul>\n<p>Rzecznik prasowy Prokuratury Okr\u0119gowej w Gda\u0144sku Mariusz Duszy\u0144ski przekaza\u0142 w czwartek, \u017ce 16 grudnia prokuratura og\u0142osi\u0142a Sylwii C. zarzuty zniewa\u017cenia s\u0142owami wulgarnymi oraz naruszenia nietykalno\u015bci cielesnej pokrzywdzonego.\u00a0Podejrzana Sylwia C. nie przyzna\u0142a si\u0119 do stawianych zarzut\u00f3w i skorzysta\u0142a z prawa do odmowy sk\u0142adania wyja\u015bnie\u0144 &#8211; doda\u0142.<\/p>\n<p>Sprawa dotyczy zdarzenia z wrze\u015bnia br., kiedy Sylwia C. na portalu spo\u0142eczno\u015bciowym umie\u015bci\u0142a zdj\u0119cie kropl\u00f3wki i wpis dotycz\u0105cy przebiegu jej przejazdu taks\u00f3wk\u0105 na gda\u0144ski stadion. Odbywa\u0142 si\u0119 tam mecz Lechii Gda\u0144sk z GKS Katowice. Radna napisa\u0142a, \u017ce w trakcie przejazdu kierowca wysadzi\u0142 j\u0105 i dzieci, z kt\u00f3rymi jecha\u0142a, w innym miejscu. Nast\u0119pnie, zdaniem radnej, kierowca wpad\u0142 w sza\u0142, wykrzykiwa\u0142 wulgaryzmy, pr\u00f3bowa\u0142 j\u0105 oplu\u0107 i spryska\u0142 jej twarz gazem.<\/p>\n<p>&#8222;Gdy zwr\u00f3ci\u0142am uwag\u0119, \u017ce pan najpierw podjecha\u0142 po nas w z\u0142e miejsce, a teraz wysadzi\u0142 nas r\u00f3wnie\u017c w z\u0142ym miejscu i utrudnia ludziom \u017cycie, nie znaj\u0105c j\u0119zyka w tej pracy, wpad\u0142 w sza\u0142 i gdy ju\u017c wysiadali\u015bmy &#8211; wykrzykuj\u0105c wulgaryzmy &#8211; pr\u00f3bowa\u0142 mnie oplu\u0107, a ostatecznie wyci\u0105gn\u0105\u0142 gaz i spryska\u0142 mi twarz&#8221; &#8211; napisa\u0142a radna we wpisie, kt\u00f3ry p\u00f3\u017aniej usun\u0119\u0142a.<\/p>\n<p>Po wpisie radnej do portalu trojmiasto.pl zwr\u00f3ci\u0142 si\u0119 kierowca taks\u00f3wki, kt\u00f3ry przekaza\u0142 nagranie z rejestratora w poje\u017adzie. Na nagraniu zamieszczonym w serwisie s\u0142ycha\u0107 rozmow\u0119 kobiety z taks\u00f3wkarzem. Wbrew temu, co twierdzi\u0142a w swojej wersji wydarze\u0144, kierowca pos\u0142uguje si\u0119 p\u0142ynnie j\u0119zykiem polskim. Podczas dyskusji taks\u00f3wkarz m\u00f3wi spokojnie, a radna u\u017cywa wulgarnych s\u0142\u00f3w i odsy\u0142a kierowc\u0119 do &#8222;swojego kraju&#8221;. Na umieszczonym nagraniu nie ma momentu opryskania polityczki KO gazem.<\/p>\n<p>Sylwia C. poinformowa\u0142a, \u017ce poprosi\u0142a o zawieszenie jej cz\u0142onkostwa w Klubie Radnych Koalicji Obywatelskiej w Radzie Miasta Gda\u0144ska i w strukturach partii Inicjatywa Polska. Przeprosi\u0142a m.in. za wulgaryzmy.<\/p>\n<p>Zawiadomienia ws. awantury w taks\u00f3wce z\u0142o\u017cyli zar\u00f3wno Sylwia C., jak i kierowca. Post\u0119powanie po zawiadomieniu polityk KO zosta\u0142o umorzone.<\/p>\n","protected":false},"excerpt":{"rendered":"Sylwia C., gda\u0144ska radna Koalicji Obywatelskiej, us\u0142ysza\u0142a zarzuty zniewa\u017cenia i naruszenia nietykalno\u015bci taks\u00f3wkarza. Chodzi o spraw\u0119 z wrze\u015bnia,&hellip;\n","protected":false},"author":2,"featured_media":159867,"comment_status":"","ping_status":"","sticky":false,"template":"","format":"standard","meta":{"footnotes":""},"categories":[12],"tags":[32,33,36,37,27,34,35,28,31,25,42,38,40,39,41,29,30,26],"class_list":{"0":"post-159866","1":"post","2":"type-post","3":"status-publish","4":"format-standard","5":"has-post-thumbnail","7":"category-polska","8":"tag-breaking-news","9":"tag-breakingnews","10":"tag-featured-news","11":"tag-featurednews","12":"tag-headlines","13":"tag-latest-news","14":"tag-latestnews","15":"tag-naglowki","16":"tag-najwazniejsze-artykuly","17":"tag-news","18":"tag-pl","19":"tag-poland","20":"tag-polish","21":"tag-polska","22":"tag-polski","23":"tag-top-stories","24":"tag-topstories","25":"tag-wiadomosci"},"share_on_mastodon":{"url":"https:\/\/pubeurope.com\/@pl\/115746327018613456","error":""},"_links":{"self":[{"href":"https:\/\/www.europesays.com\/pl\/wp-json\/wp\/v2\/posts\/159866","targetHints":{"allow":["GET"]}}],"collection":[{"href":"https:\/\/www.europesays.com\/pl\/wp-json\/wp\/v2\/posts"}],"about":[{"href":"https:\/\/www.europesays.com\/pl\/wp-json\/wp\/v2\/types\/post"}],"author":[{"embeddable":true,"href":"https:\/\/www.europesays.com\/pl\/wp-json\/wp\/v2\/users\/2"}],"replies":[{"embeddable":true,"href":"https:\/\/www.europesays.com\/pl\/wp-json\/wp\/v2\/comments?post=159866"}],"version-history":[{"count":0,"href":"https:\/\/www.europesays.com\/pl\/wp-json\/wp\/v2\/posts\/159866\/revisions"}],"wp:featuredmedia":[{"embeddable":true,"href":"https:\/\/www.europesays.com\/pl\/wp-json\/wp\/v2\/media\/159867"}],"wp:attachment":[{"href":"https:\/\/www.europesays.com\/pl\/wp-json\/wp\/v2\/media?parent=159866"}],"wp:term":[{"taxonomy":"category","embeddable":true,"href":"https:\/\/www.europesays.com\/pl\/wp-json\/wp\/v2\/categories?post=159866"},{"taxonomy":"post_tag","embeddable":true,"href":"https:\/\/www.europesays.com\/pl\/wp-json\/wp\/v2\/tags?post=159866"}],"curies":[{"name":"wp","href":"https:\/\/api.w.org\/{rel}","templated":true}]}}