{"id":159868,"date":"2025-12-19T12:52:10","date_gmt":"2025-12-19T12:52:10","guid":{"rendered":"https:\/\/www.europesays.com\/pl\/159868\/"},"modified":"2025-12-19T12:52:10","modified_gmt":"2025-12-19T12:52:10","slug":"premier-tusk-spotka-sie-z-prezydentem-zelenskim-w-warszawie","status":"publish","type":"post","link":"https:\/\/www.europesays.com\/pl\/159868\/","title":{"rendered":"Premier Tusk spotka si\u0119 z prezydentem Ze\u0142enskim w Warszawie"},"content":{"rendered":"<p class=\"ods-c-paragraph \">Jeszcze w czwartek premier Donald Tusk m\u00f3wi\u0142, \u017ce je\u015bli szczyt Rady Europejskiej w Brukseli nadmiernie si\u0119 nie przed\u0142u\u017cy, to najprawdopodobniej dojdzie do spotkania z prezydentem Ukrainy w Warszawie.<\/p>\n<p>Dalszy ci\u0105g artyku\u0142u pod materia\u0142em wideo<\/p>\n<p> Kiedy odb\u0119dzie si\u0119 spotkanie Tuska z Ze\u0142enskim? <\/p>\n<p> Jakie tematy zostan\u0105 poruszone podczas spotkania? <\/p>\n<p> Czy spotkanie jest potwierdzone? <\/p>\n<p> Z kim jeszcze spotka si\u0119 prezydent Ze\u0142enski w Warszawie? <\/p>\n<p class=\"ods-c-paragraph \">\u2014 Prezydent Ze\u0142enski m\u00f3wi\u0142, \u017ce nie wyobra\u017ca sobie wizyty w Polsce bez spotkania ze mn\u0105, z oczywistych wzgl\u0119d\u00f3w, bo to rz\u0105d realizuje polityk\u0119 tak\u017ce wobec Ukrainy \u2014 relacjonowa\u0142 Tusk. Ju\u017c wcze\u015bniej w Onecie relacjonowali\u015bmy, \u017ce to <a href=\"https:\/\/wiadomosci.onet.pl\/tylko-w-onecie\/zelenski-zabiega-o-spotkanie-z-donaldem-tuskiem-w-warszawie-kulisy-negocjacji\/g4sxe78\" id=\"418bea09-d0cd-46a9-9ca2-403fcfcdb805\" rel=\"nofollow noopener\" target=\"_blank\">prezydentowi Ukrainy mia\u0142o bardzo zale\u017ce\u0107 na spotkaniu z Tuskiem<\/a>.<\/p>\n<p>Pewnie spotkanie Tuska i Ze\u0142enskiego<\/p>\n<p class=\"ods-c-paragraph \">Teraz nie ma w\u0105tpliwo\u015bci \u2014 PAP poda\u0142a, \u017ce o godz. 15.45 w Kancelarii Prezesa Rady Ministr\u00f3w premier Tusk spotka si\u0119 z prezydentem Ze\u0142enskim.<\/p>\n<p class=\"ods-c-paragraph \">Informacje potwierdzi\u0142 tak\u017ce Donald Tusk podczas konferencji prasowej po szczycie Rady Europejskiej. \u2014 B\u0119d\u0119 z prezydentem Ze\u0142enskim rozmawia\u0142 jeszcze dzi\u015b po po\u0142udniu. A jest o czym rozmawia\u0107 \u2014 powiedzia\u0142.<\/p>\n<p class=\"ods-c-paragraph \">Wcze\u015bniej tego dnia <a href=\"https:\/\/wiadomosci.onet.pl\/kraj\/witold-jurasz-wolodymyr-zelenski-w-polsce-dwie-rzeczy-sa-pewne\/bn7wh9l\" id=\"8caf57d9-002d-4e40-b9e5-e2a0e94651d4\" rel=\"nofollow noopener\" target=\"_blank\">prezydent Ukrainy ma zaplanowane spotkania z prezydentem Karolem Nawrockim<\/a> oraz z marsza\u0142kami Sejmu i Senatu. W czasie rozmowy g\u0142\u00f3w pa\u0144stw poruszone zostan\u0105 trzy g\u0142\u00f3wne tematy \u2014 bezpiecze\u0144stwo, gospodarka oraz kwestie historyczne. Jest to pierwsze oficjalne spotkanie prezydent\u00f3w Polski i Ukrainy. Wizyta ju\u017c si\u0119 rozpocz\u0119\u0142a.<\/p>\n","protected":false},"excerpt":{"rendered":"Jeszcze w czwartek premier Donald Tusk m\u00f3wi\u0142, \u017ce je\u015bli szczyt Rady Europejskiej w Brukseli nadmiernie si\u0119 nie przed\u0142u\u017cy,&hellip;\n","protected":false},"author":2,"featured_media":97591,"comment_status":"","ping_status":"","sticky":false,"template":"","format":"standard","meta":{"footnotes":""},"categories":[5],"tags":[32,33,212,36,37,27,43,49,34,35,28,31,48,25,46,42,38,40,39,41,20445,47,29,30,415,26,309],"class_list":{"0":"post-159868","1":"post","2":"type-post","3":"status-publish","4":"format-standard","5":"has-post-thumbnail","7":"category-naglowki","8":"tag-breaking-news","9":"tag-breakingnews","10":"tag-donald_tusk","11":"tag-featured-news","12":"tag-featurednews","13":"tag-headlines","14":"tag-karol_nawrocki","15":"tag-kraj","16":"tag-latest-news","17":"tag-latestnews","18":"tag-naglowki","19":"tag-najwazniejsze-artykuly","20":"tag-nat_styl","21":"tag-news","22":"tag-omp","23":"tag-pl","24":"tag-poland","25":"tag-polish","26":"tag-polska","27":"tag-polski","28":"tag-rada_europejska","29":"tag-screening_general","30":"tag-top-stories","31":"tag-topstories","32":"tag-ukraina","33":"tag-wiadomosci","34":"tag-wolodymyr_zelenski"},"share_on_mastodon":{"url":"https:\/\/pubeurope.com\/@pl\/115746331011562587","error":""},"_links":{"self":[{"href":"https:\/\/www.europesays.com\/pl\/wp-json\/wp\/v2\/posts\/159868","targetHints":{"allow":["GET"]}}],"collection":[{"href":"https:\/\/www.europesays.com\/pl\/wp-json\/wp\/v2\/posts"}],"about":[{"href":"https:\/\/www.europesays.com\/pl\/wp-json\/wp\/v2\/types\/post"}],"author":[{"embeddable":true,"href":"https:\/\/www.europesays.com\/pl\/wp-json\/wp\/v2\/users\/2"}],"replies":[{"embeddable":true,"href":"https:\/\/www.europesays.com\/pl\/wp-json\/wp\/v2\/comments?post=159868"}],"version-history":[{"count":0,"href":"https:\/\/www.europesays.com\/pl\/wp-json\/wp\/v2\/posts\/159868\/revisions"}],"wp:featuredmedia":[{"embeddable":true,"href":"https:\/\/www.europesays.com\/pl\/wp-json\/wp\/v2\/media\/97591"}],"wp:attachment":[{"href":"https:\/\/www.europesays.com\/pl\/wp-json\/wp\/v2\/media?parent=159868"}],"wp:term":[{"taxonomy":"category","embeddable":true,"href":"https:\/\/www.europesays.com\/pl\/wp-json\/wp\/v2\/categories?post=159868"},{"taxonomy":"post_tag","embeddable":true,"href":"https:\/\/www.europesays.com\/pl\/wp-json\/wp\/v2\/tags?post=159868"}],"curies":[{"name":"wp","href":"https:\/\/api.w.org\/{rel}","templated":true}]}}