{"id":159874,"date":"2025-12-19T12:57:08","date_gmt":"2025-12-19T12:57:08","guid":{"rendered":"https:\/\/www.europesays.com\/pl\/159874\/"},"modified":"2025-12-19T12:57:08","modified_gmt":"2025-12-19T12:57:08","slug":"ukryte-wsparcie-z-rumunii-dzialal-w-kampanii-nawrockiego-pytanie-czy-zgodnie-z-prawem","status":"publish","type":"post","link":"https:\/\/www.europesays.com\/pl\/159874\/","title":{"rendered":"Ukryte wsparcie z Rumunii. Dzia\u0142a\u0142 w kampanii Nawrockiego. Pytanie, czy zgodnie z prawem"},"content":{"rendered":"<p> Simion\u00a0w Polsce i ruch MEGA\u00a0<\/p>\n<p class=\"art_paragraph\">Jak podaje Frontstory.pl, George\u00a0Simion, by\u0142y kandydat na prezydenta Rumunii i lider nacjonalistycznej AUR,\u00a0w trakcie kampanijnych\u00a0miesi\u0119cy intensywnie anga\u017cowa\u0142 si\u0119 w polsk\u0105 scen\u0119 polityczn\u0105. W trakcie kampanii prezydenckiej wielokrotnie pojawia\u0142 si\u0119 w Polsce, m.in. na wiecach Karola <a href=\"https:\/\/wiadomosci.gazeta.pl\/karol-nawrocki#anchorLink\" rel=\"nofollow noopener\" target=\"_blank\">Nawrockiego<\/a> i konferencjach \u015brodowisk prawicowych.\u00a0kt\u00f3ry skupia antyunijnych trumpistowskich <a href=\"https:\/\/wiadomosci.gazeta.pl\/polityka\/0,0.html#anchorLink\" rel=\"nofollow noopener\" target=\"_blank\">polityk<\/a>\u00f3w z r\u00f3\u017cnych kraj\u00f3w Europy. Wyst\u0119puj\u0105c w Polsce, otwarcie deklarowa\u0142 sprzeciw wobec Unii Europejskiej i podkre\u015bla\u0142 poparcie Donalda\u00a0Trumpa\u00a0dla Nawrockiego. Po zwyci\u0119stwie kandydata PiS w wyborach\u00a0Simion\u00a0pojawi\u0142 si\u0119 tak\u017ce na wieczorze wyborczym i uroczysto\u015bciach inauguracyjnych.\u00a0<\/p>\n<p> Pomoc\u00a0w kampanii\u00a0<\/p>\n<p class=\"art_paragraph\">Wed\u0142ug ustale\u0144 dziennikarzy Frontstory.pl Simion\u00a0publicznie przyznawa\u0142, \u017ce jego \u015brodowisko wspiera\u0142o kampani\u0119 Nawrockiego\u00a0&#8222;instrumentami\u00a0internetowymi&#8221;, zw\u0142aszcza w dotarciu do m\u0142odych wyborc\u00f3w. Rumu\u0144ski polityk twierdzi\u0142, \u017ce by\u0142o to wsparcie bezinteresowne, wynikaj\u0105ce z ideologicznego sojuszu, a nie komercyjnej wsp\u00f3\u0142pracy.\u00a0Jednocze\u015bnie dziennikarze podkre\u015blaj\u0105, \u017ce w dokumentach finansowych komitetu wyborczego Nawrockiego nie ma \u015blad\u00f3w formalnej wsp\u00f3\u0142pracy z rumu\u0144skimi firmami ani z lud\u017ami zwi\u0105zanymi z AUR.\u00a0<\/p>\n<p>\n    Zobacz wideo Polacy sk\u0142adaj\u0105 \u017cyczenia prezydentowi Nawrockiemu\n  <\/p>\n<p> Rumu\u0144scy specjali\u015bci od medi\u00f3w spo\u0142eczno\u015bciowych\u00a0<\/p>\n<p class=\"art_paragraph\">W materiale szeroko opisano posta\u0107\u00a0Nicolae\u00a0Capcelei, wsp\u00f3\u0142w\u0142a\u015bciciela firmy\u00a0Follow\u00a0Digital Solutions, kt\u00f3ra\u00a0&#8211;\u00a0jak podaj\u0105 dziennikarze\u00a0&#8211;\u00a0obs\u0142ugiwa\u0142a kampanie internetowe AUR i Simiona. <a href=\"https:\/\/next.gazeta.pl\/next\/7,151003,32390119,gigant-tworzy-nowe-miejsca-pracy-w-polsce-firma-szuka-ekspertow.html#anchorLink\" rel=\"nofollow noopener\" target=\"_blank\">Firma<\/a> ta mia\u0142a otrzyma\u0107 od rumu\u0144skiej partii ponad 2 mln euro za dzia\u0142ania w sieci w latach 2024-2025.\u00a0Frontstory.pl wskazuje, \u017ce\u00a0Follow\u00a0Digital Solutions \u015bwiadczy r\u00f3wnie\u017c us\u0142ugi dla Patryka Jakiego, europos\u0142a PiS i wsp\u00f3\u0142przewodnicz\u0105cego grupy ECR w Parlamencie Europejskim. Rumu\u0144scy administratorzy mieli pojawia\u0107 si\u0119 tak\u017ce na kontach w mediach spo\u0142eczno\u015bciowych Karola Nawrockiego oraz polityk\u00f3w Suwerennej Polski, co wcze\u015bniej zauwa\u017ca\u0142y inne redakcje.\u00a0<\/p>\n<p> Narz\u0119dzia kampanijne\u00a0<\/p>\n<p class=\"art_paragraph\">Autorzy tekstu opisuj\u0105 wykorzystanie narz\u0119dzia\u00a0Manychat, popularnego w marketingu internetowym systemu do automatycznych interakcji z u\u017cytkownikami Facebooka. Wed\u0142ug rozm\u00f3wc\u00f3w rozwi\u0105zania tego typu mia\u0142y pomaga\u0107 w bezpo\u015brednim kontakcie z wyborcami w trakcie kampanii Nawrockiego.\u00a0Eksperci cytowani w materiale zwracaj\u0105 uwag\u0119, \u017ce je\u015bli takie wsparcie by\u0142o \u015bwiadczone nieodp\u0142atnie przez obcokrajowc\u00f3w, mog\u0142o narusza\u0107 polski Kodeks wyborczy, kt\u00f3ry zakazuje przyjmowania niepieni\u0119\u017cnych korzy\u015bci od cudzoziemc\u00f3w.\u00a0Podkre\u015blaj\u0105, \u017ce sprawa wymaga\u0142aby szczeg\u00f3\u0142owego wyja\u015bnienia przez organy \u015bcigania.\u00a0<\/p>\n<p> Sie\u0107 powi\u0105za\u0144 wok\u00f3\u0142 MEGA\u00a0<\/p>\n<p class=\"art_paragraph\">Jak opisuje Frontstory.pl, MEGA to nie tylko symboliczne has\u0142o, ale realna, mi\u0119dzynarodowa sie\u0107 polityczna. W jej dzia\u0142ania zaanga\u017cowani s\u0105 m.in. ameryka\u0144scy dzia\u0142acze skrajnej <a href=\"https:\/\/wiadomosci.gazeta.pl\/prawica#anchorLink\" rel=\"nofollow noopener\" target=\"_blank\">prawicy<\/a>, tacy jak Brian S.\u00a0Brown oraz politycy znani z prorosyjskich lub\u00a0antyunijnych\u00a0wyst\u0105pie\u0144.\u00a0Dziennikarze wskazuj\u0105, \u017ce konferencje MEGA odbywa\u0142y si\u0119 w wielu europejskich miastach. W Mo\u0142dawii wydarzenie to wzbudzi\u0142o zainteresowanie tamtejszych s\u0142u\u017cb, kt\u00f3re m\u00f3wi\u0142y o\u00a0&#8222;nieprzejrzystym finansowaniu&#8221;\u00a0i mo\u017cliwych zagro\u017ceniach dla bezpiecze\u0144stwa pa\u0144stwa.\u00a0<\/p>\n<p> Trzaskowski ju\u017c ma k\u0142opoty\u00a0<\/p>\n<p class=\"art_paragraph\">Zarzuty o zagraniczn\u0105 ingerencj\u0119 w polskie wybory, kt\u00f3re wysuwaj\u0105 dziennikarze portalu, s\u0105 kolejnymi. W trakcie kampanii zarzuty takie pad\u0142y pod adresem Rafa\u0142a Trzaskowskiego. W\u0105tpliwo\u015bci dotyczy\u0142y \u017ar\u00f3de\u0142 finansowania reklam w mediach\u00a0spo\u0142eczno\u015bciowych. Dodatkowo spoty\u00a0wyborcze mia\u0142y promowa\u0107 Trzaskowskiego a dyskredytowa\u0107 S\u0142awomira\u00a0Mentzena\u00a0i Karola Nawrockiego. We wrze\u015bniu bie\u017c\u0105cego roku prokuratura wszcz\u0119\u0142a \u015bledztwo w sprawie internetowej kampanii reklamowej w serwisach Meta. NASK w raporcie wskaza\u0142 na mo\u017cliwe powi\u0105zania zagraniczne, i przekaza\u0142 spraw\u0119 do ABW.\u00a0Zwr\u00f3cono uwag\u0119 na konta, kt\u00f3re w kr\u00f3tkim czasie wyda\u0142y na reklamy wi\u0119cej, ni\u017c oficjalne komitety wyborcze. Analizy wykaza\u0142y zwi\u0105zki operacji z obywatelami i firmami z pa\u0144stw trzecich, cho\u0107 nie przes\u0105dzono jednoznacznie o ingerencji z zagranicy. Wcze\u015bniej Wirtualna Polska informowa\u0142a o powi\u0105zaniach finansowania z osobami zwi\u0105zanymi z ameryka\u0144sk\u0105 Parti\u0105 Demokratyczn\u0105 i firm\u0105 Estratos Digital GmbH z Wiednia. Sprawa oburzy\u0142a w\u00f3wczas polityk\u00f3w PiS. To oni z\u0142o\u017cyli zawiadomienie do prokuratury.\u00a0<\/p>\n<p class=\"art_paragraph\">Czytaj tak\u017ce: <a href=\"https:\/\/wiadomosci.gazeta.pl\/polska\/7,198073,32481641,nie-drzyj-ryja-wielka-awantura-na-sesji-w-malej-gminie-sprawa.html\" class=\"art_link\" rel=\"dofollow noopener\" target=\"_blank\">&#8222;Nie drzyj ryja&#8221;. Wielka awantura na sesji w ma\u0142ej gminie. Sprawa trafi\u0142a na policj\u0119<\/a>\n  <\/p>\n<p>\u0179r\u00f3d\u0142a:\u00a0Frontstory.pl, <a href=\"https:\/\/wiadomosci.gazeta.pl\/wiadomosci\/7,143907,31939344,afera-z-reklamami-politycznymi-na-facebooku-nask-i-ministerstwo.html\" class=\"art_link\" rel=\"dofollow noopener\" target=\"_blank\">Gazeta.pl<\/a>, <a href=\"https:\/\/wiadomosci.radiozet.pl\/polityka\/klopoty-rafala-trzaskowskiego-prokuratura-wszczyna-sledztwo-mozliwe-powiazania-zagraniczne\" class=\"art_link\" rel=\"dofollow noopener\" target=\"_blank\">Radio Zet<\/a><\/p>\n","protected":false},"excerpt":{"rendered":"Simion\u00a0w Polsce i ruch MEGA\u00a0 Jak podaje Frontstory.pl, George\u00a0Simion, by\u0142y kandydat na prezydenta Rumunii i lider nacjonalistycznej AUR,\u00a0w&hellip;\n","protected":false},"author":2,"featured_media":159875,"comment_status":"","ping_status":"","sticky":false,"template":"","format":"standard","meta":{"footnotes":""},"categories":[14],"tags":[32,33,27,34,35,28,31,25,40,41,80,29,30,26,82,83,84],"class_list":{"0":"post-159874","1":"post","2":"type-post","3":"status-publish","4":"format-standard","5":"has-post-thumbnail","7":"category-swiat","8":"tag-breaking-news","9":"tag-breakingnews","10":"tag-headlines","11":"tag-latest-news","12":"tag-latestnews","13":"tag-naglowki","14":"tag-najwazniejsze-artykuly","15":"tag-news","16":"tag-polish","17":"tag-polski","18":"tag-swiat","19":"tag-top-stories","20":"tag-topstories","21":"tag-wiadomosci","22":"tag-world","23":"tag-world-news","24":"tag-worldnews"},"share_on_mastodon":{"url":"https:\/\/pubeurope.com\/@pl\/115746350332590443","error":""},"_links":{"self":[{"href":"https:\/\/www.europesays.com\/pl\/wp-json\/wp\/v2\/posts\/159874","targetHints":{"allow":["GET"]}}],"collection":[{"href":"https:\/\/www.europesays.com\/pl\/wp-json\/wp\/v2\/posts"}],"about":[{"href":"https:\/\/www.europesays.com\/pl\/wp-json\/wp\/v2\/types\/post"}],"author":[{"embeddable":true,"href":"https:\/\/www.europesays.com\/pl\/wp-json\/wp\/v2\/users\/2"}],"replies":[{"embeddable":true,"href":"https:\/\/www.europesays.com\/pl\/wp-json\/wp\/v2\/comments?post=159874"}],"version-history":[{"count":0,"href":"https:\/\/www.europesays.com\/pl\/wp-json\/wp\/v2\/posts\/159874\/revisions"}],"wp:featuredmedia":[{"embeddable":true,"href":"https:\/\/www.europesays.com\/pl\/wp-json\/wp\/v2\/media\/159875"}],"wp:attachment":[{"href":"https:\/\/www.europesays.com\/pl\/wp-json\/wp\/v2\/media?parent=159874"}],"wp:term":[{"taxonomy":"category","embeddable":true,"href":"https:\/\/www.europesays.com\/pl\/wp-json\/wp\/v2\/categories?post=159874"},{"taxonomy":"post_tag","embeddable":true,"href":"https:\/\/www.europesays.com\/pl\/wp-json\/wp\/v2\/tags?post=159874"}],"curies":[{"name":"wp","href":"https:\/\/api.w.org\/{rel}","templated":true}]}}