{"id":159878,"date":"2025-12-19T12:59:11","date_gmt":"2025-12-19T12:59:11","guid":{"rendered":"https:\/\/www.europesays.com\/pl\/159878\/"},"modified":"2025-12-19T12:59:11","modified_gmt":"2025-12-19T12:59:11","slug":"marek-papszun-trenerem-legii-warszawa-jest-oficjalny-komunikat","status":"publish","type":"post","link":"https:\/\/www.europesays.com\/pl\/159878\/","title":{"rendered":"Marek Papszun trenerem Legii Warszawa! Jest oficjalny komunikat"},"content":{"rendered":"<p class=\"art_paragraph\"><a href=\"https:\/\/www.sport.pl\/legia-warszawa#anchorLink\" rel=\"nofollow noopener\" target=\"_blank\">Legia<\/a> Warszawa nie tak dawno po\u017cegna\u0142a si\u0119 z Edwardem Iordanescu. Rumun nie okaza\u0142 si\u0119 tym trenerem, kt\u00f3rego szukano w stolicy. Jego miejsce zaj\u0105\u0142 Inaki Astiz, dotychczasowy asystent. To rozwi\u0105zanie w stolicy tak\u017ce nie przynios\u0142o jednak po\u017c\u0105danych efekt\u00f3w. Teraz Legia ma ju\u017c nowego trenera, a jego zakontraktowanie to prawdziwa sensacja.<\/p>\n<p>\n    Zobacz wideo Kamil Grosicki ujawnia, dlaczego wr\u00f3ci\u0142 do reprezentacji Polski\n  <\/p>\n<p> Papszun w Legii. Wydali komunikat<\/p>\n<p class=\"art_paragraph\">&#8222;O tym, \u017ce nazwisko Papszuna kr\u0105\u017cy w kuluarach, w podca\u015bcie Ofensywni m\u00f3wi\u0142 wcze\u015bniej \u0141ukasz Olkowicz. Sprawa w rzeczywisto\u015bci jest bardzo powa\u017cna. Jedno z naszych \u017ar\u00f3de\u0142 twierdzi nawet, \u017ce porozumienie jest blisko i <a href=\"https:\/\/www.sport.pl\/pilka\/7,65039,32435868,tak-papszun-zegna-sie-z-czestochowa-to-byla-deklasacja.html#anchorLink\" rel=\"nofollow noopener\" target=\"_blank\">Papszun<\/a> jest gotowy zmieni\u0107 otoczenie&#8221; &#8211; <a href=\"https:\/\/www.sport.pl\/pilka\/7,65039,32414248,media-legia-idzie-po-marka-papszuna-to-nie-zart.html#s=SNO_Img_4\" class=\"art_link\" rel=\"dofollow noopener\" target=\"_blank\">informowa\u0142 portal Meczyki.pl<\/a>.<\/p>\n<p class=\"art_paragraph\">Doniesienia medialne nie okaza\u0142y si\u0119 kaczk\u0105 dziennikarsk\u0105. W <a href=\"https:\/\/www.sport.pl\/pilka\/7,64946,32353144,krzysztof-piatek-bohaterem-co-za-mecz-polaka-klasa.html#anchorLink\" rel=\"nofollow noopener\" target=\"_blank\">pi\u0105tek<\/a> 19 grudnia Legia Warszawa oficjalnie poinformowa\u0142a, \u017ce nawi\u0105za\u0142a wsp\u00f3\u0142prac\u0119 z Markiem Papszunem.<\/p>\n<p class=\"art_paragraph\">&#8222;<a href=\"https:\/\/www.sport.pl\/pilka\/7,65039,32435932,marek-papszun-odpowiedzial-kibicom-rakowa-krociutko.html#anchorLink\" rel=\"nofollow noopener\" target=\"_blank\">Marek Papszun<\/a> od dnia 19 grudnia obejmuje funkcj\u0119 trenera pierwszej dru\u017cyny <a href=\"https:\/\/www.sport.pl\/pilka\/0,0.html#anchorLink\" rel=\"nofollow noopener\" target=\"_blank\">Legii Warszawa<\/a>. Umowa b\u0119dzie obowi\u0105zywa\u0107 do ko\u0144ca sezonu rozgrywkowego 2027\/28. W najbli\u017cszych dniach Marek Papszun skompletuje i przedstawi sztab szkoleniowy. Treningi z pierwszym zespo\u0142em rozpoczn\u0105 si\u0119 5 stycznia, a 10 stycznia dru\u017cyna wyjedzie do andaluzyjskiej miejscowo\u015bci Mijas na ob\u00f3z przygotowawczy przed rund\u0105 wiosenn\u0105&#8221; &#8211; napisano w komunikacie.<\/p>\n<p class=\"art_paragraph\">W oficjalnym\u00a0o\u015bwiadczeniu przekazano te\u017c kolejne wa\u017cne wie\u015bci. &#8222;Od 1 stycznia nast\u0105pi\u0105 tak\u017ce zmiany w strukturze zarz\u0105dczej klubu. Z ko\u0144cem roku z Zarz\u0105du odejdzie Jaros\u0142aw Jurczak, dotychczasowy wiceprezes nadzoruj\u0105cy dzia\u0142 finans\u00f3w, prawny i administracyjny, kt\u00f3ry po dwunastu latach pracy w klubie b\u0119dzie kontynuowa\u0142 dzia\u0142alno\u015b\u0107 obejmuj\u0105c funkcj\u0119 w strukturach w\u0142a\u015bcicielskich. Tym samym od 1 stycznia 2026 roku Zarz\u0105d b\u0119dzie dwuosobowy, a pe\u0142n\u0105 odpowiedzialno\u015b\u0107 za zarz\u0105dzanie klubem przejmie Marcin Herra&#8221; &#8211; czytamy.<\/p>\n<p class=\"art_paragraph\">&#8211;\u00a0Ciesz\u0119 si\u0119, \u017ce trener Marek Papszun b\u0119dzie z nami i wkr\u00f3tce rozpocznie prac\u0119 z dru\u017cyn\u0105. Doprowadzenie tego procesu do ko\u0144ca wymaga\u0142o du\u017cej determinacji obu stron i jest wyrazem naszego zaufania do kompetencji, do\u015bwiadczenia i charakteru trenera. Jednocze\u015bnie od pocz\u0105tku nowego roku powierzam ca\u0142o\u015bciowe zarz\u0105dzanie klubem Marcinowi Herra i wierz\u0119, \u017ce wsp\u00f3lnie z trenerem, w pe\u0142ni wykorzystaj\u0105 stworzone warunki i potencja\u0142 Legii, aby osi\u0105ga\u0107 wymagane rezultaty sportowe, organizacyjne i biznesowe &#8211; przekaza\u0142 Dariusz Mioduski.\u00a0<\/p>\n<p class=\"art_paragraph\">Dla Papszuna odej\u015bcie z Rakowa Cz\u0119stochowa to wyj\u015bcie ze strefy komfortu. Od 2016 do 2023 i od 2024 roku pracowa\u0142 pod Jasn\u0105 G\u00f3r\u0105, gdzie zapracowa\u0142 na miano jednego z najlepszych polskich trener\u00f3w. Zdoby\u0142 \u0142\u0105cznie pi\u0119\u0107 trofe\u00f3w: mistrzostwo Polski, a tak\u017ce po dwa krajowe puchary i superpuchary.<\/p>\n<p class=\"art_paragraph\">Papszun przed prac\u0105 w Rakowie prowadzi\u0142 kluby z ni\u017cszych lig w tym mi\u0119dzy innymi \u015awit Nowy Dw\u00f3r Mazowiecki i Legionovi\u0119 Legionowo.<\/p>\n","protected":false},"excerpt":{"rendered":"Legia Warszawa nie tak dawno po\u017cegna\u0142a si\u0119 z Edwardem Iordanescu. Rumun nie okaza\u0142 si\u0119 tym trenerem, kt\u00f3rego szukano&hellip;\n","protected":false},"author":2,"featured_media":5226,"comment_status":"","ping_status":"","sticky":false,"template":"","format":"standard","meta":{"footnotes":""},"categories":[5],"tags":[32,33,36,37,27,34,35,28,31,25,42,38,40,39,41,29,30,26],"class_list":{"0":"post-159878","1":"post","2":"type-post","3":"status-publish","4":"format-standard","5":"has-post-thumbnail","7":"category-naglowki","8":"tag-breaking-news","9":"tag-breakingnews","10":"tag-featured-news","11":"tag-featurednews","12":"tag-headlines","13":"tag-latest-news","14":"tag-latestnews","15":"tag-naglowki","16":"tag-najwazniejsze-artykuly","17":"tag-news","18":"tag-pl","19":"tag-poland","20":"tag-polish","21":"tag-polska","22":"tag-polski","23":"tag-top-stories","24":"tag-topstories","25":"tag-wiadomosci"},"share_on_mastodon":{"url":"https:\/\/pubeurope.com\/@pl\/115746358283293653","error":""},"_links":{"self":[{"href":"https:\/\/www.europesays.com\/pl\/wp-json\/wp\/v2\/posts\/159878","targetHints":{"allow":["GET"]}}],"collection":[{"href":"https:\/\/www.europesays.com\/pl\/wp-json\/wp\/v2\/posts"}],"about":[{"href":"https:\/\/www.europesays.com\/pl\/wp-json\/wp\/v2\/types\/post"}],"author":[{"embeddable":true,"href":"https:\/\/www.europesays.com\/pl\/wp-json\/wp\/v2\/users\/2"}],"replies":[{"embeddable":true,"href":"https:\/\/www.europesays.com\/pl\/wp-json\/wp\/v2\/comments?post=159878"}],"version-history":[{"count":0,"href":"https:\/\/www.europesays.com\/pl\/wp-json\/wp\/v2\/posts\/159878\/revisions"}],"wp:featuredmedia":[{"embeddable":true,"href":"https:\/\/www.europesays.com\/pl\/wp-json\/wp\/v2\/media\/5226"}],"wp:attachment":[{"href":"https:\/\/www.europesays.com\/pl\/wp-json\/wp\/v2\/media?parent=159878"}],"wp:term":[{"taxonomy":"category","embeddable":true,"href":"https:\/\/www.europesays.com\/pl\/wp-json\/wp\/v2\/categories?post=159878"},{"taxonomy":"post_tag","embeddable":true,"href":"https:\/\/www.europesays.com\/pl\/wp-json\/wp\/v2\/tags?post=159878"}],"curies":[{"name":"wp","href":"https:\/\/api.w.org\/{rel}","templated":true}]}}