{"id":159903,"date":"2025-12-19T13:14:10","date_gmt":"2025-12-19T13:14:10","guid":{"rendered":"https:\/\/www.europesays.com\/pl\/159903\/"},"modified":"2025-12-19T13:14:10","modified_gmt":"2025-12-19T13:14:10","slug":"lech-poznan-i-sigma-olomuniec-z-awansem-w-lidze-konferencji-hustawka-nastrojow-czechow-spokoj-polakow-sport-tvp-pl","status":"publish","type":"post","link":"https:\/\/www.europesays.com\/pl\/159903\/","title":{"rendered":"Lech Pozna\u0144 i Sigma O\u0142omuniec z awansem w Lidze Konferencji. Hu\u015btawka nastroj\u00f3w Czech\u00f3w, spok\u00f3j Polak\u00f3w &#8211; sport.tvp.pl"},"content":{"rendered":"<ol>\n<li><a href=\"https:\/\/news.google.com\/rss\/articles\/CBMiywFBVV95cUxQcndvcHcwTlNLWklsMUNfaURNbDQzZGZKLXpMSVRIWndXVlQtT0gyenNWNW5EclVFM2I5REZuTks5bjBvQ2lITDB1WENzWklRdTczbklDX2REdHg1OFNzQ2NGb0ZJVTJxSWswck1WV2NrT1U0QkEzd2lLYzlLX2F3eDBFV0ZZdVpxaUJsNzhiWkNIMTJGOG9iZjk0MTh1Skl5ZUpyR1pzcjd0UlNuLU9YVEZYVnJMRFlfb19vSE42STRhbFpqSmdmX0lxb9IB0AFBVV95cUxPeU5idTEtUjFjTFp0OThRTmxjZXpZZ3RlSVRrdGwxazFpNW5wZGE1YW5nYUo2M1gza25wT0wzOFk0ZmZyUWJXb2hiVDBwQUYzek40aTdEWllnRy1JRlhYbEZJV0lrZVBxV29Fc2xybXd2QlhKZjVrWWZqUXAtMWtIdEVESDZoR1BpX0dGeEk2c1hzckhZSGM4VFhycjZwRnE0LVNpTThZRE5GWmNBVWVmdVFVaVV2ZnpyU3JodU1ZRG8wRzQ3N1VNSWVuVUZBaTVR?oc=5\" target=\"_blank\" rel=\"nofollow noopener\">Lech Pozna\u0144 i Sigma O\u0142omuniec z awansem w Lidze Konferencji. Hu\u015btawka nastroj\u00f3w Czech\u00f3w, spok\u00f3j Polak\u00f3w<\/a>&nbsp;&nbsp;sport.tvp.pl<\/li>\n<li><a href=\"https:\/\/news.google.com\/rss\/articles\/CBMiqwFBVV95cUxQY29LV1BzRExjZFF0cFoyNXYtMFlaOXFnTHgzdkFCNmlQejhIV05BXzBwQXU4dHhJYzFmMmNjZGg3MTRVTWZtZWgzM1R4Wk91NFhMV3ZQUG5OZHdwTzZhTTBSUXhXRldKaGNKT1djZ1U2OC12ODU1MnlpVEE1Tkk3cWQtWFVWLVMtZjJPaVVXZU0wZUd2bXgwYVN6cS1xWWZpYVpUNU4zLXpNZzA?oc=5\" target=\"_blank\" rel=\"nofollow noopener\">Przegrali z Lechem i byli poza LKE. A tu nagle takie wie\u015bci i euforia<\/a>&nbsp;&nbsp;SportoweFakty<\/li>\n<li><a href=\"https:\/\/news.google.com\/rss\/articles\/CBMizAFBVV95cUxPNlVkQzJHUW9UdXZUNzM5d0Z2ZGdHZlMzTnE5SHF3a1J6RUViRmlEUlJLSlpNMzV6dmZLa2NEMmZ1ckVhcnFHUTRUaHJwdmR0ZVVZdXBoaHFZSGx6emxjR0hNNlFQUXhVQkpBWFZ2RGExQ1pFN01fQmxKSzF4MFBfZGZYczZSUFEwR1dNNFVpVzhuNDlSc1VkdTlEUEdGd01sV2tWNzV1ZUhwbGpTd0RwR2JUTGpiTU1XQXA0V2VpOVk0MmxXcWhaYTY5U0I?oc=5\" target=\"_blank\" rel=\"nofollow noopener\">UEFA wraca do meczu Lecha. Gol Ishaka i VAR pod lup\u0105. Wkr\u00f3tce decyzja<\/a>&nbsp;&nbsp;Sport w INTERIA.PL<\/li>\n<li><a href=\"https:\/\/news.google.com\/rss\/articles\/CBMi2gFBVV95cUxPaUJVc0dWcTJaZTdDUU9MYTc4dXlJYlZJS0RIdWx3SGRwcTdyT1IySVBYczlWYk8yVDVxblRMQVpmMUZzcjhPVnhYQmNoUHk0UkRDMWxocG12bnBiQmRYM0NwY1pXcXAzZ1JOcmZnRDZxbk1SOVcxcUtqdDVfSS05ckFaZUlhd2xSblFFYXh3eDBDczc5N3l1RXRDVFgwSU45VDhRWFUtTXMtdTJjMV9rNzdrZlFtdzdBRXUyVEVFNWNLdXM0TFlEWms5My1rcmQwUWpZZzZuY2lPdw?oc=5\" target=\"_blank\" rel=\"nofollow noopener\">LK: Sigma O\u0142omuniec &#8211; Lech Pozna\u0144 [RELACJA NA \u017bYWO]<\/a>&nbsp;&nbsp;Przegl\u0105d Sportowy Onet<\/li>\n<li><a href=\"https:\/\/news.google.com\/rss\/articles\/CBMibEFVX3lxTFA0T2F5a2o5RkUyajlPRkFucVdkd3l4YUpXZjBRV0Zvb1ZULXdweVpwN2tPTHJCemRndGNuRkZXNk94N3Q4bk1vV2k3NmdSdW5FNndUclg2OU1YazNVXzV0dmtnSzQxOWhuTGFhaQ?oc=5\" target=\"_blank\" rel=\"nofollow noopener\">Dzie\u0144 meczowy<\/a>&nbsp;&nbsp;Lech Pozna\u0144<\/li>\n<\/ol>\n","protected":false},"excerpt":{"rendered":"Lech Pozna\u0144 i Sigma O\u0142omuniec z awansem w Lidze Konferencji. Hu\u015btawka nastroj\u00f3w Czech\u00f3w, spok\u00f3j Polak\u00f3w&nbsp;&nbsp;sport.tvp.pl Przegrali z Lechem&hellip;\n","protected":false},"author":2,"featured_media":159904,"comment_status":"","ping_status":"","sticky":false,"template":"","format":"standard","meta":{"footnotes":""},"categories":[24],"tags":[215,5635,42,38,40,39,41,16431,127,334,126],"class_list":{"0":"post-159903","1":"post","2":"type-post","3":"status-publish","4":"format-standard","5":"has-post-thumbnail","7":"category-sport","8":"tag-lech-poznan","9":"tag-liga-konferencji","10":"tag-pl","11":"tag-poland","12":"tag-polish","13":"tag-polska","14":"tag-polski","15":"tag-sigma-olomuniec","16":"tag-sport","17":"tag-sport-tvp-pl","18":"tag-sports"},"share_on_mastodon":{"url":"https:\/\/pubeurope.com\/@pl\/115746417323957933","error":""},"_links":{"self":[{"href":"https:\/\/www.europesays.com\/pl\/wp-json\/wp\/v2\/posts\/159903","targetHints":{"allow":["GET"]}}],"collection":[{"href":"https:\/\/www.europesays.com\/pl\/wp-json\/wp\/v2\/posts"}],"about":[{"href":"https:\/\/www.europesays.com\/pl\/wp-json\/wp\/v2\/types\/post"}],"author":[{"embeddable":true,"href":"https:\/\/www.europesays.com\/pl\/wp-json\/wp\/v2\/users\/2"}],"replies":[{"embeddable":true,"href":"https:\/\/www.europesays.com\/pl\/wp-json\/wp\/v2\/comments?post=159903"}],"version-history":[{"count":0,"href":"https:\/\/www.europesays.com\/pl\/wp-json\/wp\/v2\/posts\/159903\/revisions"}],"wp:featuredmedia":[{"embeddable":true,"href":"https:\/\/www.europesays.com\/pl\/wp-json\/wp\/v2\/media\/159904"}],"wp:attachment":[{"href":"https:\/\/www.europesays.com\/pl\/wp-json\/wp\/v2\/media?parent=159903"}],"wp:term":[{"taxonomy":"category","embeddable":true,"href":"https:\/\/www.europesays.com\/pl\/wp-json\/wp\/v2\/categories?post=159903"},{"taxonomy":"post_tag","embeddable":true,"href":"https:\/\/www.europesays.com\/pl\/wp-json\/wp\/v2\/tags?post=159903"}],"curies":[{"name":"wp","href":"https:\/\/api.w.org\/{rel}","templated":true}]}}