{"id":159911,"date":"2025-12-19T13:19:10","date_gmt":"2025-12-19T13:19:10","guid":{"rendered":"https:\/\/www.europesays.com\/pl\/159911\/"},"modified":"2025-12-19T13:19:10","modified_gmt":"2025-12-19T13:19:10","slug":"znamy-date-otwarcia-obwodnicy-metropolitalnej","status":"publish","type":"post","link":"https:\/\/www.europesays.com\/pl\/159911\/","title":{"rendered":"Znamy dat\u0119 otwarcia Obwodnicy Metropolitalnej"},"content":{"rendered":"<p>            <a href=\"https:\/\/s-trojmiasto.pl\/zdj\/c\/n\/9\/4206\/1843x0\/4206638-Otwarcie-Obwodnicy-Metropolitalnej-nastapi-w-przyszlym-tygodniu.webp\" target=\"_blank\" data-slide-name=\"807931\" data-lightbox-target=\"photo full\" data-sub-html=\"&lt;h4&gt;Otwarcie Obwodnicy Metropolitalnej nast\u0105pi w przysz\u0142ym tygodniu.&lt;\/h4&gt;&lt;p&gt;fot. GDDKiA Gda\u0144sk&lt;\/p&gt;&#010;\" class=\"photoMarker__link\" data-filter-brightness=\"brightness--100\" rel=\"nofollow noopener\"><\/p>\n<p>    <img decoding=\"async\" style=\"height:507px; aspect-ratio: 1.47913\/1; filter:brightness(1);\" alt=\"Otwarcie Obwodnicy Metropolitalnej nast\u0105pi w przysz\u0142ym tygodniu.\" src=\"https:\/\/www.europesays.com\/pl\/wp-content\/uploads\/2025\/12\/4206638-Otwarcie-Obwodnicy-Metropolitalnej-nastapi-w-przyszlym-tygodniu.webp.webp\" class=\"photoMarker__img \" data-slider=\"img\" fetchpriority=\"high\"\/><\/p>\n<p>            <\/a><\/p>\n<p class=\"lead\">To ju\u017c pewne. We wtorek, 23 grudnia, pierwsi kierowcy przejad\u0105 gotowym drugim odcinkiem <a data-tklik=\"414902\" href=\"https:\/\/mapa.trojmiasto.pl\/#\/location\/-204.94,375.01\/map\/-197.14,337.16,2,b\" onclick=\"openMap(this.href); return false;\" target=\"_blank\" title=\"zobacz na mapie Gda\u0144ska\" rel=\"nofollow noopener\">Obwodnicy Metropolitalnej<img decoding=\"async\" class=\"icon-map\" src=\"https:\/\/www.trojmiasto.pl\/_img\/svg\/ico-map-flat.svg\" alt=\"Mapka\"\/><\/a> z\u00a0w\u0119z\u0142a Gda\u0144sk Po\u0142udnie w\u00a0kierunku \u017bukowa i\u00a0dalej do Chwaszczyna.<\/p>\n<p>    U\u017cytkownicy naszej aplikacji zostali ju\u017c o tym powiadomieni<br \/>\n            Pobierz aplikacj\u0119:<br \/>\n        <a href=\"https:\/\/play.google.com\/store\/apps\/details?id=pl.trojmiasto.mobile&amp;hl=pl\" class=\"apkBox__button\" rel=\"nofollow noopener\" target=\"_blank\">Android<\/a><br \/>\n        <a href=\"https:\/\/apps.apple.com\/pl\/app\/trojmiasto-pl\/id522385310?l=pl#?platform=iphone\" class=\"apkBox__button\" rel=\"nofollow noopener\" target=\"_blank\">iPhone<\/a><\/p>\n<p>Na t\u0119 informacj\u0119 czeka\u0142o wielu kierowc\u00f3w nie tylko w\u00a0Tr\u00f3jmie\u015bcie, ale i\u00a0na ca\u0142ym Pomorzu. W\u00a0pi\u0105tek drogowcy poinformowali, \u017ce s\u0105 gotowi do otwarcia 16-kilometrowego odcinka z\u00a0w\u0119z\u0142a Gda\u0144sk Po\u0142udnie w\u00a0stron\u0119 \u017bukowa (odcinek od \u017bukowa do Chwaszczyna jest ju\u017c gotowy i\u00a0przejezdny od kilku miesi\u0119cy).<\/p>\n<p>&#8211; Otwarcie nast\u0105pi we wtorek, 23 grudnia, o\u00a0godz. 7:30 &#8211; m\u00f3wi Mateusz Bro\u017cyna, rzecznik prasowy gda\u0144skiego oddzia\u0142u Generalnej Dyrekcji Dr\u00f3g Krajowych i\u00a0Autostrad.<\/p>\n<p>\n            <a href=\"https:\/\/s-trojmiasto.pl\/zdj\/c\/n\/9\/4206\/1000x0\/4206665-Otwarcie-OMT-nastapi-we-wtorek-23-grudnia-po-godz-7-30-rano.webp\" target=\"_blank\" data-slide-name=\"807936\" data-lightbox-target=\"photo full\" data-sub-html=\"&lt;h4&gt;Otwarcie OMT nast\u0105pi we wtorek, 23 grudnia, po godz. 7:30 rano.&lt;\/h4&gt;&lt;p&gt;graf. Trojmiasto.pl&lt;\/p&gt;&#010;\" class=\"photoMarker__link\" data-filter-brightness=\"brightness--100\" rel=\"nofollow noopener\"><\/p>\n<p>    <img decoding=\"async\" style=\"height:686px; aspect-ratio: 1.0929\/1; filter:brightness(1);\" alt=\"Otwarcie OMT nast\u0105pi we wtorek, 23 grudnia, po godz. 7:30 rano.\" src=\"https:\/\/www.europesays.com\/pl\/wp-content\/uploads\/2025\/12\/4206665-Otwarcie-OMT-nastapi-we-wtorek-23-grudnia-po-godz-7-30-rano.webp.webp\" class=\"photoMarker__img lazy\" data-slider=\"img\"\/><\/p>\n<p>            <\/a><\/p>\n<p>Na wskazanym odcinku trwaj\u0105 obecnie ostatnie prace porz\u0105dkowe i\u00a0wyko\u0144czeniowe. I\u00a0tak b\u0119dzie a\u017c do wtorku, gdy nast\u0105pi oficjalne otwarcie trasy. Obecno\u015b\u0107 w\u00a0uroczysto\u015bci zapowiedzieli urz\u0119dnicy z\u00a0Ministerstwa Infrastruktury z\u00a0ministrem Dariuszem Klimczakiem na czele oraz pomorscy samorz\u0105dowcy. <\/p>\n<p>Po kr\u00f3tkich wyst\u0105pieniach nast\u0105pi przeci\u0119cie symbolicznej wst\u0119gi i\u00a0otwarcie trasy, kt\u00f3ra ju\u017c w\u00a0przysz\u0142ym roku ma <a data-tklik=\"647943\" target=\"_blank\" href=\"https:\/\/www.trojmiasto.pl\/wiadomosci\/Czy-Obwodnica-Metropolitalna-odkorkuje-S6-n211216.html\" rel=\"nofollow noopener\">odci\u0105\u017cy\u0107 dotychczasow\u0105 Obwodnic\u0119 Tr\u00f3jmiasta o ok. 30 tys. aut na dob\u0119.<\/a><\/p>\n<p>Budowa nowej ekspres\u00f3wki trwa\u0142a trzy lata i\u00a0poch\u0142on\u0119\u0142a 2,9 mld z\u0142. Jedn\u0105 trzeci\u0105 tej kwoty pokry\u0142o <a href=\"https:\/\/katalog.trojmiasto.pl\/dofinansowanie-unijne\" class=\"parse-link\" title=\"Dofinansowanie unijne to wsparcie finansowe oferowane przez Uni\u0119 Europejsk\u0105 dla firm, samorz\u0105d\u00f3w oraz organizacji. Pozwala na realizacj\u0119 innowacyjnych projekt\u00f3w, rozw\u00f3j infrastruktury i wdra\u017canie nowych technologii. Skorzystanie z funduszy unijnych zwi\u0119ksza konkurencyjno\u015b\u0107 i przyspiesza rozw\u00f3j gospodarczy\" rel=\"nofollow noopener\" target=\"_blank\">dofinansowanie unijne<\/a>.\n                <\/p>\n","protected":false},"excerpt":{"rendered":"To ju\u017c pewne. We wtorek, 23 grudnia, pierwsi kierowcy przejad\u0105 gotowym drugim odcinkiem Obwodnicy Metropolitalnej z\u00a0w\u0119z\u0142a Gda\u0144sk Po\u0142udnie&hellip;\n","protected":false},"author":2,"featured_media":159912,"comment_status":"","ping_status":"","sticky":false,"template":"","format":"standard","meta":{"footnotes":""},"categories":[12],"tags":[1088,23684,32,33,7702,31688,31689,16261,18628,23891,36,37,1048,10305,16259,1064,24571,3751,27,1096,1089,24576,31687,1085,1091,1095,34,35,24577,1094,24584,7215,28,31,25,24574,1097,24575,7649,24573,10303,16254,2431,14799,16253,10569,24580,10309,15186,42,38,40,39,41,10566,4519,24582,1756,8994,21109,8948,1093,24585,3150,4036,24581,8973,3619,3620,1087,1090,5073,5299,24587,29,30,1813,4000,8944,24572,26,24578,1716,1092,10554,24579,24586,24583],"class_list":{"0":"post-159911","1":"post","2":"type-post","3":"status-publish","4":"format-standard","5":"has-post-thumbnail","7":"category-polska","8":"tag-aktualne-wydarzenia","9":"tag-boze-narodzenie","10":"tag-breaking-news","11":"tag-breakingnews","12":"tag-budowa","13":"tag-chwaszczyno","14":"tag-data","15":"tag-drogowiec","16":"tag-ekspresowka","17":"tag-emocja","18":"tag-featured-news","19":"tag-featurednews","20":"tag-gdansk","21":"tag-gdansk-poludnie","22":"tag-gddkia-gdansk","23":"tag-gdynia","24":"tag-generalna-dyrekcja-drog-krajowych-i-autostrad","25":"tag-godzina","26":"tag-headlines","27":"tag-hotele","28":"tag-imprezy","29":"tag-jezdnia-glowna","30":"tag-kiedy-otwarcie-obwodnicy-metropolitalnej","31":"tag-kierowca","32":"tag-kino","33":"tag-kwatery","34":"tag-latest-news","35":"tag-latestnews","36":"tag-lacznica","37":"tag-mapa","38":"tag-metropolitalna","39":"tag-miesiac","40":"tag-naglowki","41":"tag-najwazniejsze-artykuly","42":"tag-news","43":"tag-noc","44":"tag-noclegi","45":"tag-objazd","46":"tag-obwodnica","47":"tag-obwodnica-metropolii-trojmiejskiej","48":"tag-obwodnica-metropolitalna","49":"tag-obwodnica-trojmiasta","50":"tag-odcinek","51":"tag-okolica","52":"tag-omt","53":"tag-otwarcie","54":"tag-otwarcie-gdansk-poludnie","55":"tag-otwarcie-obwodnicy-metropolitalnej","56":"tag-piatek","57":"tag-pl","58":"tag-poland","59":"tag-polish","60":"tag-polska","61":"tag-polski","62":"tag-polaczenie","63":"tag-poludnie","64":"tag-poniedzialek","65":"tag-praca","66":"tag-prace","67":"tag-prognoza","68":"tag-przebudowa","69":"tag-przewodnik","70":"tag-realia","71":"tag-relacja","72":"tag-rok","73":"tag-rondo","74":"tag-ruch","75":"tag-s6","76":"tag-s7","77":"tag-sopot-noclegi","78":"tag-spektakle-firmy","79":"tag-swieto","80":"tag-szansa","81":"tag-temat","82":"tag-top-stories","83":"tag-topstories","84":"tag-trasa","85":"tag-trojmiasto","86":"tag-wezel","87":"tag-wezel-gdansk-poludnie","88":"tag-wiadomosci","89":"tag-wjazd","90":"tag-wrzesien","91":"tag-wydarzenia","92":"tag-wzrost","93":"tag-zjazd","94":"tag-zrodlo","95":"tag-zukowo"},"share_on_mastodon":{"url":"","error":"Validation failed: Text character limit of 500 exceeded"},"_links":{"self":[{"href":"https:\/\/www.europesays.com\/pl\/wp-json\/wp\/v2\/posts\/159911","targetHints":{"allow":["GET"]}}],"collection":[{"href":"https:\/\/www.europesays.com\/pl\/wp-json\/wp\/v2\/posts"}],"about":[{"href":"https:\/\/www.europesays.com\/pl\/wp-json\/wp\/v2\/types\/post"}],"author":[{"embeddable":true,"href":"https:\/\/www.europesays.com\/pl\/wp-json\/wp\/v2\/users\/2"}],"replies":[{"embeddable":true,"href":"https:\/\/www.europesays.com\/pl\/wp-json\/wp\/v2\/comments?post=159911"}],"version-history":[{"count":0,"href":"https:\/\/www.europesays.com\/pl\/wp-json\/wp\/v2\/posts\/159911\/revisions"}],"wp:featuredmedia":[{"embeddable":true,"href":"https:\/\/www.europesays.com\/pl\/wp-json\/wp\/v2\/media\/159912"}],"wp:attachment":[{"href":"https:\/\/www.europesays.com\/pl\/wp-json\/wp\/v2\/media?parent=159911"}],"wp:term":[{"taxonomy":"category","embeddable":true,"href":"https:\/\/www.europesays.com\/pl\/wp-json\/wp\/v2\/categories?post=159911"},{"taxonomy":"post_tag","embeddable":true,"href":"https:\/\/www.europesays.com\/pl\/wp-json\/wp\/v2\/tags?post=159911"}],"curies":[{"name":"wp","href":"https:\/\/api.w.org\/{rel}","templated":true}]}}