{"id":159913,"date":"2025-12-19T13:20:16","date_gmt":"2025-12-19T13:20:16","guid":{"rendered":"https:\/\/www.europesays.com\/pl\/159913\/"},"modified":"2025-12-19T13:20:16","modified_gmt":"2025-12-19T13:20:16","slug":"czarzasty-uderzyl-w-nawrockiego-specjalizuje-sie-w-biciu-z-ludzmi-w-lesie-2","status":"publish","type":"post","link":"https:\/\/www.europesays.com\/pl\/159913\/","title":{"rendered":"Czarzasty uderzy\u0142 w Nawrockiego. &#8222;Specjalizuje si\u0119 w biciu z lud\u017ami w lesie&#8221;"},"content":{"rendered":"<ul class=\"UnorderedList_container__nmfSl\">\n<li class=\"UnorderedList_listElement__Py7xi\" data-id=\"ai-summary-link\">Du\u017co czytania, a ma\u0142o czasu? Sprawd\u017a\u00a0skr\u00f3t\u00a0artyku\u0142u<\/li>\n<\/ul>\n<p class=\"Paragraph_desktopParagraph__U31Gm\">W\u0142odzimierz Czarzasty by\u0142 go\u015bciem pi\u0105tkowego wydania programu &#8222;Graffiti&#8221; na antenie Polsatu News. Prowadz\u0105cy Marcin Fijo\u0142ek zapyta\u0142 marsza\u0142ka Sejmu m.in. o wizyt\u0119 prezydenta Ukrainy Wo\u0142odymyra Ze\u0142enskiego w Polsce. W pewnym momencie dziennikarz przypomnia\u0142 s\u0142owa prezydenta Karola Nawrockiego.<\/p>\n<p class=\"VideoPlayerText_videoPlayerText__iDwyz\">Dalszy ci\u0105g materia\u0142u pod wideo<\/p>\n<ul class=\"OchatFollowUps_wrapper__1ry7X\">\n<li class=\"OchatFollowUps_item__Dhyly OchatFollowUps_itemDesktop__R6aBv\">Jak zareagowa\u0142 W\u0142odzimierz Czarzasty na s\u0142owa Karola Nawrockiego?<\/li>\n<li class=\"OchatFollowUps_item__Dhyly OchatFollowUps_itemDesktop__R6aBv\">Co Czarzasty s\u0105dzi o podmiotowo\u015bci Polski?<\/li>\n<li class=\"OchatFollowUps_item__Dhyly OchatFollowUps_itemDesktop__R6aBv\">Jakie dwa sposoby rozm\u00f3w z Ukrain\u0105 wymieni\u0142 Czarzasty?<\/li>\n<li class=\"OchatFollowUps_item__Dhyly OchatFollowUps_itemDesktop__R6aBv\">Co oznacza wypowied\u017a Czarzastego o spotkaniu w lesie?<\/li>\n<\/ul>\n<p>W\u0142odzimierz Czarzasty uderzy\u0142 w Karola Nawrockiego. &#8222;Specjalizuje si\u0119 w biciu&#8221; <\/p>\n<p class=\"Paragraph_desktopParagraph__U31Gm\">Fijo\u0142ek przypomnia\u0142 s\u0142owa Nawrockiego sprzed wizyty Ze\u0142enskiego w Polsce. \u2014 Je\u015bli prezydent na dzie\u0144 dobry m\u00f3wi: stracili\u015bmy element partnerstwa na linii Polska-Ukraina i \u017ce musimy nauczy\u0107 si\u0119 funkcjonowa\u0107 nie jak junior partnerzy w korporacji \u2014 stwierdzi\u0142 prowadz\u0105cy.<\/p>\n<p class=\"Paragraph_desktopParagraph__U31Gm\">\u2014 Kompleksy cz\u0142owieka, kt\u00f3ry generalnie specjalizuje si\u0119 w biciu z lud\u017ami w lesie, mnie ma\u0142o interesuj\u0105 \u2014 stwierdzi\u0142 Czarzasty. Podkre\u015bli\u0142, \u017ce Polska nie straci\u0142a podmiotowo\u015bci. \u2014 Powinni\u015bmy swoj\u0105 podmiotowo\u015b\u0107 jeszcze bardziej budowa\u0107 i tak po prostu b\u0119dzie \u2014 zauwa\u017cy\u0142 dalej.<\/p>\n<p>W\u0142odzimierz Czarzasty m\u00f3wi\u0142 o dw\u00f3ch sposobach rozm\u00f3w z Ukrain\u0105. &#8222;Damy im po ryju&#8221; <\/p>\n<p class=\"Paragraph_desktopParagraph__U31Gm\">Czarzasty zwr\u00f3ci\u0142 uwag\u0119, \u017ce to, co zostanie powiedziane Ze\u0142enskiemu w Pa\u0142acu Prezydenckim, powinno by\u0107 ustalone z o\u015brodkiem rz\u0105dowym, kt\u00f3ry prowadzi polityk\u0119 zagraniczn\u0105 Polski.<\/p>\n<p class=\"Paragraph_desktopParagraph__U31Gm\">Prowadz\u0105cy dopyta\u0142, czy wszystko w relacjach pomi\u0119dzy Warszaw\u0105 i Kijowem jest w porz\u0105dku. Czarzasty podkre\u015bli\u0142, \u017ce s\u0105 rzeczy do korekty. Jego zdaniem nale\u017cy jednak podchodzi\u0107 do sprawy w szerszym kontek\u015bcie i bra\u0107 pod uwag\u0119 sytuacj\u0119, w kt\u00f3rej znalaz\u0142a si\u0119 Ukraina.<\/p>\n<p class=\"Paragraph_desktopParagraph__U31Gm\">Czarzasty m\u00f3wi\u0142 o dw\u00f3ch sposobach rozm\u00f3w. Jeden polega na rozmowach i wskazywaniu punkt\u00f3w, kt\u00f3re wymagaj\u0105 naprawy. \u2014 Jest r\u00f3wnie\u017c drugi j\u0119zyk. Nie b\u0119dziemy stali w przedpokoju. Po prostu damy im po ryju i wtedy b\u0119dzie dobrze. Jak spotkam ich w lesie, to poka\u017c\u0119 im, kto jest silniejszy \u2014 powiedzia\u0142 Czarzasty, nawi\u0105zuj\u0105c do doniesie\u0144 o przesz\u0142o\u015bci Karola Nawrockiego. Zaznaczy\u0142, \u017ce swoj\u0105 wypowied\u017a przerysowa\u0142, by obywatele zauwa\u017cyli dwa podej\u015bcia do relacji z Ukrain\u0105.<\/p>\n","protected":false},"excerpt":{"rendered":"Du\u017co czytania, a ma\u0142o czasu? Sprawd\u017a\u00a0skr\u00f3t\u00a0artyku\u0142u W\u0142odzimierz Czarzasty by\u0142 go\u015bciem pi\u0105tkowego wydania programu &#8222;Graffiti&#8221; na antenie Polsatu News.&hellip;\n","protected":false},"author":2,"featured_media":159914,"comment_status":"","ping_status":"","sticky":false,"template":"","format":"standard","meta":{"footnotes":""},"categories":[5],"tags":[32,33,36,37,27,67,240,34,35,28,31,53,25,52,68,51,55,42,38,40,4409,39,41,47,29,30,50,26,5700],"class_list":{"0":"post-159913","1":"post","2":"type-post","3":"status-publish","4":"format-standard","5":"has-post-thumbnail","7":"category-naglowki","8":"tag-breaking-news","9":"tag-breakingnews","10":"tag-featured-news","11":"tag-featurednews","12":"tag-headlines","13":"tag-intextvideo_splayer","14":"tag-karol_nawrocki_prezydent","15":"tag-latest-news","16":"tag-latestnews","17":"tag-naglowki","18":"tag-najwazniejsze-artykuly","19":"tag-new_header","20":"tag-news","21":"tag-onet3","22":"tag-onet3d","23":"tag-onet3d_2i","24":"tag-phx","25":"tag-pl","26":"tag-poland","27":"tag-polish","28":"tag-polityka_polityk_polityczka_politycy","29":"tag-polska","30":"tag-polski","31":"tag-screening_general","32":"tag-top-stories","33":"tag-topstories","34":"tag-v2021","35":"tag-wiadomosci","36":"tag-wlodzimierz_czarzasty_polityk"},"share_on_mastodon":{"url":"https:\/\/pubeurope.com\/@pl\/115746441311393749","error":""},"_links":{"self":[{"href":"https:\/\/www.europesays.com\/pl\/wp-json\/wp\/v2\/posts\/159913","targetHints":{"allow":["GET"]}}],"collection":[{"href":"https:\/\/www.europesays.com\/pl\/wp-json\/wp\/v2\/posts"}],"about":[{"href":"https:\/\/www.europesays.com\/pl\/wp-json\/wp\/v2\/types\/post"}],"author":[{"embeddable":true,"href":"https:\/\/www.europesays.com\/pl\/wp-json\/wp\/v2\/users\/2"}],"replies":[{"embeddable":true,"href":"https:\/\/www.europesays.com\/pl\/wp-json\/wp\/v2\/comments?post=159913"}],"version-history":[{"count":0,"href":"https:\/\/www.europesays.com\/pl\/wp-json\/wp\/v2\/posts\/159913\/revisions"}],"wp:featuredmedia":[{"embeddable":true,"href":"https:\/\/www.europesays.com\/pl\/wp-json\/wp\/v2\/media\/159914"}],"wp:attachment":[{"href":"https:\/\/www.europesays.com\/pl\/wp-json\/wp\/v2\/media?parent=159913"}],"wp:term":[{"taxonomy":"category","embeddable":true,"href":"https:\/\/www.europesays.com\/pl\/wp-json\/wp\/v2\/categories?post=159913"},{"taxonomy":"post_tag","embeddable":true,"href":"https:\/\/www.europesays.com\/pl\/wp-json\/wp\/v2\/tags?post=159913"}],"curies":[{"name":"wp","href":"https:\/\/api.w.org\/{rel}","templated":true}]}}