{"id":159942,"date":"2025-12-19T13:44:12","date_gmt":"2025-12-19T13:44:12","guid":{"rendered":"https:\/\/www.europesays.com\/pl\/159942\/"},"modified":"2025-12-19T13:44:12","modified_gmt":"2025-12-19T13:44:12","slug":"na-te-nowosci-wszyscy-czekali-no-rest-for-the-wicked-otrzyma-kooperacje","status":"publish","type":"post","link":"https:\/\/www.europesays.com\/pl\/159942\/","title":{"rendered":"Na te nowo\u015bci wszyscy czekali. No Rest for the Wicked otrzyma kooperacj\u0119"},"content":{"rendered":"<p>\u015awietnie przyj\u0119ty i wci\u0105\u017c rozbudowywany No Rest for the Wicked ju\u017c wkr\u00f3tce otrzyma du\u017c\u0105 aktualizacj\u0119. Deweloperzy potwierdzili \u015bwietn\u0105 wiadomo\u015b\u0107.<\/p>\n<p>No Rest for the Wicked od samego startu Wczesnego Dost\u0119pu zebra\u0142o mas\u0119 bardzo pozytywnych opinii i szybko udowodni\u0142o, \u017ce Moon Studios doskonale odnajduje si\u0119 tak\u017ce poza seri\u0105 Ori. Gra wci\u0105\u017c nie doczeka\u0142a si\u0119 wersji 1.0, ale deweloperzy regularnie podkre\u015blaj\u0105, \u017ce to \u015bwiadoma decyzja &#8211; tw\u00f3rcy ws\u0142uchuj\u0105 si\u0119 w g\u0142os spo\u0142eczno\u015bci i systematycznie rozbudowuj\u0105 produkcj\u0119, dopracowuj\u0105c kluczowe mechaniki.<\/p>\n<p>    Dalsza cz\u0119\u015b\u0107 tekstu pod wideo<\/p>\n<p>Podczas najnowszego odcinka deweloperskiego livestreamu \u201eWicked Inside\u201d Moon Studios zaprezentowa\u0142o zupe\u0142nie nowe informacje na temat przysz\u0142o\u015bci gry. Najwa\u017cniejsza z nich? Pe\u0142noprawna kooperacja, na kt\u00f3r\u0105 gracze czekali od miesi\u0119cy. Tw\u00f3rcy pokazali pierwsze fragmenty rozgrywki w trybie wsp\u00f3\u0142pracy i oficjalnie zapowiedzieli ogromn\u0105 aktualizacj\u0119 zatytu\u0142owan\u0105 No Rest for the Wicked Together.<\/p>\n<p>        <img loading=\"lazy\" decoding=\"async\" src=\"https:\/\/www.europesays.com\/pl\/wp-content\/uploads\/2025\/12\/1766090291_254_B32963402.414688363;dc_trk_aid=607216972;dc_trk_cid=228291445;ord=[timestamp];dc_lat=;dc_rdid=;tag_f.gif\" attributionsrc=\"\" border=\"0\" height=\"1\" width=\"1\" alt=\"Advertisement\"\/><\/p>\n<p>Nowa aktualizacja wprowadzi kooperacyjn\u0105 walk\u0119, wsp\u00f3\u0142dzielone zasoby, wsp\u00f3lne posiad\u0142o\u015bci i ca\u0142e zestawy systemowych usprawnie\u0144. Gracze b\u0119d\u0105 mogli przemierza\u0107 \u015bwiat Isola Sacra nawet w czteroosobowych zespo\u0142ach, korzystaj\u0105c ze wsp\u00f3lnych \u015bwiat\u00f3w, kt\u00f3re zachowaj\u0105 post\u0119py ca\u0142ej dru\u017cyny. To wyra\u017any krok w stron\u0119 rozgrywki, o jak\u0105 spo\u0142eczno\u015b\u0107 prosi\u0142a od pocz\u0105tku.<\/p>\n<p>Studio potwierdzi\u0142o r\u00f3wnie\u017c konkretn\u0105 dat\u0119 premiery aktualizacji &#8211; 22 stycznia 2026 roku. Co wi\u0119cej, ju\u017c teraz ruszy\u0142y publiczne testy beta, dost\u0119pne dla wszystkich, kt\u00f3rzy zakupili gr\u0119 we Wczesnym Dost\u0119pie na Steamie.<\/p>\n","protected":false},"excerpt":{"rendered":"\u015awietnie przyj\u0119ty i wci\u0105\u017c rozbudowywany No Rest for the Wicked ju\u017c wkr\u00f3tce otrzyma du\u017c\u0105 aktualizacj\u0119. Deweloperzy potwierdzili \u015bwietn\u0105&hellip;\n","protected":false},"author":2,"featured_media":159943,"comment_status":"","ping_status":"","sticky":false,"template":"","format":"standard","meta":{"footnotes":""},"categories":[20],"tags":[120,118,119,42,38,40,39,41,116,114,115,121,117],"class_list":{"0":"post-159942","1":"post","2":"type-post","3":"status-publish","4":"format-standard","5":"has-post-thumbnail","7":"category-nauka-i-technika","8":"tag-nauka","9":"tag-nauka-i-technika","10":"tag-naukatechnika","11":"tag-pl","12":"tag-poland","13":"tag-polish","14":"tag-polska","15":"tag-polski","16":"tag-science","17":"tag-science-and-technology","18":"tag-sciencetechnology","19":"tag-technika","20":"tag-technology"},"share_on_mastodon":{"url":"https:\/\/pubeurope.com\/@pl\/115746535754010754","error":""},"_links":{"self":[{"href":"https:\/\/www.europesays.com\/pl\/wp-json\/wp\/v2\/posts\/159942","targetHints":{"allow":["GET"]}}],"collection":[{"href":"https:\/\/www.europesays.com\/pl\/wp-json\/wp\/v2\/posts"}],"about":[{"href":"https:\/\/www.europesays.com\/pl\/wp-json\/wp\/v2\/types\/post"}],"author":[{"embeddable":true,"href":"https:\/\/www.europesays.com\/pl\/wp-json\/wp\/v2\/users\/2"}],"replies":[{"embeddable":true,"href":"https:\/\/www.europesays.com\/pl\/wp-json\/wp\/v2\/comments?post=159942"}],"version-history":[{"count":0,"href":"https:\/\/www.europesays.com\/pl\/wp-json\/wp\/v2\/posts\/159942\/revisions"}],"wp:featuredmedia":[{"embeddable":true,"href":"https:\/\/www.europesays.com\/pl\/wp-json\/wp\/v2\/media\/159943"}],"wp:attachment":[{"href":"https:\/\/www.europesays.com\/pl\/wp-json\/wp\/v2\/media?parent=159942"}],"wp:term":[{"taxonomy":"category","embeddable":true,"href":"https:\/\/www.europesays.com\/pl\/wp-json\/wp\/v2\/categories?post=159942"},{"taxonomy":"post_tag","embeddable":true,"href":"https:\/\/www.europesays.com\/pl\/wp-json\/wp\/v2\/tags?post=159942"}],"curies":[{"name":"wp","href":"https:\/\/api.w.org\/{rel}","templated":true}]}}