{"id":159966,"date":"2025-12-19T14:02:13","date_gmt":"2025-12-19T14:02:13","guid":{"rendered":"https:\/\/www.europesays.com\/pl\/159966\/"},"modified":"2025-12-19T14:02:13","modified_gmt":"2025-12-19T14:02:13","slug":"ustawiaja-czerwone-kontenery-blad-przy-wyrzucaniu-kosztuje-5-tys-zl","status":"publish","type":"post","link":"https:\/\/www.europesays.com\/pl\/159966\/","title":{"rendered":"Ustawiaj\u0105 czerwone kontenery. B\u0142\u0105d przy wyrzucaniu kosztuje 5 tys. z\u0142"},"content":{"rendered":"<p>\n\t\t\tCzerwone kontenery na odpady s\u0105 ustawiane coraz cz\u0119\u015bciej na polskich ulicach i przy sklepach. Ich kolor ma szczeg\u00f3lne znaczenie. Mo\u017cna do nich wrzuca\u0107 tylko okre\u015blony rodzaj odpad\u00f3w, a b\u0142\u0105d mo\u017ce kosztowa\u0107 5 tys. z\u0142.\n\t\t<\/p>\n<ul>&#13;<\/p>\n<li>Czerwone pojemniki na \u015bmieci to coraz cz\u0119stszy widok w polskich miastach. Ich kolor ma znaczenie. Sygnalizuje, \u017ce s\u0105 przeznaczone na takie odpady, kt\u00f3rych niew\u0142a\u015bciwa utylizacja mo\u017ce zagrozi\u0107 \u015brodowisku lub ludzkiemu\u00a0zdrowiu.<\/li>\n<p>&#13;<\/p>\n<li>Do czerwonych pojemnik\u00f3w nale\u017cy wyrzuca\u0107 odpady niebezpieczne. To &#8211; w zale\u017cno\u015bci od przeznaczenia w danej lokalizacji &#8211;\u00a0chemikalia i\u00a0przeterminowane leki, ale tak\u017ce zu\u017cyte \u017car\u00f3wki i ma\u0142y sprz\u0119t elektroniczny. Dlatego w okresie \u015bwi\u0105t Bo\u017cego Narodzenia mog\u0105 by\u0107 bardzo przydatne, je\u015bli b\u0119dziemy chcieli pozby\u0107 si\u0119 zepsutych lub starych \u015bwiate\u0142ek na choink\u0119.<\/li>\n<p>&#13;<\/p>\n<li>Warto wiedzie\u0107, \u017ce za wrzucenie elektro\u015bmieci do niew\u0142a\u015bciwego pojemnika mo\u017ce grozi\u0107 kara finansowa. To nawet do 5 tys. z\u0142.<\/li>\n<p>&#13;\n<\/ul>\n<p>&#13;<br \/>\nCzerwone pojemniki na ulicach. Uzupe\u0142nienie systemu segregacji odpad\u00f3w&#13;<\/p>\n<p>System segregacji odpad\u00f3w w Polsce jest oparty na pi\u0119ciu g\u0142\u00f3wnych grupach. Jak wyja\u015bnia Ministerstwo Klimatu i \u015arodowiska, przypisano im kolory pojemnik\u00f3w:<\/p>\n<p>&#13;<\/p>\n<ul>&#13;<\/p>\n<li>Czarny (lub szary)\u00a0&#8211; odpady zmieszane, resztkowe;<\/li>\n<p>&#13;<\/p>\n<li>Br\u0105zowy &#8211; odpady biodegradowalne (bio);<\/li>\n<p>&#13;<\/p>\n<li>\u017b\u00f3\u0142ty &#8211; metale i tworzywa sztuczne;<\/li>\n<p>&#13;<\/p>\n<li>Niebieski &#8211; papier;<\/li>\n<p>&#13;<\/p>\n<li>Zielony &#8211; szk\u0142o;<\/li>\n<p>&#13;\n<\/ul>\n<p>&#13;<\/p>\n<p>W miastach mo\u017cna jednak dostrzec tak\u017ce inny kolor. &#8211; W ostatnim czasie pojawi\u0142y si\u0119 czerwone pojemniki na odpady\u00a0&#8211; informuje RMF FM. To nie przypadek. Czerwone pojemniki to uzupe\u0142nienie obecnego systemu segregacji odpad\u00f3w.<\/p>\n<p>&#13;<\/p>\n<p>\t\t\t\t\t<a href=\"https:\/\/www.portalsamorzadowy.pl\/gospodarka-komunalna\/od-1-stycznia-do-pszok-tylko-z-kodem-bez-niego-nie-przyjma-odpadow,642015.html\" class=\"read-more-box-img-cnt\" rel=\"nofollow noopener\" target=\"_blank\"><br \/>\n\t\t\t\t<img decoding=\"async\" loading=\"lazy\" width=\"300\" height=\"200\" src=\"https:\/\/www.europesays.com\/pl\/wp-content\/uploads\/2025\/12\/282285_r0_300.jpg\" alt=\"Od 1 stycznia do PSZOK tylko z kodem. Bez niego nie przyjm\u0105 odpad\u00f3w\" class=\"read-more-box-img\"\/><br \/>\n\t\t\t<\/a><\/p>\n<p>&#13;<br \/>\nNowe pojemniki na szczeg\u00f3lny rodzaj odpad\u00f3w. Czerwony kolor ma znaczenie&#13;<\/p>\n<p>Czerwone pojemniki na odpady pojawiaj\u0105 si\u0119 na osiedlach lub przy r\u00f3\u017cnego rodzaju sklepach nieprzypadkowo.<\/p>\n<p>&#13;<\/p>\n<blockquote><p>&#13;<\/p>\n<p>Do czerwonych pojemnik\u00f3w nale\u017cy wyrzuca\u0107 odpady niebezpieczne.\u00a0Ich charakterystyczny kolor sygnalizuje, \u017ce s\u0105 one przeznaczone dla specyficznych rodzaj\u00f3w odpad\u00f3w, kt\u00f3rych\u00a0nie wolno wrzuca\u0107 do innych kontener\u00f3w, kt\u00f3rych niew\u0142a\u015bciwa utylizacja mo\u017ce zagra\u017ca\u0107 \u015brodowisku lub zdrowiu ludzki<\/p>\n<p>&#13;\n<\/p><\/blockquote>\n<p>&#13;<\/p>\n<p>&#8211; informuje Forsal.pl.<\/p>\n<p>&#13;<\/p>\n<p>Funkcja czerwonych pojemnik\u00f3w bardzo cz\u0119sto zale\u017cy od miejsca lokalizacji. Przyk\u0142adowo w aptece mog\u0105 s\u0142u\u017cy\u0107 do wyrzucania lek\u00f3w, zu\u017cytych strzykawek czy materia\u0142\u00f3w opatrunkowych.<\/p>\n<p>&#13;<br \/>\nCzerwone pojemniki mog\u0105 by\u0107 bardzo przydatne w okresie \u015bwi\u0105t Bo\u017cego Narodzenia&#13;<\/p>\n<p>W niekt\u00f3rych miejscach czerwone pojemniki, czasami o nietypowym kszta\u0142cie, mog\u0105 by\u0107 przeznaczone na zu\u017cyty sprz\u0119t elektryczny i elektroniczny. Chodzi m.in.:<\/p>\n<p>&#13;<\/p>\n<ul>&#13;<\/p>\n<li>o zu\u017cyte baterie i akumulatorki,<\/li>\n<p>&#13;<\/p>\n<li>ma\u0142y sprz\u0119t elektroniczny (np. telefony, \u0142adowarki, czajniki, suszarki, inne drobne urz\u0105dzenia),<\/li>\n<p>&#13;<\/p>\n<li>\u017car\u00f3wki energooszcz\u0119dne.<\/li>\n<p>&#13;\n<\/ul>\n<p>&#13;<\/p>\n<p>Warto wiedzie\u0107, \u017ce\u00a0czerwone pojemniki przeznaczone na elektro\u015bmieci mog\u0105 by\u0107 bardzo przydatne w okresie \u015bwi\u0105t Bo\u017cego Narodzenia, gdy Polacy przyozdabiaj\u0105 choinki, domy i ogrody \u015bwiate\u0142kami. Bywa, \u017ce cz\u0119\u015b\u0107 z nich si\u0119 psuje lub przestaje si\u0119 podoba\u0107 i wtedy trzeba si\u0119 ich pozby\u0107. Zu\u017cyte \u015bwiate\u0142ka choinkowe to elektro\u015bmieci (zu\u017cyty sprz\u0119t elektryczny i elektroniczny &#8211; ZSEE) i nie wolno ich wyrzuca\u0107 do zwyk\u0142ych \u015bmieci!\u00a0<\/p>\n<p>&#13;<\/p>\n<blockquote><p>&#13;<\/p>\n<p>Przepalony komplet lampek, tak jak ka\u017cdy sprz\u0119t elektryczny, elektroniczny czy zasilany na baterie, powinien trafi\u0107 do Punktu Selektywnej Zbi\u00f3rki Odpad\u00f3w Komunalnych. Sznura z lampkami nie mo\u017cna wyrzuci\u0107 do domowego pojemnika na odpady<\/p>\n<p>&#13;\n<\/p><\/blockquote>\n<p>&#13;<\/p>\n<p>&#8211; czytamy na stronie Zwi\u0105zku Mi\u0119dzygminnego Pilski Region Gospodarki Odpadami Komunalnymi.<\/p>\n<p>&#13;<\/p>\n<p>\t\t\t\t\t<a href=\"https:\/\/www.portalsamorzadowy.pl\/gospodarka-komunalna\/butle-z-gazem-zakazane-w-blokach-to-powazne-naruszenie-przepisow,641806.html\" class=\"read-more-box-img-cnt\" rel=\"nofollow noopener\" target=\"_blank\"><br \/>\n\t\t\t\t<img decoding=\"async\" loading=\"lazy\" width=\"300\" height=\"200\" src=\"https:\/\/www.europesays.com\/pl\/wp-content\/uploads\/2025\/12\/282276_r0_300.jpg\" alt=\"Butle z gazem zakazane w blokach.  To powa\u017cne naruszenie przepis\u00f3w\" class=\"read-more-box-img\"\/><br \/>\n\t\t\t<\/a><\/p>\n<p>&#13;<\/p>\n<p>Je\u015bli jednak mamy na osiedlu czerwony pojemnik na elektroodpady, to wtedy \u015bwiate\u0142ka spokojnie mo\u017cna w nim umie\u015bci\u0107.<\/p>\n<p>&#13;<br \/>\nUwaga na niew\u0142a\u015bciwe wyrzucanie odpad\u00f3w. Grozi 5 tys. z\u0142 kary&#13;<\/p>\n<p>Jak przypomina Forsal.pl, za brak wiedzy, co gdzie nale\u017cy wrzuca\u0107, mo\u017cna s\u0142ono zap\u0142aci\u0107. Je\u015bli do czerwonego pojemnika wrzucimy odpady, kt\u00f3re nie powinny si\u0119 w nim znale\u017a\u0107 &#8211; jak papier czy plastik &#8211; mo\u017cemy zap\u0142aci\u0107 kar\u0119. Z kolei je\u015bli elektro\u015bmieci wyrzucimy do niew\u0142a\u015bciwego kontenera, mo\u017cemy zosta\u0107 ukarani mandatem nawet do 5 tys. z\u0142.<\/p>\n<p>&#13;<\/p>\n<p>\t\t\t\t\t<a href=\"https:\/\/www.portalsamorzadowy.pl\/gospodarka-komunalna\/wynalazek-z-niemiec-piec-razy-lepszy-od-pomp-ciepla-zupelnie-nowa-technologia,641738.html\" class=\"read-more-box-img-cnt\" rel=\"nofollow noopener\" target=\"_blank\"><br \/>\n\t\t\t\t<img decoding=\"async\" loading=\"lazy\" width=\"300\" height=\"200\" src=\"https:\/\/www.europesays.com\/pl\/wp-content\/uploads\/2025\/12\/282060_r0_300.jpg\" alt=\"Wynalazek z Niemiec pi\u0119\u0107 razy lepszy od pomp ciep\u0142a. Zupe\u0142nie nowa technologia\" class=\"read-more-box-img\"\/><br \/>\n\t\t\t<\/a><\/p>\n<p>&#13;<\/p>\n<p>Wa\u017cne jest te\u017c odpowiednie przygotowane niebezpiecznych odpad\u00f3w przed wrzuceniem do czerwonych pojemnik\u00f3w, np. opr\u00f3\u017cnienie, osuszenie, zapakowanie w spos\u00f3b bezpieczny i oznaczony, je\u015bli wymaga tego instrukcja producenta.<\/p>\n<p>&#13;<\/p>\n<blockquote><p>&#13;<\/p>\n<p>Wyrzucenie odpad\u00f3w niebezpiecznych jest tak\u017ce mo\u017cliwe w Punktach Selektywnej Zbi\u00f3rki Odpad\u00f3w Komunalnych (PSZOK), dost\u0119pnych w ka\u017cdej gminie.<\/p>\n<p>&#13;\n<\/p><\/blockquote>\n<p>&#13;<\/p>\n<p>Forsal.pl zapowiada te\u017c, \u017ce\u00a0liczba czerwonych pojemnik\u00f3w b\u0119dzie systematycznie ros\u0142a.<\/p>\n<p>&#13;<br \/>\nCzerwone pojemniki na \u015bmieci w innych krajach. Ich znaczenie jest r\u00f3\u017cne&#13;<\/p>\n<p>Czerwone pojemniki s\u0105 stosowane tak\u017ce w innych krajach. &#8211; Ich przeznaczenie r\u00f3\u017cni si\u0119 w zale\u017cno\u015bci od lokalnego systemu\u00a0gospodarki\u00a0odpadami &#8211; przypomina Forsal.pl. W Australii czy Wielkiej Brytanii wyrzucane s\u0105 tam odpady resztkowe i zmieszane, a w Stanach Zjednoczonych odpady medyczne.<\/p>\n<p>\t\t\t\t<img decoding=\"async\" src=\"https:\/\/www.europesays.com\/pl\/wp-content\/uploads\/2025\/11\/copyright.png\"\/><\/p>\n<p>Materia\u0142 chroniony prawem autorskim &#8211; zasady przedruk\u00f3w okre\u015bla <a href=\"https:\/\/www.portalsamorzadowy.pl\/korzystanie-z-serwisu.html\" rel=\"nofollow noopener\" target=\"_blank\">regulamin<\/a>.<\/p>\n","protected":false},"excerpt":{"rendered":"Czerwone kontenery na odpady s\u0105 ustawiane coraz cz\u0119\u015bciej na polskich ulicach i przy sklepach. Ich kolor ma szczeg\u00f3lne&hellip;\n","protected":false},"author":2,"featured_media":159967,"comment_status":"","ping_status":"","sticky":false,"template":"","format":"standard","meta":{"footnotes":""},"categories":[5],"tags":[664,1178,1177,31698,10323,23050,32,33,36,37,27,34,35,28,31,31696,10321,23048,1175,25,42,38,40,39,41,29,30,1176,31697,10322,23049,26],"class_list":{"0":"post-159966","1":"post","2":"type-post","3":"status-publish","4":"format-standard","5":"has-post-thumbnail","7":"category-naglowki","8":"tag-typedefinedterm","9":"tag-0-html","10":"tag-1177","11":"tag-12354-html","12":"tag-19988-html","13":"tag-8675-html","14":"tag-breaking-news","15":"tag-breakingnews","16":"tag-featured-news","17":"tag-featurednews","18":"tag-headlines","19":"tag-latest-news","20":"tag-latestnews","21":"tag-naglowki","22":"tag-najwazniejsze-artykuly","23":"tag-nameelektroodpady","24":"tag-namemkiu015a","25":"tag-namesegregacja-u015bmieci","26":"tag-nameserwis-gospodarka-odpadami","27":"tag-news","28":"tag-pl","29":"tag-poland","30":"tag-polish","31":"tag-polska","32":"tag-polski","33":"tag-top-stories","34":"tag-topstories","35":"tag-urlhttps-www-portalsamorzadowy-pl-gospodarka-komunalna-podserwis-serwis-gospodarka-odpadami","36":"tag-urlhttps-www-portalsamorzadowy-pl-klucze-elektroodpady","37":"tag-urlhttps-www-portalsamorzadowy-pl-klucze-mkis","38":"tag-urlhttps-www-portalsamorzadowy-pl-klucze-segregacja-smieci","39":"tag-wiadomosci"},"share_on_mastodon":{"url":"","error":"Validation failed: Text character limit of 500 exceeded"},"_links":{"self":[{"href":"https:\/\/www.europesays.com\/pl\/wp-json\/wp\/v2\/posts\/159966","targetHints":{"allow":["GET"]}}],"collection":[{"href":"https:\/\/www.europesays.com\/pl\/wp-json\/wp\/v2\/posts"}],"about":[{"href":"https:\/\/www.europesays.com\/pl\/wp-json\/wp\/v2\/types\/post"}],"author":[{"embeddable":true,"href":"https:\/\/www.europesays.com\/pl\/wp-json\/wp\/v2\/users\/2"}],"replies":[{"embeddable":true,"href":"https:\/\/www.europesays.com\/pl\/wp-json\/wp\/v2\/comments?post=159966"}],"version-history":[{"count":0,"href":"https:\/\/www.europesays.com\/pl\/wp-json\/wp\/v2\/posts\/159966\/revisions"}],"wp:featuredmedia":[{"embeddable":true,"href":"https:\/\/www.europesays.com\/pl\/wp-json\/wp\/v2\/media\/159967"}],"wp:attachment":[{"href":"https:\/\/www.europesays.com\/pl\/wp-json\/wp\/v2\/media?parent=159966"}],"wp:term":[{"taxonomy":"category","embeddable":true,"href":"https:\/\/www.europesays.com\/pl\/wp-json\/wp\/v2\/categories?post=159966"},{"taxonomy":"post_tag","embeddable":true,"href":"https:\/\/www.europesays.com\/pl\/wp-json\/wp\/v2\/tags?post=159966"}],"curies":[{"name":"wp","href":"https:\/\/api.w.org\/{rel}","templated":true}]}}