{"id":159978,"date":"2025-12-19T14:08:06","date_gmt":"2025-12-19T14:08:06","guid":{"rendered":"https:\/\/www.europesays.com\/pl\/159978\/"},"modified":"2025-12-19T14:08:06","modified_gmt":"2025-12-19T14:08:06","slug":"zaskakujacy-zwrot-w-sprawie-marcina-romanowskiego-nowa-decyzja-sadu","status":"publish","type":"post","link":"https:\/\/www.europesays.com\/pl\/159978\/","title":{"rendered":"Zaskakuj\u0105cy zwrot w sprawie Marcina Romanowskiego. Nowa decyzja s\u0105du"},"content":{"rendered":"<p class=\"ods-c-paragraph \">&#8222;S\u0105d Okr\u0119gowy w Warszawie uwzgl\u0119dni\u0142 m\u00f3j wniosek i uchyli\u0142 Europejski Nakaz Aresztowania wydany wobec pos\u0142a Marcina Romanowskiego&#8221; \u2014 napisa\u0142 w pi\u0105tek w mediach spo\u0142eczno\u015bciowych adwokat Bartosz Lewandowski.<\/p>\n<p class=\"ods-c-paragraph \">Prawnik Marcina Romanowskiego przekaza\u0142 tak\u017ce, \u017ce jego klient mo\u017ce swobodnie porusza\u0107 si\u0119 po krajach Unii Europejskiej i nie jest ju\u017c \u015bcigany poza Polsk\u0105. &#8222;Wcze\u015bniej Interpol odm\u00f3wi\u0142 wystawienia czerwonej noty&#8221; \u2014 przypomnia\u0142.<\/p>\n<p>Dalszy ci\u0105g artyku\u0142u pod materia\u0142em wideo<\/p>\n<p> Jakie by\u0142o uzasadnienie uchwa\u0142y s\u0105du w sprawie Marcina Romanowskiego? <\/p>\n<p> Co oznacza uchwa\u0142a s\u0105du dla Marcina Romanowskiego? <\/p>\n<p> Kto poinformowa\u0142 o uchwa\u0142\u0119 s\u0105du? <\/p>\n<p> Jakie s\u0105 zarzuty wobec Marcina Romanowskiego? <\/p>\n<p>  Marcin Romanowski nie b\u0119dzie \u015bcigany ENA. Jego obro\u0144ca komentuje   <\/p>\n<p class=\"ods-c-paragraph \">Obro\u0144ca by\u0142ego wiceministra sprawiedliwo\u015bci opisa\u0142, \u017ce w praktyce decyzja s\u0105du oznacza, i\u017c Romanowski mo\u017ce bez ogranicze\u0144 porusza\u0107 si\u0119 po krajach UE i po ca\u0142ym \u015bwiecie. \u2014 Owszem, jego paszport dyplomatyczny oraz tak zwany cywilny zosta\u0142y uniewa\u017cnione, ale posiada jeszcze paszport Konwencji Genewskiej [wydawany uchod\u017acom jako tymczasowy dokument podr\u00f3\u017cy]. Do tego dow\u00f3d, na mocy kt\u00f3rych mo\u017ce podr\u00f3\u017cowa\u0107 po \u015bwiecie \u2014 wskazuje Bartosz Lewandowski.<\/p>\n<p class=\"ods-c-paragraph \">\u2014 Ostatecznych decyzji jeszcze nie podj\u0119li\u015bmy, ale nie wykluczam, \u017ce w tej sprawie, dotycz\u0105cej decyzji sto\u0142ecznego s\u0105du okr\u0119gowego i uchylenia ENA, z\u0142o\u017cymy skarg\u0119 na dzia\u0142anie pa\u0144stwa polskiego i jego w\u0142adz do Europejskiego Trybuna\u0142u Praw Cz\u0142owieka w Strasburgu \u2014 dodaje.<\/p>\n<p>   S\u0105d uchyli\u0142 nakaz aresztowania wobec Marcina Romanowskiego. Jest uzasadnienie<\/p>\n<p class=\"ods-c-paragraph \">Informacj\u0119 o uchyleniu Europejskiego Nakazu Aresztowania potwierdzi\u0142a rzecznik do spraw karnych S\u0105du Okr\u0119gowego w Warszawie Anna Ptaszek. Decyzj\u0119 w sprawie Marcina Romanowskiego podj\u0105\u0142 s\u0119dzia Dariusz \u0141ubowski. W pa\u017adzierniku to on nie zgodzi\u0142 si\u0119 na ekstradycj\u0119 ukrai\u0144skiego nurka do Niemiec, podejrzewanego o udzia\u0142 w zniszczeniu gazoci\u0105gu Nord Stream.<\/p>\n<p class=\"ods-c-paragraph \">Bartosz Lewandowski opublikowa\u0142 tak\u017ce uzasadnienie decyzji s\u0105du. &#8222;S\u0105d ca\u0142kowicie masakruje post\u0119powanie nie tylko Prokuratury Krajowej w \u015bledztwie dotycz\u0105cym Marcina Romanowskiego, ale tak\u017ce de facto wskazuje na polityczny wp\u0142yw na \u015bledztwo i naruszenia praw o wolno\u015bci obywatelskich&#8221; \u2014 podkre\u015bli\u0142.<\/p>\n<p class=\"ods-c-paragraph \">&#8222;To akt oskar\u017cenia wobec dzia\u0142a\u0144 rz\u0105du (zosta\u0142y nawet przywo\u0142ane s\u0142owa pana ministra Waldemara \u017burka) i s\u0142u\u017cb. S\u0105d podkre\u015bli\u0142 r\u00f3wnie\u017c naciski na s\u0105dy w tej sprawie motywowane politycznie. Wbrew oficjalnej narracji rz\u0105du Interpol poda\u0142 powody odmowy wydania czerwonej noty za Marcinem Romanowskim, kt\u00f3re s\u0105d wzi\u0105\u0142 pod uwag\u0119 przy wydaniu rozstrzygni\u0119cia o uchyleniu ENA. Teraz rozumiem, dlaczego Prokuratura Krajowa nie chcia\u0142a tych powod\u00f3w ujawni\u0107&#8230;&#8221; \u2014 napisa\u0142.<\/p>\n<p>    S\u0105d uderza w Waldemara \u017burka. Pisze o kryptodyktaturze<\/p>\n<p class=\"ods-c-paragraph \">W uzasadnieniu czytamy, \u017ce &#8222;nie spos\u00f3b nie zauwa\u017cy\u0107 niezwykle niebezpiecznego dla demokratycznego pa\u0144stwa prawa (&#8230;) zjawiska ingerencji najwy\u017cszych rang\u0105 przedstawicieli w\u0142adzy wykonawczej w sfer\u0119 niezawis\u0142o\u015bci s\u0119dziowskiej&#8221;.<\/p>\n<p class=\"ods-c-paragraph \">&#8222;Odnosz\u0105c si\u0119 do prawnych skutk\u00f3w przyznania Marcinowi Romanowskiemu azylu politycznego na W\u0119grzech (&#8230;) nale\u017cy przede wszystkim podnie\u015b\u0107, \u017ce W\u0119gry s\u0105 pe\u0142noprawnym cz\u0142onkiem Unii Europejskiej i wszelkie decyzje pa\u0144stwa W\u0119gierskiego w przedmiocie azylu politycznego wywo\u0142uj\u0105 pe\u0142ne i identyczne skutki prawne do takich decyzji wydanych w jakimkolwiek innym pa\u0144stwie&#8221; \u2014 podkre\u015blili s\u0119dziowie.<\/p>\n<p class=\"ods-c-paragraph \">W uzasadnieniu znalaz\u0142o si\u0119 tak\u017ce odniesienie do <a href=\"https:\/\/wiadomosci.onet.pl\/kraj\/minister-zurek-mowil-o-przywozeniu-w-bagazniku-ziobry-teraz-sie-tlumaczy\/m86px6m\" id=\"1d764ef2-9739-4df4-905c-844f6a712e64\" rel=\"nofollow noopener\" target=\"_blank\">s\u0142\u00f3w ministra sprawiedliwo\u015bci i prokuratora generalnego Waldemara \u017burka<\/a>. &#8222;S\u0105d w sprawie niniejszej zapozna\u0142 si\u0119 z ca\u0142o\u015bci\u0105 akt \u015bledztwa oraz wszystkimi zgromadzonymi dowodami i \u2014 nie o\u015bmielaj\u0105c si\u0119 ferowa\u0107 \u017cadnego wyroku \u2014 uznaje za ca\u0142kowicie nieuprawnione publiczne prezentowanie wizerunku Marcina Romanowskiego jako osoby winnej, kt\u00f3ra po sprowadzeniu go do kraju zostanie skazana i osadzona w wi\u0119zieniu (jak publicznie stwierdzi\u0142 jeden z najwy\u017cszych rang\u0105 przedstawicieli w\u0142adzy wykonawczej, opozycjoni\u015bci ukrywaj\u0105cy si\u0119 za granic\u0105 winni by\u0107 porywani przez polskie s\u0142u\u017cby specjalne i przywo\u017ceni do Polski \u00bbw baga\u017cniku\u00ab)&#8221;.<\/p>\n<p class=\"ods-c-paragraph \">&#8222;Te nikczemne i nielicuj\u0105ce z elementarnymi standardami pa\u0144stwa prawnego wypowiedzi s\u0105 szeroko znane tak\u017ce mi\u0119dzynarodowej opinii publicznej. (&#8230;) S\u0105 to argumenty anihiluj\u0105ce wiarygodno\u015b\u0107 pa\u0144stwa polskiego, w tym polskiego s\u0105downictwa (&#8230;) W \u015bwietle wy\u017cej naprowadzonych okoliczno\u015bci istniej\u0105 powa\u017cne obawy, \u017ce sytuacj\u0119 panuj\u0105c\u0105 w pa\u0144stwie polskim zakwalifikowa\u0107 mo\u017cna jako kryptodyktatur\u0119&#8221; \u2014 podkre\u015blili s\u0119dziowie w dokumencie.<\/p>\n<p>Marcin Romanowski uzyska\u0142 azyl na W\u0119grzech<\/p>\n<p class=\"ods-c-paragraph \">By\u0142y wiceminister sprawiedliwo\u015bci Marcin Romanowski jest oskar\u017cony w sprawie nieprawid\u0142owo\u015bci w Funduszu Sprawiedliwo\u015bci.<\/p>\n<p class=\"ods-c-paragraph \">Prokuratura zarzuca mu m.in. udzia\u0142 w zorganizowanej grupie przest\u0119pczej oraz manipulowanie konkursami na \u015brodki z tego funduszu, kt\u00f3ry nadzoruje Ministerstwo Sprawiedliwo\u015bci. Romanowski i politycy PiS uwa\u017caj\u0105, \u017ce \u015bledztwo dotycz\u0105ce Funduszu Sprawiedliwo\u015bci jest &#8222;zemst\u0105 polityczn\u0105 przy u\u017cyciu prokuratury&#8221;.<\/p>\n<p class=\"ods-c-paragraph \">Na pocz\u0105tku grudnia ub.r. s\u0105d zdecydowa\u0142 o trzymiesi\u0119cznym areszcie wobec Romanowskiego. Poniewa\u017c s\u0142u\u017cby nie mog\u0142y go odnale\u017a\u0107, wydano za nim list go\u0144czy, a p\u00f3\u017aniej r\u00f3wnie\u017c Europejski Nakaz Aresztowania. W\u00f3wczas okaza\u0142o si\u0119, \u017ce Romanowski uzyska\u0142 azyl polityczny na W\u0119grzech.<\/p>\n","protected":false},"excerpt":{"rendered":"&#8222;S\u0105d Okr\u0119gowy w Warszawie uwzgl\u0119dni\u0142 m\u00f3j wniosek i uchyli\u0142 Europejski Nakaz Aresztowania wydany wobec pos\u0142a Marcina Romanowskiego&#8221; \u2014&hellip;\n","protected":false},"author":2,"featured_media":159979,"comment_status":"","ping_status":"","sticky":false,"template":"","format":"standard","meta":{"footnotes":""},"categories":[12],"tags":[6508,1675,32,33,4893,36,37,27,49,34,35,12348,28,31,48,25,46,42,38,40,39,41,412,47,29,30,86,26],"class_list":{"0":"post-159978","1":"post","2":"type-post","3":"status-publish","4":"format-standard","5":"has-post-thumbnail","7":"category-polska","8":"tag-adwokat","9":"tag-bartosz_lewandowski","10":"tag-breaking-news","11":"tag-breakingnews","12":"tag-ena","13":"tag-featured-news","14":"tag-featurednews","15":"tag-headlines","16":"tag-kraj","17":"tag-latest-news","18":"tag-latestnews","19":"tag-marcin_romanowski","20":"tag-naglowki","21":"tag-najwazniejsze-artykuly","22":"tag-nat_styl","23":"tag-news","24":"tag-omp","25":"tag-pl","26":"tag-poland","27":"tag-polish","28":"tag-polska","29":"tag-polski","30":"tag-prawo_sady_prawnicy","31":"tag-screening_general","32":"tag-top-stories","33":"tag-topstories","34":"tag-unia_europejska","35":"tag-wiadomosci"},"share_on_mastodon":{"url":"","error":""},"_links":{"self":[{"href":"https:\/\/www.europesays.com\/pl\/wp-json\/wp\/v2\/posts\/159978","targetHints":{"allow":["GET"]}}],"collection":[{"href":"https:\/\/www.europesays.com\/pl\/wp-json\/wp\/v2\/posts"}],"about":[{"href":"https:\/\/www.europesays.com\/pl\/wp-json\/wp\/v2\/types\/post"}],"author":[{"embeddable":true,"href":"https:\/\/www.europesays.com\/pl\/wp-json\/wp\/v2\/users\/2"}],"replies":[{"embeddable":true,"href":"https:\/\/www.europesays.com\/pl\/wp-json\/wp\/v2\/comments?post=159978"}],"version-history":[{"count":0,"href":"https:\/\/www.europesays.com\/pl\/wp-json\/wp\/v2\/posts\/159978\/revisions"}],"wp:featuredmedia":[{"embeddable":true,"href":"https:\/\/www.europesays.com\/pl\/wp-json\/wp\/v2\/media\/159979"}],"wp:attachment":[{"href":"https:\/\/www.europesays.com\/pl\/wp-json\/wp\/v2\/media?parent=159978"}],"wp:term":[{"taxonomy":"category","embeddable":true,"href":"https:\/\/www.europesays.com\/pl\/wp-json\/wp\/v2\/categories?post=159978"},{"taxonomy":"post_tag","embeddable":true,"href":"https:\/\/www.europesays.com\/pl\/wp-json\/wp\/v2\/tags?post=159978"}],"curies":[{"name":"wp","href":"https:\/\/api.w.org\/{rel}","templated":true}]}}