{"id":15999,"date":"2025-09-25T19:22:08","date_gmt":"2025-09-25T19:22:08","guid":{"rendered":"https:\/\/www.europesays.com\/pl\/15999\/"},"modified":"2025-09-25T19:22:08","modified_gmt":"2025-09-25T19:22:08","slug":"wisla-krakow-wygrala-z-odra-bytom-odrzanski-w-pucharze-polski-zdecydowal-gol-angela-rodado-sport-tvp-pl","status":"publish","type":"post","link":"https:\/\/www.europesays.com\/pl\/15999\/","title":{"rendered":"Wis\u0142a Krak\u00f3w wygra\u0142a z Odr\u0105 Bytom Odrza\u0144ski w Pucharze Polski. Zdecydowa\u0142 gol Angela Rodado &#8211; sport.tvp.pl"},"content":{"rendered":"<ol>\n<li><a href=\"https:\/\/news.google.com\/rss\/articles\/CBMivAFBVV95cUxPZl9wRFZKejZjdkFNQ0c4NFNadFJhc0tuWEdzaDZiR09kczJOZDRrY1JSSDZNZ1BuZXFCb1VBSnFGSUVxYS1qNlFPem5HOHVmV2J1eXNZMEk5b1pLeUZWSGN2NTBvdGlHOF9vMnRjeDRGaHRnejlFXzJneGpFamJocU1jOTZibnd0NUNJbHVkcmwzcHhPdC0zS2NPZ25ubms2b1kwa2laT0x5cW8yZnNoQVlvSWF3SE9sVFl1aNIBwgFBVV95cUxNSjVCY203VE5jS284cEttbVplX1k4Tk8yT0NVajZEdjZqSXNMcUNyMWlBUkp5ZDFBN0dad1N5T0JDVGxEMkNoMUtWbEZSdENrRnFlR0RtbDBLd0hFVXBFdmxCazhKSDJPUHNITVZ0WF9GRm9WcDEySkdCOUdWX2hwZkNtZnc4ek1oVzhwcVM4bWFZWHNyR0xHYnJGQ3RXX24wdHRUSkNKM3U3cWZIekZhZ1FESi1aZ3Y5VnJCb21Ja203Zw?oc=5\" target=\"_blank\" rel=\"nofollow noopener\">Wis\u0142a Krak\u00f3w wygra\u0142a z Odr\u0105 Bytom Odrza\u0144ski w Pucharze Polski. Zdecydowa\u0142 gol Angela Rodado<\/a>&nbsp;&nbsp;sport.tvp.pl<\/li>\n<li><a href=\"https:\/\/news.google.com\/rss\/articles\/CBMiqwFBVV95cUxOcEJ6a1NVSG9hRTVyR0JzSl9sTkNlUjdZbFVuQ1Qyd25qbEdLcG9pbUtEd1FadmhRWXY5a2UybjEtaXE2dDdyd1pGcEZSVGFzdHZpX25tZU90VXVZUjRNWldyWmhyNm5LbklRVDZzM0hXQUlLWXBUanl2WUJ1YTBSUzFUeFFWcV9NUTFsNU1EeEZVanV2WVBTd3hBMFNvTG1JV25kOTREb0FFNFk?oc=5\" target=\"_blank\" rel=\"nofollow noopener\">Wis\u0142a Krak\u00f3w przebi\u0142a mur przeciwnika w STS Pucharze Polski<\/a>&nbsp;&nbsp;SportoweFakty<\/li>\n<li><a href=\"https:\/\/news.google.com\/rss\/articles\/CBMi1wFBVV95cUxPZE5tbG9ienRlOW1VS0MyRDUzb2dBbF9GMnNSMS1yVHFOMjg1N05NcDQyZWNycmdkak5RU0xHczU1cFBrTEM1TnBZaFBUVkltS1dWRlVMZUE1azhxb2toc3lMSVExcWZ3NjJ4SF85Qmw3azB2TzhVaF9WZkxZSk5BVVd1MXV4N0hBQ3JDZ2RqcXlUYzZreURLUFMxODFZU1ZQa3dfYXBYZzRySm9BNmNFNTVMOGlDdEY5MnZIWmVpRFJhOTRIVGd2aXBhUzFGbXBPRnduelREZw?oc=5\" target=\"_blank\" rel=\"nofollow noopener\">Szale\u0144stwo przed przyjazdem Wis\u0142y Krak\u00f3w! Tyle zap\u0142ac\u0105 kibice ma\u0142ego klubu<\/a>&nbsp;&nbsp;Przegl\u0105d Sportowy Onet<\/li>\n<li><a href=\"https:\/\/news.google.com\/rss\/articles\/CBMinwFBVV95cUxQejVFcF9GMGZ1S1ZscEhNR3JwY2c3V2JidGJrSXpxTndoWFJhUEcxMXpxZTdGWEdIRG83dkxqQ3NRbHh4X1l4N3BjalZmVTRnclAxc09VdDQ3QUNvUGY2M2F3amFaVU9NZEhiWDhOM014bzNqZW01VGVqcWtGMndBcXhfbVZESFA4WFVVTzRNYkhxNXgtb2hxVzZ6a3djZlU?oc=5\" target=\"_blank\" rel=\"nofollow noopener\">Mariusz Jop przed #ODRWIS: Nastawienie to jest bardzo wa\u017cna rzecz<\/a>&nbsp;&nbsp;TS Wis\u0142a Krak\u00f3w<\/li>\n<li><a href=\"https:\/\/news.google.com\/rss\/articles\/CBMiygFBVV95cUxOWmJLYmZFTThsYWpsc254dXdYYTZsV2tqS3RiMjZMdlNURENnTHRHYXNob01VdWl0YnFNbm50X1RuMkdZYmk1aHNIUzIyWGVacDh0SENyb2JSal9qYkZ6LS1jdE1MSHIyblRhRzllLWdOWXJIVmJyNDhvMkZWb3JCZWVhUkItcWtEVzFFUTNVZFE2aWEzWmZnai1ObngtREpSdEJ6UXVyNVN6YnR2Z0VOX2hQVDVIQlI2Y09VU0IwWWc1LWZmNjhRQ3hR0gHPAUFVX3lxTE1PYU5ZbmFGYUFJN3hvTTNWYUh4TDBrb2l0MnB3cDRmX2lJYkk3MGUwR0tJUFZ0NVdZQWQybHFRVFViUUJJZTdSdjRROUxIMFBwMTd6NTNMcmtOMjVxMnB6bFQtSDFTS2FVSXlmTzJfcU5OMl9SYzU4RXNoTE5lMDM3WnNaWXpfS1RWMThjc0l0TU81dHFXekRDZ2djREN6OXUzc1VIaFk4bDh6TjhRWkY0RG85aWpJYXpPbXh5d2tySlRHQzhuZF9iUUFPVEFnTQ?oc=5\" target=\"_blank\" rel=\"nofollow noopener\">STS Puchar Polski. Odra Bytom Odrza\u0144ski &#8222;nie boi si\u0119 marzy\u0107&#8221;. Czwartoligowiec ugo\u015bci wielk\u0105 Wis\u0142\u0119 Krak\u00f3w<\/a>&nbsp;&nbsp;sport.tvp.pl<\/li>\n<\/ol>\n","protected":false},"excerpt":{"rendered":"Wis\u0142a Krak\u00f3w wygra\u0142a z Odr\u0105 Bytom Odrza\u0144ski w Pucharze Polski. Zdecydowa\u0142 gol Angela Rodado&nbsp;&nbsp;sport.tvp.pl Wis\u0142a Krak\u00f3w przebi\u0142a mur&hellip;\n","protected":false},"author":2,"featured_media":16000,"comment_status":"","ping_status":"","sticky":false,"template":"","format":"standard","meta":{"footnotes":""},"categories":[24],"tags":[5545,269,42,38,40,39,41,127,334,126,4637,2194],"class_list":{"0":"post-15999","1":"post","2":"type-post","3":"status-publish","4":"format-standard","5":"has-post-thumbnail","7":"category-sport","8":"tag-odra-bytom-odrzanski","9":"tag-pilka-nozna","10":"tag-pl","11":"tag-poland","12":"tag-polish","13":"tag-polska","14":"tag-polski","15":"tag-sport","16":"tag-sport-tvp-pl","17":"tag-sports","18":"tag-sts-puchar-polski","19":"tag-wisla-krakw"},"share_on_mastodon":{"url":"","error":""},"_links":{"self":[{"href":"https:\/\/www.europesays.com\/pl\/wp-json\/wp\/v2\/posts\/15999","targetHints":{"allow":["GET"]}}],"collection":[{"href":"https:\/\/www.europesays.com\/pl\/wp-json\/wp\/v2\/posts"}],"about":[{"href":"https:\/\/www.europesays.com\/pl\/wp-json\/wp\/v2\/types\/post"}],"author":[{"embeddable":true,"href":"https:\/\/www.europesays.com\/pl\/wp-json\/wp\/v2\/users\/2"}],"replies":[{"embeddable":true,"href":"https:\/\/www.europesays.com\/pl\/wp-json\/wp\/v2\/comments?post=15999"}],"version-history":[{"count":0,"href":"https:\/\/www.europesays.com\/pl\/wp-json\/wp\/v2\/posts\/15999\/revisions"}],"wp:featuredmedia":[{"embeddable":true,"href":"https:\/\/www.europesays.com\/pl\/wp-json\/wp\/v2\/media\/16000"}],"wp:attachment":[{"href":"https:\/\/www.europesays.com\/pl\/wp-json\/wp\/v2\/media?parent=15999"}],"wp:term":[{"taxonomy":"category","embeddable":true,"href":"https:\/\/www.europesays.com\/pl\/wp-json\/wp\/v2\/categories?post=15999"},{"taxonomy":"post_tag","embeddable":true,"href":"https:\/\/www.europesays.com\/pl\/wp-json\/wp\/v2\/tags?post=15999"}],"curies":[{"name":"wp","href":"https:\/\/api.w.org\/{rel}","templated":true}]}}