{"id":159994,"date":"2025-12-19T14:19:05","date_gmt":"2025-12-19T14:19:05","guid":{"rendered":"https:\/\/www.europesays.com\/pl\/159994\/"},"modified":"2025-12-19T14:19:05","modified_gmt":"2025-12-19T14:19:05","slug":"ps-w-skokach-engelberg-treningi-i-kwalifikacje-relacja-na-zywo-przeglad-sportowy-onet","status":"publish","type":"post","link":"https:\/\/www.europesays.com\/pl\/159994\/","title":{"rendered":"P\u015a w skokach &#8211; Engelberg: treningi i kwalifikacje [RELACJA NA \u017bYWO] &#8211; Przegl\u0105d Sportowy Onet"},"content":{"rendered":"<ol>\n<li><a href=\"https:\/\/news.google.com\/rss\/articles\/CBMi7AFBVV95cUxORDJlMmVmalE4Q0J3cjlnakQwNElwVl9PWi16QWo1TFRiMGJMOEhMVGpZMndFeXdkUE5xcjJUS25Rdlh4a3ZKS3ZGeVhnNEVrblVGdTZEQWZOdzlFVjBuTjAxVl93YW0tb05yS0NSUkVoRVVwV1gxbnp3dzkwdmF5R01fNnVlVTRJemI2OUNXZlNSNWx5d0s4azVRRFlocjF5aFBNZGRCZ2xTNTc3VTJuQ19sU3BzYk5jNm9JUlVNbFVITlIwVDNidWZ4WnpqM09kdjRIS2xxTHNjbjJBTXI5VFJVVjI4dms0UERvQQ?oc=5\" target=\"_blank\" rel=\"nofollow noopener\">P\u015a w skokach &#8211; Engelberg: treningi i kwalifikacje [RELACJA NA \u017bYWO]<\/a>&nbsp;&nbsp;Przegl\u0105d Sportowy Onet<\/li>\n<li><a href=\"https:\/\/news.google.com\/rss\/articles\/CBMiqAFBVV95cUxNOWR3c3BCUnk5eE1qdDRQYjI5aE9wX2lLbjVNZGwyMEtnN1hyak9FLUg5VTk3OENJV2ZKdTI4MHp6cE9kbzFtUTlMQnhmZ09MTWs3ZjMzZVNSdTJpQjBIQjQzRTdtWVRhV2lIalFNMjI0aFpLSG9FM0ttNVlQVi1LMllZZ2tBZGZ4Szh1Ynh4d0RNNFFZNS1CNVEwTEc1QWpyeG0yTU9TN3I?oc=5\" target=\"_blank\" rel=\"nofollow noopener\">Tomasiak w czo\u0142\u00f3wce treningu. Stoch i W\u0105sek fatalnie<\/a>&nbsp;&nbsp;SportoweFakty<\/li>\n<li><a href=\"https:\/\/news.google.com\/rss\/articles\/CBMivgFBVV95cUxPRERkMDhZSk1La3ZlZlEyU0NmbUw2SEI0a19Ua0pxSXZ3MElfMkZjanJpYTRpeVY1dWpUakFtWVFxMW5zeE5GWjNrclFTOVpUY0kwbkJXSmJQUk1xOFNUcmdINmxmdWY4WkE4U3VwYUxtUExuQ1M3MmY4dzFMMm9FTFA5eEE2V0FURHhNVy0tQno3TFdnN0pSU0lQRDFuYk1tNWtMaE5lajduNWJuVFFKRTNmM0xQZG5MT0RwV1lB?oc=5\" target=\"_blank\" rel=\"nofollow noopener\">Skoki narciarskie. P\u015a w Engelbergu (HS 140) &#8211; oficjalny trening i kwalifikacje. Relacja na \u017cywo<\/a>&nbsp;&nbsp;Sport w INTERIA.PL<\/li>\n<li><a href=\"https:\/\/news.google.com\/rss\/articles\/CBMipAFBVV95cUxNc2V6cGpwN0l6aVJFQkJZeWMzdm1sV0V1cElCRGt2aWREb2R4bVdaSW0yZjZEdzVuYU93VUtCMk11WF9oeGhRb1JtTDZGeTVlMzY2UnZEV01CY2NvV1BrZUIxdHgxZERRQVZ4SndBNVlwQkdkUy1zS0NsM0Rac3c3aXN3YlgwTHYwcnV0SVJnRUlXTTM0SFlZS0tXbkI3M3BySDlfQw?oc=5\" target=\"_blank\" rel=\"nofollow noopener\">P\u015a Engelberg: Hoffmann lepszy do Prevca na treningu<\/a>&nbsp;&nbsp;Skoki narciarskie<\/li>\n<li><a href=\"https:\/\/news.google.com\/rss\/articles\/CBMiwgJBVV95cUxQQ1hGb3ZnbXV6NVRLajhyb2NHZ1lLRC1iclhFZFJrOFpOWVJHUExocmhDQ283TndhRXlnVEJGcVBfTlV0VE40SGJtSHQ4ZnZiNTlHVHJiSVNjd1JpTzlJNm84SXlHb21xUGRiQzNGc1Y0UkNhV1VXNmtOd3hJQXpnaWRRZC14bndzMF9PaXpuTVhrd3NBenFZeHRqQ1BlUFdRRU5FVzZCRVZiLXBUV0tmWlozdVpJUlFDcm84dnduZGluRlBPaFdqc1JGdlpqUkxjRHAxWFlBOVZYZDFYWU9tT3hYY2c2amMzbVN5dTBvRTlOOG9oTE5lX20zTWNiVGFBcVlMdGVfLWtTSFpWZXU3ZU5rU2NfTWVFQUtLOUNZR0hmem85el93djlFS1BOREVSemR5SFMyckVUUnA0SlR3TnBR?oc=5\" target=\"_blank\" rel=\"nofollow noopener\">23 sukcesy i spektakularny rekord. Polacy kochaj\u0105 t\u0119 skoczni\u0119<\/a>&nbsp;&nbsp;Eurosport Polska<\/li>\n<\/ol>\n","protected":false},"excerpt":{"rendered":"P\u015a w skokach &#8211; Engelberg: treningi i kwalifikacje [RELACJA NA \u017bYWO]&nbsp;&nbsp;Przegl\u0105d Sportowy Onet Tomasiak w czo\u0142\u00f3wce treningu. Stoch&hellip;\n","protected":false},"author":2,"featured_media":159995,"comment_status":"","ping_status":"","sticky":false,"template":"","format":"standard","meta":{"footnotes":""},"categories":[5],"tags":[32,33,36,37,27,34,35,188,186,28,31,25,42,38,40,39,41,136,31700,128,47,1874,135,29,30,26,130],"class_list":{"0":"post-159994","1":"post","2":"type-post","3":"status-publish","4":"format-standard","5":"has-post-thumbnail","7":"category-naglowki","8":"tag-breaking-news","9":"tag-breakingnews","10":"tag-featured-news","11":"tag-featurednews","12":"tag-headlines","13":"tag-latest-news","14":"tag-latestnews","15":"tag-liveblog","16":"tag-na_zywo","17":"tag-naglowki","18":"tag-najwazniejsze-artykuly","19":"tag-news","20":"tag-pl","21":"tag-poland","22":"tag-polish","23":"tag-polska","24":"tag-polski","25":"tag-ps_detal_new","26":"tag-ps_w_engelbergu","27":"tag-psv2","28":"tag-screening_general","29":"tag-skoki_narciarskie","30":"tag-sport_sport","31":"tag-top-stories","32":"tag-topstories","33":"tag-wiadomosci","34":"tag-wiadomosci_sportowe"},"share_on_mastodon":{"url":"https:\/\/pubeurope.com\/@pl\/115746672838182590","error":""},"_links":{"self":[{"href":"https:\/\/www.europesays.com\/pl\/wp-json\/wp\/v2\/posts\/159994","targetHints":{"allow":["GET"]}}],"collection":[{"href":"https:\/\/www.europesays.com\/pl\/wp-json\/wp\/v2\/posts"}],"about":[{"href":"https:\/\/www.europesays.com\/pl\/wp-json\/wp\/v2\/types\/post"}],"author":[{"embeddable":true,"href":"https:\/\/www.europesays.com\/pl\/wp-json\/wp\/v2\/users\/2"}],"replies":[{"embeddable":true,"href":"https:\/\/www.europesays.com\/pl\/wp-json\/wp\/v2\/comments?post=159994"}],"version-history":[{"count":0,"href":"https:\/\/www.europesays.com\/pl\/wp-json\/wp\/v2\/posts\/159994\/revisions"}],"wp:featuredmedia":[{"embeddable":true,"href":"https:\/\/www.europesays.com\/pl\/wp-json\/wp\/v2\/media\/159995"}],"wp:attachment":[{"href":"https:\/\/www.europesays.com\/pl\/wp-json\/wp\/v2\/media?parent=159994"}],"wp:term":[{"taxonomy":"category","embeddable":true,"href":"https:\/\/www.europesays.com\/pl\/wp-json\/wp\/v2\/categories?post=159994"},{"taxonomy":"post_tag","embeddable":true,"href":"https:\/\/www.europesays.com\/pl\/wp-json\/wp\/v2\/tags?post=159994"}],"curies":[{"name":"wp","href":"https:\/\/api.w.org\/{rel}","templated":true}]}}