{"id":160006,"date":"2025-12-19T14:26:10","date_gmt":"2025-12-19T14:26:10","guid":{"rendered":"https:\/\/www.europesays.com\/pl\/160006\/"},"modified":"2025-12-19T14:26:10","modified_gmt":"2025-12-19T14:26:10","slug":"spiecie-politykow-pis-z-dziennikarzem-tvn24-hejtowali-nas-niemilosiernie","status":"publish","type":"post","link":"https:\/\/www.europesays.com\/pl\/160006\/","title":{"rendered":"Spi\u0119cie polityk\u00f3w PiS z dziennikarzem TVN24. &#8222;Hejtowali nas niemi\u0142osiernie&#8221;"},"content":{"rendered":"<ul class=\"UnorderedList_container__nmfSl\">\n<li class=\"UnorderedList_listElement__Py7xi\" data-id=\"ai-summary-link\">Du\u017co czytania, a ma\u0142o czasu? Sprawd\u017a\u00a0skr\u00f3t\u00a0artyku\u0142u<\/li>\n<\/ul>\n<p class=\"Paragraph_desktopParagraph__U31Gm\">Politycy PiS zwo\u0142ali konferencj\u0119 prasow\u0105 w zwi\u0105zku z przes\u0142uchaniem Micha\u0142a Dworczyka w Prokuraturze Okr\u0119gowej w Warszawie. \u015aledczy maj\u0105 w pi\u0105tek przedstawi\u0107 mu zarzuty w sprawie tzw. afery mailowej. Chodzi o zdarzenia z czerwca 2021 r., gdy Dworczyk by\u0142 szefem KPRM w rz\u0105dzie Mateusza Morawieckiego. W internecie pojawi\u0142y si\u0119 w\u00f3wczas fragmenty prowadzonej przez niego korespondencji zawieraj\u0105cej informacje niejawne.<\/p>\n<p class=\"VideoPlayerText_videoPlayerText__iDwyz\">Dalszy ci\u0105g materia\u0142u pod wideo<\/p>\n<p class=\"Paragraph_desktopParagraph__U31Gm\">\u2014 Pi\u0119\u0107 lat temu nast\u0105pi\u0142 atak haker\u00f3w, kt\u00f3rzy zaatakowali kilkadziesi\u0105t skrzynek mailowych polskich polityk\u00f3w i urz\u0119dnik\u00f3w pe\u0142ni\u0105cych w\u00f3wczas najwa\u017cniejsze funkcje w Polsce. Przez ten czas prokuratura nie znalaz\u0142a tych, kt\u00f3rzy pope\u0142nili to przest\u0119pstwo, natomiast dzi\u015b mi, a wi\u0119c jednej z os\u00f3b poszkodowanych, ma postawi\u0107 zarzuty \u2014 przekonywa\u0142 Dworczyk.<\/p>\n<ul class=\"OchatFollowUps_wrapper__1ry7X\">\n<li class=\"OchatFollowUps_item__Dhyly OchatFollowUps_itemDesktop__R6aBv\">Dlaczego dosz\u0142o do spi\u0119cia na konferencji PiS?<\/li>\n<li class=\"OchatFollowUps_item__Dhyly OchatFollowUps_itemDesktop__R6aBv\">Kto by\u0142 dziennikarzem TVN24, kt\u00f3ry uczestniczy\u0142 w konferencji?<\/li>\n<li class=\"OchatFollowUps_item__Dhyly OchatFollowUps_itemDesktop__R6aBv\">Jakie zarzuty maj\u0105 by\u0107 przedstawione Micha\u0142owi Dworczykowi?<\/li>\n<li class=\"OchatFollowUps_item__Dhyly OchatFollowUps_itemDesktop__R6aBv\">Czego dotyczy tzw. afery mailowej?<\/li>\n<\/ul>\n<p>Spi\u0119cie z dziennikarzem TVN24. &#8222;Niech mi pan wska\u017ce przepis&#8221; <\/p>\n<p class=\"Paragraph_desktopParagraph__U31Gm\">O tzw. afer\u0119 mailow\u0105 Dworczyka zapyta\u0142 obecny na konferencji dziennikarz TVN24 Radomir Wit. Reporter pr\u00f3bowa\u0142 dowiedzie\u0107 si\u0119, dlaczego by\u0142y szef Kancelarii Premiera do korespondencji m.in. z ambasadorem Polski przy NATO u\u017cywa\u0142 nie s\u0142u\u017cbowej, a prywatnej skrzynki mailowej.<\/p>\n<p class=\"Paragraph_desktopParagraph__U31Gm\">\u2014 W Polsce nie ma przepis\u00f3w nakazuj\u0105cych wykorzystywanie tej b\u0105d\u017a innej skrzynki mailowej. Korzysta\u0142em z r\u00f3\u017cnych skrzynek, r\u00f3wnie\u017c z tej sejmowej \u2014 powiedzia\u0142 Dworczyk. Polityk zarzuci\u0142 te\u017c stacji TVN24, \u017ce &#8222;specjalizuje si\u0119 w manipulacji i k\u0142amstwie&#8221;.<\/p>\n<p class=\"Paragraph_desktopParagraph__U31Gm\">Wit dopytywa\u0142 Dworczyka, czy ten &#8222;nie ma sobie niczego do zarzucenia, je\u017celi chodzi o korzystanie ze skrzynki w ten spos\u00f3b&#8221;. \u2014 Ja powiedzia\u0142em, \u017ceby pan mi wskaza\u0142 przepis, kt\u00f3ry tego zabrania \u2014 oznajmi\u0142 europose\u0142 PiS.<\/p>\n<p class=\"Paragraph_desktopParagraph__U31Gm\">Do dyskusji w pewnej chwili w\u0142\u0105czy\u0142 si\u0119 Przemys\u0142aw Czarnek. \u2014 Chc\u0119 pa\u0144stwu powiedzie\u0107, \u017ce ja w og\u00f3le nie u\u017cywam sejmowej skrzynki mailowej, a jak by\u0142em ministrem, to bardzo rzadko u\u017cywa\u0142em skrzynki ministerialnej. U\u017cywa\u0142em skrzynek moich, bo sejmowa i te ministerialne by\u0142y spamowane przez hejter\u00f3w, kt\u00f3rzy ogl\u0105daj\u0105c codziennie wasze pseudo &#8222;Fakty&#8221; hejtowali nas niemi\u0142osiernie. Dlatego nie otwieramy tych skrzynek, bo szkoda na nich dzia\u0142a\u0107 (&#8230;) Niech pan przestanie manipulowa\u0107 \u2014 m\u00f3wi\u0142 Czarnek w kierunku dziennikarza TVN24.<\/p>\n","protected":false},"excerpt":{"rendered":"Du\u017co czytania, a ma\u0142o czasu? Sprawd\u017a\u00a0skr\u00f3t\u00a0artyku\u0142u Politycy PiS zwo\u0142ali konferencj\u0119 prasow\u0105 w zwi\u0105zku z przes\u0142uchaniem Micha\u0142a Dworczyka w&hellip;\n","protected":false},"author":2,"featured_media":160007,"comment_status":"","ping_status":"","sticky":false,"template":"","format":"standard","meta":{"footnotes":""},"categories":[5],"tags":[10772,32,33,36,37,27,67,34,35,1656,4471,28,31,53,25,52,68,51,55,42,38,40,39,41,868,47,29,30,65,50,26],"class_list":{"0":"post-160006","1":"post","2":"type-post","3":"status-publish","4":"format-standard","5":"has-post-thumbnail","7":"category-naglowki","8":"tag-afera_e_mailowa_afera_dworczyka","9":"tag-breaking-news","10":"tag-breakingnews","11":"tag-featured-news","12":"tag-featurednews","13":"tag-headlines","14":"tag-intextvideo_splayer","15":"tag-latest-news","16":"tag-latestnews","17":"tag-mateusz_morawiecki_polityk","18":"tag-michal_dworczyk_polityk_pis","19":"tag-naglowki","20":"tag-najwazniejsze-artykuly","21":"tag-new_header","22":"tag-news","23":"tag-onet3","24":"tag-onet3d","25":"tag-onet3d_2i","26":"tag-phx","27":"tag-pl","28":"tag-poland","29":"tag-polish","30":"tag-polska","31":"tag-polski","32":"tag-prawo_i_sprawiedliwosc_pis","33":"tag-screening_general","34":"tag-top-stories","35":"tag-topstories","36":"tag-update_me","37":"tag-v2021","38":"tag-wiadomosci"},"share_on_mastodon":{"url":"","error":"Validation failed: Text character limit of 500 exceeded"},"_links":{"self":[{"href":"https:\/\/www.europesays.com\/pl\/wp-json\/wp\/v2\/posts\/160006","targetHints":{"allow":["GET"]}}],"collection":[{"href":"https:\/\/www.europesays.com\/pl\/wp-json\/wp\/v2\/posts"}],"about":[{"href":"https:\/\/www.europesays.com\/pl\/wp-json\/wp\/v2\/types\/post"}],"author":[{"embeddable":true,"href":"https:\/\/www.europesays.com\/pl\/wp-json\/wp\/v2\/users\/2"}],"replies":[{"embeddable":true,"href":"https:\/\/www.europesays.com\/pl\/wp-json\/wp\/v2\/comments?post=160006"}],"version-history":[{"count":0,"href":"https:\/\/www.europesays.com\/pl\/wp-json\/wp\/v2\/posts\/160006\/revisions"}],"wp:featuredmedia":[{"embeddable":true,"href":"https:\/\/www.europesays.com\/pl\/wp-json\/wp\/v2\/media\/160007"}],"wp:attachment":[{"href":"https:\/\/www.europesays.com\/pl\/wp-json\/wp\/v2\/media?parent=160006"}],"wp:term":[{"taxonomy":"category","embeddable":true,"href":"https:\/\/www.europesays.com\/pl\/wp-json\/wp\/v2\/categories?post=160006"},{"taxonomy":"post_tag","embeddable":true,"href":"https:\/\/www.europesays.com\/pl\/wp-json\/wp\/v2\/tags?post=160006"}],"curies":[{"name":"wp","href":"https:\/\/api.w.org\/{rel}","templated":true}]}}