{"id":160173,"date":"2025-12-19T16:14:37","date_gmt":"2025-12-19T16:14:37","guid":{"rendered":"https:\/\/www.europesays.com\/pl\/160173\/"},"modified":"2025-12-19T16:14:37","modified_gmt":"2025-12-19T16:14:37","slug":"rosjanie-ruszyli-quadami-we-mgle-trafili-w-smiertelna-pulapke-swiat","status":"publish","type":"post","link":"https:\/\/www.europesays.com\/pl\/160173\/","title":{"rendered":"Rosjanie ruszyli quadami we mgle. Trafili w \u015bmierteln\u0105 pu\u0142apk\u0119 &#8211; \u015awiat"},"content":{"rendered":"<p>Bezza\u0142ogowce uderzy\u0142y w drony. Potyczka w obwodzie donieckim<\/p>\n<p>Do potyczki dosz\u0142o w obwodzie donieckim, w rejonie Dobropola. S\u0105 to tereny bronione przez\u00a01. Korpus Gwardii Narodowej Ukrainy &#8222;Azow&#8221;. &#8222;Wykorzystuj\u0105c mg\u0142\u0119 i s\u0142ab\u0105 widoczno\u015b\u0107, si\u0142y rosyjskie podj\u0119\u0142y pr\u00f3b\u0119 ataku zmotoryzowanej piechoty&#8221; &#8211; podaje jednostka na swoim profilu w mediach spo\u0142eczno\u015bciowych. Uderzenie Rosjan obejmowa\u0142o m.in. wykorzystanie quad\u00f3w, aby przedosta\u0107 si\u0119 jak najbardziej w g\u0142\u0105b atakowanego terenu. Do tego celu u\u017cyli 16 maszyn. \u017badna nie wykona\u0142a misji.<\/p>\n<p>Czytaj tak\u017ce:<\/p>\n<ul class=\"ArticleContent_articleUlList__sA7TW\">&#13;<\/p>\n<li><a href=\"https:\/\/polskieradio24.pl\/artykul\/3622480,praca-za-granica-to-pulapka-tak-gina-w-rosyjskich-miesnych-szturmach\" rel=\"nofollow noopener\" target=\"_blank\">Praca za granic\u0105? To pu\u0142apka. Tak gin\u0105 w rosyjskich &#8222;mi\u0119snych szturmach&#8221;<\/a><\/li>\n<p>&#13;<\/p>\n<li><a href=\"https:\/\/polskieradio24.pl\/artykul\/3622405,rosja-buduje-baze-na-krze-przy-biegunie-polnocnym-putin-podpisal-dekret\" rel=\"nofollow noopener\" target=\"_blank\">Rosja buduje baz\u0119 na krze przy biegunie p\u00f3\u0142nocnym. Putin podpisa\u0142 dekret<\/a><\/li>\n<p>&#13;\n<\/ul>\n<p>&#8222;Grupa szturmowa zosta\u0142a zniszczona jeszcze na etapie zbli\u017cania si\u0119 do pozycji Si\u0142 Obronnych. Skuteczne, skoordynowane dzia\u0142anie jednostek system\u00f3w bezza\u0142ogowych, artylerii oraz prewencyjne zaminowanie terenu sprawi\u0142y, \u017ce ten \u00bbspacer\u00ab sta\u0142 si\u0119 ostatnim \u017cywym wspomnieniem dla jego uczestnik\u00f3w&#8221; &#8211; podaje &#8222;Azow&#8221;.<\/p>\n<p>Do wpisu do\u0142\u0105czono nagranie. Wida\u0107 na nim rosyjsk\u0105 kolumn\u0119, kt\u00f3r\u0105 bior\u0105 na cel bezza\u0142ogowce. Po chwili kolejne pojazdy zamieniaj\u0105 si\u0119 w kule ognia.<\/p>\n<p>Walki o Donbas<\/p>\n<p>Kilka dni temu pojawi\u0142y si\u0119 informacje, \u017ce Rosjanie szykuj\u0105 si\u0119 do ostatecznego\u00a0<a href=\"https:\/\/polskieradio24.pl\/artykul\/3621186,jesli-rosja-zdobedzie-donbas-pojdzie-dalej-kallas-ostrzega-europe\" rel=\"nofollow noopener\" target=\"_blank\">starcia o Donbas.<\/a> St\u0105d ataki na \u0141yman, Myrnohrad i Pokrowsk. Zdobycie tego ostatniego by\u0142o ju\u017c og\u0142aszane przez kremlowsk\u0105 propagand\u0119. Kij\u00f3w podkre\u015bla, \u017ce obrona miasta trwa, a jego p\u00f3\u0142noc jest kontrolowana przez Ukrain\u0119. &#8222;Rosjanie od ponad 17 miesi\u0119cy staraj\u0105 si\u0119 zaj\u0105\u0107 Pokrowsk, jednak ukrai\u0144skie oddzia\u0142y utrzymuj\u0105 obron\u0119 i przejmuj\u0105 inicjatyw\u0119&#8221; &#8211; poda\u0142 w mediach spo\u0142eczno\u015bciowych naczelny dow\u00f3dca Si\u0142 Zbrojnych Ukrainy genera\u0142 O\u0142eksandr Syrski.<\/p>\n<p>Gen. Syrski poinformowa\u0142 ponadto, \u017ce Ukraina kontroluje 90 proc. Kupia\u0144ska. Uda\u0142o si\u0119 stamt\u0105d cz\u0119\u015bciowo wyprze\u0107 si\u0142y Federacji Rosyjskiej, kt\u00f3ra jeszcze w listopadzie utrzymywa\u0142a, \u017ce miasto zosta\u0142o ju\u017c zdobyte.\u00a0<\/p>\n<p>Dow\u00f3dca przekaza\u0142 tak\u017ce, \u017ce\u00a0sytuacja jest wsz\u0119dzie trudna, a do dzia\u0142a\u0144 przeciwko Ukrainie rosyjskie dow\u00f3dztwo skierowa\u0142o \u0142\u0105cznie 710 tys. \u017co\u0142nierzy.<\/p>\n<p>Czytaj tak\u017ce:<\/p>\n<ul class=\"ArticleContent_articleUlList__sA7TW\">&#13;<\/p>\n<li><a href=\"https:\/\/polskieradio24.pl\/artykul\/3622248,ogien-trawi-rosyjski-przemysl-plonie-rafineria-w-slowiansku\" title=\"Ogie\u0144 trawi rosyjski przemys\u0142. P\u0142onie rafineria w S\u0142owia\u0144sku\" rel=\"nofollow noopener\" target=\"_blank\">Ogie\u0144 trawi rosyjski przemys\u0142. P\u0142onie rafineria w S\u0142owia\u0144sku<\/a><\/li>\n<p>&#13;<\/p>\n<li><a href=\"https:\/\/polskieradio24.pl\/artykul\/3620907,pociag-z-paliwem-eksplodowal-ukrainscy-specjalsi-w-akcji\" title=\"Poci\u0105g z paliwem eksplodowa\u0142. Ukrai\u0144scy specjalsi w akcji\" rel=\"nofollow noopener\" target=\"_blank\">Poci\u0105g z paliwem eksplodowa\u0142. Ukrai\u0144scy specjalsi w akcji<\/a><\/li>\n<p>&#13;\n<\/ul>\n<p>\u0179r\u00f3d\u0142o: Polskie Radio\/PAP\/ms<\/p>\n","protected":false},"excerpt":{"rendered":"Bezza\u0142ogowce uderzy\u0142y w drony. Potyczka w obwodzie donieckim Do potyczki dosz\u0142o w obwodzie donieckim, w rejonie Dobropola. S\u0105&hellip;\n","protected":false},"author":2,"featured_media":160174,"comment_status":"","ping_status":"","sticky":false,"template":"","format":"standard","meta":{"footnotes":""},"categories":[14],"tags":[32,33,27,34,35,28,31,25,40,41,80,29,30,26,82,83,84],"class_list":{"0":"post-160173","1":"post","2":"type-post","3":"status-publish","4":"format-standard","5":"has-post-thumbnail","7":"category-swiat","8":"tag-breaking-news","9":"tag-breakingnews","10":"tag-headlines","11":"tag-latest-news","12":"tag-latestnews","13":"tag-naglowki","14":"tag-najwazniejsze-artykuly","15":"tag-news","16":"tag-polish","17":"tag-polski","18":"tag-swiat","19":"tag-top-stories","20":"tag-topstories","21":"tag-wiadomosci","22":"tag-world","23":"tag-world-news","24":"tag-worldnews"},"share_on_mastodon":{"url":"https:\/\/pubeurope.com\/@pl\/115747124928016220","error":""},"_links":{"self":[{"href":"https:\/\/www.europesays.com\/pl\/wp-json\/wp\/v2\/posts\/160173","targetHints":{"allow":["GET"]}}],"collection":[{"href":"https:\/\/www.europesays.com\/pl\/wp-json\/wp\/v2\/posts"}],"about":[{"href":"https:\/\/www.europesays.com\/pl\/wp-json\/wp\/v2\/types\/post"}],"author":[{"embeddable":true,"href":"https:\/\/www.europesays.com\/pl\/wp-json\/wp\/v2\/users\/2"}],"replies":[{"embeddable":true,"href":"https:\/\/www.europesays.com\/pl\/wp-json\/wp\/v2\/comments?post=160173"}],"version-history":[{"count":0,"href":"https:\/\/www.europesays.com\/pl\/wp-json\/wp\/v2\/posts\/160173\/revisions"}],"wp:featuredmedia":[{"embeddable":true,"href":"https:\/\/www.europesays.com\/pl\/wp-json\/wp\/v2\/media\/160174"}],"wp:attachment":[{"href":"https:\/\/www.europesays.com\/pl\/wp-json\/wp\/v2\/media?parent=160173"}],"wp:term":[{"taxonomy":"category","embeddable":true,"href":"https:\/\/www.europesays.com\/pl\/wp-json\/wp\/v2\/categories?post=160173"},{"taxonomy":"post_tag","embeddable":true,"href":"https:\/\/www.europesays.com\/pl\/wp-json\/wp\/v2\/tags?post=160173"}],"curies":[{"name":"wp","href":"https:\/\/api.w.org\/{rel}","templated":true}]}}