{"id":160361,"date":"2025-12-19T18:09:11","date_gmt":"2025-12-19T18:09:11","guid":{"rendered":"https:\/\/www.europesays.com\/pl\/160361\/"},"modified":"2025-12-19T18:09:11","modified_gmt":"2025-12-19T18:09:11","slug":"przetargi-na-s11-turowo-podgaje-jastrowie-ogloszone-generalna-dyrekcja-drog-krajowych-i-autostrad-oddzial-poznan","status":"publish","type":"post","link":"https:\/\/www.europesays.com\/pl\/160361\/","title":{"rendered":"Przetargi na S11 Turowo &#8211; Podgaje &#8211; Jastrowie og\u0142oszone &#8211; Generalna Dyrekcja Dr\u00f3g Krajowych i Autostrad- Oddzia\u0142 Pozna\u0144"},"content":{"rendered":"<p>&#13;<br \/>\nPrzetargi na S11 Turowo &#8211; Podgaje &#8211; Jastrowie og\u0142oszone&#13;<\/p>\n<p class=\"event-date\">19.12.2025<\/p>\n<p class=\"intro\">Do publikacji w Dzienniku Urz\u0119dowym UE wys\u0142ali\u015bmy og\u0142oszenia o przetargach na zaprojektowanie i budow\u0119 dw\u00f3ch odcink\u00f3w S11: Turowo &#8211; Podgaje (22,4 km) i Podaje &#8211; Jastrowie (13 km).<\/p>\n<p>&#13;<br \/>\n&#13;<\/p>\n<p><img decoding=\"async\" alt=\"Zdj\u0119cie przedstawia pogl\u0105dowo drog\u0119 ekspresow\u0105 w oddali. Widok z poziomu drogi.\" src=\"https:\/\/www.europesays.com\/pl\/wp-content\/uploads\/2025\/09\/1758361031_57_1920x810.jpeg\"\/><br \/>\n&#13;<\/p>\n<p>Zakres inwestycji i harmonogram<\/p>\n<p>\u0141\u0105cznie oba odcinki b\u0119d\u0105 mia\u0142y ponad 35 km i b\u0119d\u0105 stanowi\u0142y cz\u0119\u015b\u0107 drogi ekspresowej S11 mi\u0119dzy Koszalinem i Pi\u0142\u0105. Inwestycja powstanie w ramach Rz\u0105dowego Programu Budowy Dr\u00f3g Krajowych. Podpisanie umowy planujemy w III kwartale 2026 roku, a prace budowlane przypadn\u0105 na lata 2029-2030.<\/p>\n<p>Wykonawca zrealizuje zadanie w formule Projektuj i buduj. W ci\u0105gu 12 miesi\u0119cy od podpisania umowy ma zosta\u0107 opracowany projekt budowlany i z\u0142o\u017cony wniosek o pozwolenie na budow\u0119 (tj. decyzj\u0119 o zezwoleniu na realizacj\u0119 inwestycji drogowej &#8211; ZRID). Zak\u0142adamy, \u017ce uzyskanie decyzji zajmie ok. 12 miesi\u0119cy, a na prace w terenie przypadn\u0105 kolejne 22 miesi\u0105ce. Z czasu realizacji rob\u00f3t wy\u0142\u0105czone b\u0119d\u0105 okresy zimowe od 16 grudnia do 15 marca.<\/p>\n<p>S11 w Wielkopolsce ro\u015bnie w si\u0142\u0119<\/p>\n<p>Wczoraj do publikacji w Dzienniku Urz\u0119dowym UE wys\u0142ali\u015bmy og\u0142oszenie o przetargu na zaprojektowanie i budow\u0119 dw\u00f3ch odcink\u00f3w S11: Uj\u015bcie &#8211; Budzy\u0144, Budzy\u0144 &#8211; Parkowo o \u0142\u0105cznej d\u0142ugo\u015bci 43,1 km, kt\u00f3re b\u0119d\u0105 stanowi\u0142y kolejny odcinek S11 mi\u0119dzy Poznaniem i Pi\u0142\u0105.\u00a0Wi\u0119cej informacji <a href=\"https:\/\/www.gov.pl\/web\/gddkia-poznan\/ruszyl-przetarg-dla-s11-ujscie--oborniki\" rel=\"nofollow noopener\" target=\"_blank\">tutaj<\/a><\/p>\n<p>&#13;<br \/>\nZdj\u0119cia (1)<\/p>\n","protected":false},"excerpt":{"rendered":"&#13; Przetargi na S11 Turowo &#8211; Podgaje &#8211; Jastrowie og\u0142oszone&#13; 19.12.2025 Do publikacji w Dzienniku Urz\u0119dowym UE wys\u0142ali\u015bmy&hellip;\n","protected":false},"author":2,"featured_media":160362,"comment_status":"","ping_status":"","sticky":false,"template":"","format":"standard","meta":{"footnotes":""},"categories":[5],"tags":[32,33,36,37,27,34,35,28,31,25,42,38,40,39,41,29,30,26],"class_list":{"0":"post-160361","1":"post","2":"type-post","3":"status-publish","4":"format-standard","5":"has-post-thumbnail","7":"category-naglowki","8":"tag-breaking-news","9":"tag-breakingnews","10":"tag-featured-news","11":"tag-featurednews","12":"tag-headlines","13":"tag-latest-news","14":"tag-latestnews","15":"tag-naglowki","16":"tag-najwazniejsze-artykuly","17":"tag-news","18":"tag-pl","19":"tag-poland","20":"tag-polish","21":"tag-polska","22":"tag-polski","23":"tag-top-stories","24":"tag-topstories","25":"tag-wiadomosci"},"share_on_mastodon":{"url":"https:\/\/pubeurope.com\/@pl\/115747577410447855","error":""},"_links":{"self":[{"href":"https:\/\/www.europesays.com\/pl\/wp-json\/wp\/v2\/posts\/160361","targetHints":{"allow":["GET"]}}],"collection":[{"href":"https:\/\/www.europesays.com\/pl\/wp-json\/wp\/v2\/posts"}],"about":[{"href":"https:\/\/www.europesays.com\/pl\/wp-json\/wp\/v2\/types\/post"}],"author":[{"embeddable":true,"href":"https:\/\/www.europesays.com\/pl\/wp-json\/wp\/v2\/users\/2"}],"replies":[{"embeddable":true,"href":"https:\/\/www.europesays.com\/pl\/wp-json\/wp\/v2\/comments?post=160361"}],"version-history":[{"count":0,"href":"https:\/\/www.europesays.com\/pl\/wp-json\/wp\/v2\/posts\/160361\/revisions"}],"wp:featuredmedia":[{"embeddable":true,"href":"https:\/\/www.europesays.com\/pl\/wp-json\/wp\/v2\/media\/160362"}],"wp:attachment":[{"href":"https:\/\/www.europesays.com\/pl\/wp-json\/wp\/v2\/media?parent=160361"}],"wp:term":[{"taxonomy":"category","embeddable":true,"href":"https:\/\/www.europesays.com\/pl\/wp-json\/wp\/v2\/categories?post=160361"},{"taxonomy":"post_tag","embeddable":true,"href":"https:\/\/www.europesays.com\/pl\/wp-json\/wp\/v2\/tags?post=160361"}],"curies":[{"name":"wp","href":"https:\/\/api.w.org\/{rel}","templated":true}]}}