{"id":160389,"date":"2025-12-19T18:23:11","date_gmt":"2025-12-19T18:23:11","guid":{"rendered":"https:\/\/www.europesays.com\/pl\/160389\/"},"modified":"2025-12-19T18:23:11","modified_gmt":"2025-12-19T18:23:11","slug":"zabojstwo-13-letniej-patrycji-w-piekarach-sl-co-sie-dzieje-z-kacprem-s","status":"publish","type":"post","link":"https:\/\/www.europesays.com\/pl\/160389\/","title":{"rendered":"Zab\u00f3jstwo 13-letniej Patrycji w Piekarach \u015al. Co si\u0119 dzieje z Kacprem \u015a.?"},"content":{"rendered":"<p class=\"article-p\" data-section=\"detail-body\">Przypomnijmy, cia\u0142o 13-letniej Patrycji znaleziono 12 stycznia 2021 r. w krzakach tu\u017c za Kauflandem w Piekarach \u015al\u0105skich. Dziewczynka zgin\u0119\u0142a od 20 cios\u00f3w no\u017cem zadanych w klatk\u0119 piersiow\u0105 i brzuch. Kacper \u015a. ba\u0142 si\u0119, \u017ce niechciana ci\u0105\u017ca Patrycji wyjdzie na jaw. Dziecko zamordowanej Patrycji osi\u0105gn\u0119\u0142o zdolno\u015b\u0107 do \u017cycia poza organizmem matki. To by\u0142 ch\u0142opczyk, kt\u00f3remu nastolatek r\u00f3wnie\u017c zabra\u0142 \u017cycie.<\/p>\n<p>        Kacper za zab\u00f3jstwo 13-letniej Patrycji trafi\u0142 do &#8222;poprawczaka&#8221;<\/p>\n<p class=\"article-p\" data-section=\"detail-body\">16 grudnia 2021 r. S\u0105d Rodzinny i dla Nieletnich w Tarnowskich G\u00f3rach postanowi\u0142, \u017ce niespe\u0142na 15-letni Kacper \u015a. sp\u0119dzi w poprawczaku 6 lat. Zapytali\u015bmy wymiar sprawiedliwo\u015bci, jaki jest los Kacpra S. S\u0119dzia Adam Skowron, prezes S\u0105du Rejonowego w Tarnowskich G\u00f3rach oraz przewodnicz\u0105cy wydz. III rodzinnego i nieletnich, zapytany powiedzia\u0142 &#8222;Faktowi&#8221;, \u017ce ch\u0142opak, kt\u00f3ry w chwili pope\u0142nienia zbrodni nie mia\u0142 sko\u0144czonych 15 lat (brakowa\u0142o 1 dnia) nadal przebywa w o\u015brodku poprawczym.<\/p>\n<p class=\"article-p\" data-section=\"detail-body\">Jak wyja\u015bnia s\u0119dzia Adam Skowron, zgodnie z przepisami obowi\u0105zuj\u0105cymi w chwili wydania orzeczenia dla Kacpra \u015a. (w grudniu 2021 r.) pobyt w zak\u0142adzie poprawczym mo\u017ce trwa\u0107 maksymalnie do uko\u0144czenia przez nieletniego 21. roku \u017cycia.<\/p>\n<p class=\"article-p\" data-section=\"detail-body\">\u2014 Na pewno \u015brodek poprawczy nadal jest wykonywany i na pewno jeszcze si\u0119 nie ko\u0144czy. Gdyby zbli\u017ca\u0142 si\u0119 jego koniec, wiedzia\u0142bym o tym \u2014 podkre\u015bla w rozmowie z &#8222;Faktem&#8221; s\u0119dzia Adam Skowron. Jak dodaje, wed\u0142ug jego wiedzy nie by\u0142o dot\u0105d sk\u0142adanych \u017cadnych wniosk\u00f3w o warunkowe, przedterminowe zwolnienie Kacpra \u015a. z zak\u0142adu poprawczego. Taki wniosek m\u00f3g\u0142by z\u0142o\u017cy\u0107 on sam, jego rodzice lub prokurator, a s\u0105d musia\u0142by w\u00f3wczas oceni\u0107 m.in. jego zachowanie oraz opini\u0119 plac\u00f3wki, w kt\u00f3rej przebywa.<\/p>\n<p>        Kacper ma dobra opini\u0119 w &#8222;poprawczaku&#8221;<\/p>\n<p class=\"article-p\" data-section=\"detail-body\">S\u0119dzia nie ujawnia, w kt\u00f3rym zak\u0142adzie poprawczym przebywa Kacper \u015a., zaznaczaj\u0105c, \u017ce nawet gdyby zna\u0142 takie szczeg\u00f3\u0142y, nie m\u00f3g\u0142by ich przekaza\u0107. \u2014 Z posiadanych informacji wynika, i\u017c opinie dotycz\u0105ce przebiegu jego resocjalizacji s\u0105 pozytywne \u2014 dodaje s\u0119dzia Skowron.<\/p>\n<p class=\"article-p\" data-section=\"detail-body\">Je\u015bli do czasu uko\u0144czenia 21 lat nie zapadn\u0105 inne decyzje ani nie pojawi\u0105 si\u0119 nowe podstawy prawne, w dniu 21. urodzin \u015brodek poprawczy wyga\u015bnie i Kacper \u015a. opu\u015bci zak\u0142ad poprawczy. Mo\u017ce si\u0119 to sta\u0107 w styczniu 2027 roku.<\/p>\n<p class=\"article-p\" data-section=\"detail-body\">Nie oznacza to jednak &#8222;zatarcia wyroku&#8221;. W jego przypadku nie dosz\u0142o bowiem do skazania w rozumieniu prawa karnego \u2014 by\u0142o to postanowienie w sprawie nieletniego, a nie wyrok karny, dlatego nie funkcjonuje tu instytucja zatarcia skazania.<\/p>\n<p class=\"article-p\" data-section=\"detail-body\">Sprawa zab\u00f3jstwa Patrycji wstrz\u0105sn\u0119\u0142a opini\u0105 publiczn\u0105 i \u2014 jak przyznaje s\u0119dzia Skowron \u2014 by\u0142a wyj\u0105tkowo bulwersuj\u0105ca tak\u017ce dla samych s\u0119dzi\u00f3w, mimo ich do\u015bwiadczenia w orzekaniu w najtrudniejszych przypadkach. Dzi\u015b, cztery lata po tragedii, \u015brodek poprawczy wobec Kacpra \u015a. nadal jest wykonywany, a jego przysz\u0142o\u015b\u0107 prawna zale\u017cy od up\u0142ywu czasu i ewentualnych decyzji s\u0105du, je\u015bli pojawi\u0142yby si\u0119 nowe wnioski lub okoliczno\u015bci.<\/p>\n<p>        Obie zbrodnie dokona\u0142y dzieci<\/p>\n<p class=\"article-p\" data-section=\"detail-body\">S\u0119dzia Skowron, odnosz\u0105c si\u0119 do sprawy zab\u00f3jstwa 13-letniej Patrycji z Piekar \u015al\u0105skich, zwraca uwag\u0119 tak\u017ce na wstrz\u0105saj\u0105c\u0105 tragedi\u0119 \u2014 zab\u00f3jstwo 11-letniej Danusi w Jeleniej G\u00f3rze. Cho\u0107 obie sprawy poruszaj\u0105 opini\u0119 publiczn\u0105 i budz\u0105 podobne emocje, z prawnego punktu widzenia r\u00f3\u017cnice mi\u0119dzy nimi s\u0105 zasadnicze.<\/p>\n<p class=\"article-p\" data-section=\"detail-body\">W Jeleniej G\u00f3rze sprawczyni\u0105 ma by\u0107 dziewczynka, kt\u00f3ra nie uko\u0144czy\u0142a 13. roku \u017cycia. I to w\u0142a\u015bnie wiek ma kluczowe znaczenie dla kwalifikacji prawnej.<\/p>\n<p class=\"article-p\" data-section=\"detail-body\">\u2014 W przypadku dziecka poni\u017cej 13 lat nie m\u00f3wimy o czynie karalnym, lecz o demoralizacji \u2014 wyja\u015bnia s\u0119dzia Skowron. \u2014 To zasadnicza r\u00f3\u017cnica, kt\u00f3ra powoduje, \u017ce s\u0105d nie mo\u017ce si\u0119gn\u0105\u0107 po takie \u015brodki jak w sprawie Kacpra \u015a.<\/p>\n<p class=\"article-p\" data-section=\"detail-body\">W praktyce oznacza to, \u017ce wobec nieletniej z Jeleniej G\u00f3ry nie mo\u017cna \u2014 co do zasady \u2014 orzec umieszczenia w zak\u0142adzie poprawczym. <\/p>\n<p>        Te same emocje, inne prawo<\/p>\n<p class=\"article-p\" data-section=\"detail-body\">Cho\u0107 obie sprawy \u0142\u0105czy brutalno\u015b\u0107 czyn\u00f3w i fakt, \u017ce sprawcami by\u0142y dzieci, prawo traktuje je zupe\u0142nie inaczej. W Piekarach \u015al\u0105skich sprawca mia\u0142 uko\u0144czone 13 lat, co otworzy\u0142o drog\u0119 do orzeczenia \u015brodka poprawczego i wieloletniego pobytu w zak\u0142adzie poprawczym. W Jeleniej G\u00f3rze wiek sprawczyni wyklucza tak\u0105 mo\u017cliwo\u015b\u0107 \u2014 tu podstaw\u0105 dzia\u0142a\u0144 s\u0105du jest poj\u0119cie demoralizacji, a nie odpowiedzialno\u015bci za czyn karalny. 12-latka z Jeleniej G\u00f3ry nie trafi wi\u0119c do poprawczaka. <\/p>\n<p class=\"article-p\" data-section=\"detail-body\">Zamiast tego s\u0105d mo\u017ce zdecydowa\u0107 o umieszczeniu w m\u0142odzie\u017cowym o\u015brodku wychowawczym, zastosowa\u0107 \u015brodki opieku\u0144cze, wszcz\u0105\u0107 post\u0119powanie opieku\u0144cze lub \u2014 w szczeg\u00f3lnych przypadkach \u2014 si\u0119gn\u0105\u0107 po \u015brodek leczniczy.<\/p>\n<p class=\"article-p\" data-section=\"detail-body\">\u2014 Je\u017celi badania bieg\u0142ych wyka\u017c\u0105 chorob\u0119 psychiczn\u0105 i spe\u0142nione b\u0119d\u0105 ustawowe przes\u0142anki, mo\u017cliwe jest zastosowanie wobec nieletniego \u015brodka leczniczego, na przyk\u0142ad umieszczenia w szpitalu psychiatrycznym \u2014 zaznacza s\u0119dzia Skowron.<\/p>\n<p class=\"article-p\" data-section=\"detail-body\"><a href=\"https:\/\/www.fakt.pl\/wydarzenia\/smierc-11-latki-w-jeleniej-gorze-waldemar-zurek-zabral-glos\/f2w5n5p\" id=\"599c63f0-1cd3-41a8-8361-e9e02529dae8\" rel=\"nofollow noopener\" target=\"_blank\">Minister \u017burek zareagowa\u0142 na zab\u00f3jstwo 11-latki. Ekspert m\u00f3wi jednak co\u015b innego<\/a><\/p>\n<p class=\"article-p\" data-section=\"detail-body\"><a href=\"https:\/\/www.fakt.pl\/wydarzenia\/polska\/wroclaw\/tragedia-danusi-z-jeleniej-gory-byly-minister-zszokowany-zbrodnia-mowi-wprost\/t2067km\" id=\"a5c6fe63-a859-4272-84b3-81664b6b2b24\" rel=\"nofollow noopener\" target=\"_blank\">Zab\u00f3jstwo Danusi. By\u0142y Prokurator Krajowy zszokowany zbrodni\u0105. M\u00f3wi, co teraz czeka 12-latk\u0119<\/a><\/p>\n<p>        \/12<\/p>\n<p>                    <img decoding=\"async\" class=\"article-image-img\" loading=\"lazy\" alt=\"\" src=\"https:\/\/www.europesays.com\/pl\/wp-content\/uploads\/2025\/12\/UXek9kuTURBXy82MGI5M2Q5Ny1jZWZmLTQ2YjItYjc0Yi1hNjM0Njk2N2M0M2UuanBlZ5GTAs0DSM0B2N4AAqEwAaExAQ.jpeg\" width=\"840\" height=\"472\"\/><\/p>\n<p>                  Dawid Markysz \/ Edytor \/ Fakt.pl<\/p>\n<p class=\"article-gallery-p\">\n        Cztery lata temu niespe\u0142na 15-letni Kacper zabi\u0142 no\u017cem 13-letni\u0105 Patrycj\u0119.\n    <\/p>\n<p>        \/12<\/p>\n<p>                    <img decoding=\"async\" class=\"article-image-img\" loading=\"lazy\" alt=\"\" src=\"https:\/\/www.europesays.com\/pl\/wp-content\/uploads\/2025\/12\/-Gyk9kuTURBXy9mODk4NTJiMy05NjVkLTQwNTEtOTE2Ni03NDJmZWE4NTZmNjUuanBlZ5GTAs0DSM0CMN4AAqEwAaExAQ.jpeg\" width=\"840\" height=\"560\"\/><\/p>\n<p>                  Dawid Markysz \/ Edytor<\/p>\n<p class=\"article-gallery-p\">\n        W grudniu 2021 r. s\u0105d w Tarnowskich G\u00f3rach nakaza\u0142 umieszczenie Kacpra \u015a. w poprawczaku.\n    <\/p>\n","protected":false},"excerpt":{"rendered":"Przypomnijmy, cia\u0142o 13-letniej Patrycji znaleziono 12 stycznia 2021 r. w krzakach tu\u017c za Kauflandem w Piekarach \u015al\u0105skich. Dziewczynka&hellip;\n","protected":false},"author":2,"featured_media":160390,"comment_status":"","ping_status":"","sticky":false,"template":"","format":"standard","meta":{"footnotes":""},"categories":[5],"tags":[32,33,36,37,27,34,35,28,31,25,42,38,40,39,41,29,30,26],"class_list":{"0":"post-160389","1":"post","2":"type-post","3":"status-publish","4":"format-standard","5":"has-post-thumbnail","7":"category-naglowki","8":"tag-breaking-news","9":"tag-breakingnews","10":"tag-featured-news","11":"tag-featurednews","12":"tag-headlines","13":"tag-latest-news","14":"tag-latestnews","15":"tag-naglowki","16":"tag-najwazniejsze-artykuly","17":"tag-news","18":"tag-pl","19":"tag-poland","20":"tag-polish","21":"tag-polska","22":"tag-polski","23":"tag-top-stories","24":"tag-topstories","25":"tag-wiadomosci"},"share_on_mastodon":{"url":"https:\/\/pubeurope.com\/@pl\/115747632322334746","error":""},"_links":{"self":[{"href":"https:\/\/www.europesays.com\/pl\/wp-json\/wp\/v2\/posts\/160389","targetHints":{"allow":["GET"]}}],"collection":[{"href":"https:\/\/www.europesays.com\/pl\/wp-json\/wp\/v2\/posts"}],"about":[{"href":"https:\/\/www.europesays.com\/pl\/wp-json\/wp\/v2\/types\/post"}],"author":[{"embeddable":true,"href":"https:\/\/www.europesays.com\/pl\/wp-json\/wp\/v2\/users\/2"}],"replies":[{"embeddable":true,"href":"https:\/\/www.europesays.com\/pl\/wp-json\/wp\/v2\/comments?post=160389"}],"version-history":[{"count":0,"href":"https:\/\/www.europesays.com\/pl\/wp-json\/wp\/v2\/posts\/160389\/revisions"}],"wp:featuredmedia":[{"embeddable":true,"href":"https:\/\/www.europesays.com\/pl\/wp-json\/wp\/v2\/media\/160390"}],"wp:attachment":[{"href":"https:\/\/www.europesays.com\/pl\/wp-json\/wp\/v2\/media?parent=160389"}],"wp:term":[{"taxonomy":"category","embeddable":true,"href":"https:\/\/www.europesays.com\/pl\/wp-json\/wp\/v2\/categories?post=160389"},{"taxonomy":"post_tag","embeddable":true,"href":"https:\/\/www.europesays.com\/pl\/wp-json\/wp\/v2\/tags?post=160389"}],"curies":[{"name":"wp","href":"https:\/\/api.w.org\/{rel}","templated":true}]}}