{"id":160479,"date":"2025-12-19T19:22:20","date_gmt":"2025-12-19T19:22:20","guid":{"rendered":"https:\/\/www.europesays.com\/pl\/160479\/"},"modified":"2025-12-19T19:22:20","modified_gmt":"2025-12-19T19:22:20","slug":"to-poczatek-problemow-z-ram-em-micron-ujawnia-jak-dlugo-potrwa-kryzys","status":"publish","type":"post","link":"https:\/\/www.europesays.com\/pl\/160479\/","title":{"rendered":"To pocz\u0105tek problem\u00f3w z RAM-em. Micron ujawnia, jak d\u0142ugo potrwa kryzys"},"content":{"rendered":"<p><img decoding=\"async\" src=\"https:\/\/std.wpcdn.pl\/images\/adv\/placeholder_wp.svg\" alt=\"\"\/><\/p>\n<p>\n                Jak d\u0142ugo potrwa kryzys na rynku pami\u0119ci RAM? Niestety, d\u0142u\u017cej, ni\u017c s\u0105dzi\u0142a cz\u0119\u015b\u0107 bran\u017cy. Firma Micron ujawni\u0142a, \u017ce niedobory pami\u0119ci mog\u0105 utrzymywa\u0107 si\u0119 znacznie d\u0142u\u017cej ni\u017c pierwotnie zak\u0142adano.\n            <\/p>\n<p>Rynek pami\u0119ci RAM od tygodni zmaga si\u0119 z\u00a0<a href=\"https:\/\/www.benchmark.pl\/aktualnosci\/podwyzki-cen-pamieci-ram-prognozy.html\" target=\"_blank\" title=\"Podwy\u017cki cen pami\u0119ci RAM\" rel=\"nofollow noopener\">powa\u017cnymi problemami z\u00a0dost\u0119pno\u015bci\u0105 i\u00a0rosn\u0105cymi cenami<\/a>. Najnowsze prognozy nie napawaj\u0105 optymizmem. Podczas telekonferencji po\u015bwi\u0119conej wynikom finansowym firma Micron ujawni\u0142a nowe szczeg\u00f3\u0142y dotycz\u0105ce dostaw pami\u0119ci. Z\u00a0perspektywy jednego z\u00a0najwi\u0119kszych producent\u00f3w\u00a0na \u015bwiecie sytuacja pozostaje trudna i\u00a0nic nie wskazuje na szybkie unormowanie w\u00a0najbli\u017cszym czasie.\u00a0<\/p>\n<p>Micron ma za sob\u0105 bardzo udany okres finansowy. W\u00a0pierwszym kwartale roku obotowego 2026 sp\u00f3\u0142ka zanotowa\u0142a rekordowe przychody, nap\u0119dzane g\u0142\u00f3wnie rosn\u0105cymi cenami pami\u0119ci oraz ogromnym zapotrzebowaniem ze strony centr\u00f3w\u00a0danych i\u00a0rynku AI. To w\u0142a\u015bnie segmenty zwi\u0105zane ze sztuczn\u0105 inteligencj\u0105 w\u00a0najwi\u0119kszym stopniu \u201ewysysaj\u0105\u201d dzi\u015b moce produkcyjne DRAM.\u00a0<\/p>\n<p>Z punktu widzenia klient\u00f3w\u00a0\u2013 zw\u0142aszcza rynku PC i\u00a0entuzjast\u00f3w\u00a0sprz\u0119tu \u2013 dobra kondycja finansowa producenta nie przek\u0142ada si\u0119 jednak na popraw\u0119 dost\u0119pno\u015bci. Micron otwarcie przyznaje, \u017ce mimo zwi\u0119kszania skali dzia\u0142alno\u015bci nie jest w\u00a0stanie zaspokoi\u0107 zapotrzebowania we wszystkich segmentach rynku.\u00a0<\/p>\n<p>Prognozy: niedobory tak\u017ce po 2026 r.\u00a0<\/p>\n<p>Najwa\u017cniejsza deklaracja ze strony Microna dotyczy przysz\u0142o\u015bci. Wed\u0142ug kierownictwa firmy ograniczenia poda\u017cy pami\u0119ci DRAM b\u0119d\u0105 si\u0119 utrzymywa\u0107 r\u00f3wnie\u017c po 2026 r. Oznacza to, \u017ce obecny kryzys nie jest chwilowym zaburzeniem, lecz d\u0142ugoterminowym problemem strukturalnym ca\u0142ej bran\u017cy.\u00a0<\/p>\n<p>Klienci Microna coraz cz\u0119\u015bciej obawiaj\u0105 si\u0119 o\u00a0d\u0142ugofalowy dost\u0119p do pami\u0119ci, co skutkuje podpisywaniem wieloletnich kontrakt\u00f3w\u00a0gwarantuj\u0105cych dostawy. Sama firma zak\u0142ada, \u017ce nawet przy optymalnym wykorzystaniu mocy produkcyjnych b\u0119dzie w\u00a0stanie zaspokoi\u0107 jedynie od po\u0142owy do dw\u00f3ch trzecich zapotrzebowania kluczowych odbiorc\u00f3w.<\/p>\n<p style=\"text-align: center;\" class=\" wideImage\"><a href=\"https:\/\/cdn.benchmark.pl\/uploads\/backend_img\/c\/newsy\/2025-12\/PM\/crucial-ram.jpg\" target=\"_blank\" rel=\"nofollow noopener\"><img loading=\"lazy\" decoding=\"async\" src=\"https:\/\/www.europesays.com\/pl\/wp-content\/uploads\/2025\/12\/1766172140_356_330x0x1.jpg\" alt=\"Crucial - pami\u0119\u0107 RAM\" class=\"lazy\" width=\"1024\" height=\"682\" data-\/><\/a><br \/>Niedawno firma Micron podj\u0119\u0142a decyzj\u0119 o\u00a0porzuceniu konsumenckiej marki Crucial<\/p>\n<p>HBM pog\u0142\u0119bia presj\u0119 na rynek DRAM\u00a0<\/p>\n<p>Dodatkowym czynnikiem wp\u0142ywaj\u0105cym na dost\u0119pno\u015b\u0107 klasycznej pami\u0119ci RAM jest dynamiczny rozw\u00f3j HBM (High Bandwidth Memory). Produkcja HBM jest znacznie bardziej zasobo\u017cerna \u2013 wymaga nawet trzykrotnie wi\u0119kszej powierzchni wafla krzemowego ni\u017c DDR5. Micron spodziewa si\u0119 bardzo silnego wzrostu tego segmentu, kt\u00f3ry w\u00a0kolejnych latach mo\u017ce poch\u0142ania\u0107 coraz wi\u0119ksz\u0105 cz\u0119\u015b\u0107 mocy produkcyjnych kosztem tradycyjnego DRAM-u.\u00a0<\/p>\n<p>Inwestycje w\u00a0fabryki nie rozwi\u0105\u017c\u0105 problemu od razu\u00a0<\/p>\n<p>Micron inwestuje miliardy dolar\u00f3w\u00a0w nowe zak\u0142ady produkcyjne, m.in. w\u00a0stanie Idaho oraz w\u00a0Nowym Jorku. Pierwsza z\u00a0nowych fabryk ma rozpocz\u0105\u0107 produkcj\u0119 w\u00a0po\u0142owie 2027 roku, natomiast kolejna dopiero oko\u0142o 2030 roku. Oznacza to, \u017ce nawet intensywna rozbudowa zaplecza produkcyjnego nie przyniesie szybkiej ulgi rynkowi pami\u0119ci RAM.\u00a0<\/p>\n<p>Skutki dla rynku i\u00a0cen\u00a0<\/p>\n<p>Utrzymuj\u0105ce si\u0119 niedobory DRAM przek\u0142adaj\u0105 si\u0119 bezpo\u015brednio na ceny \u2013 szczeg\u00f3lnie w\u00a0przypadku pami\u0119ci DDR5, kt\u00f3rych koszt systematycznie ro\u015bnie. Ceny popularnych zestaw\u00f3w\u00a0pami\u0119ci DDR5 ju\u017c teraz s\u0105 trzy- lub nawet\u00a0czterokrotnie wy\u017csze ni\u017c kilka tygodni temu.\u00a0Cho\u0107 cz\u0119\u015b\u0107 firm z\u00a0bran\u017cy sugeruje, \u017ce w\u00a0najbli\u017cszych miesi\u0105cach tempo wzrostu cen mo\u017ce wyhamowa\u0107, inni producenci i\u00a0dostawcy nie wykluczaj\u0105 dalszych podwy\u017cek.\u00a0<\/p>\n<p>Z perspektywy Microna obraz jest wi\u0119c jasny: popyt pozostaje wyj\u0105tkowo silny, a\u00a0poda\u017c \u2013 mimo ogromnych inwestycji \u2013 b\u0119dzie ograniczona jeszcze przez wiele lat. Dla konsument\u00f3w\u00a0i producent\u00f3w\u00a0sprz\u0119tu oznacza to jedno: problemy z\u00a0dost\u0119pno\u015bci\u0105 pami\u0119ci RAM szybko si\u0119 nie sko\u0144cz\u0105.\u00a0<\/p>\n<p><img decoding=\"async\" src=\"https:\/\/std.wpcdn.pl\/images\/adv\/placeholder_wp.svg\" alt=\"\"\/><\/p>\n","protected":false},"excerpt":{"rendered":"Jak d\u0142ugo potrwa kryzys na rynku pami\u0119ci RAM? Niestety, d\u0142u\u017cej, ni\u017c s\u0105dzi\u0142a cz\u0119\u015b\u0107 bran\u017cy. Firma Micron ujawni\u0142a, \u017ce&hellip;\n","protected":false},"author":2,"featured_media":160480,"comment_status":"","ping_status":"","sticky":false,"template":"","format":"standard","meta":{"footnotes":""},"categories":[20],"tags":[120,118,119,42,38,40,39,41,116,114,115,121,117],"class_list":{"0":"post-160479","1":"post","2":"type-post","3":"status-publish","4":"format-standard","5":"has-post-thumbnail","7":"category-nauka-i-technika","8":"tag-nauka","9":"tag-nauka-i-technika","10":"tag-naukatechnika","11":"tag-pl","12":"tag-poland","13":"tag-polish","14":"tag-polska","15":"tag-polski","16":"tag-science","17":"tag-science-and-technology","18":"tag-sciencetechnology","19":"tag-technika","20":"tag-technology"},"share_on_mastodon":{"url":"https:\/\/pubeurope.com\/@pl\/115747864595499185","error":""},"_links":{"self":[{"href":"https:\/\/www.europesays.com\/pl\/wp-json\/wp\/v2\/posts\/160479","targetHints":{"allow":["GET"]}}],"collection":[{"href":"https:\/\/www.europesays.com\/pl\/wp-json\/wp\/v2\/posts"}],"about":[{"href":"https:\/\/www.europesays.com\/pl\/wp-json\/wp\/v2\/types\/post"}],"author":[{"embeddable":true,"href":"https:\/\/www.europesays.com\/pl\/wp-json\/wp\/v2\/users\/2"}],"replies":[{"embeddable":true,"href":"https:\/\/www.europesays.com\/pl\/wp-json\/wp\/v2\/comments?post=160479"}],"version-history":[{"count":0,"href":"https:\/\/www.europesays.com\/pl\/wp-json\/wp\/v2\/posts\/160479\/revisions"}],"wp:featuredmedia":[{"embeddable":true,"href":"https:\/\/www.europesays.com\/pl\/wp-json\/wp\/v2\/media\/160480"}],"wp:attachment":[{"href":"https:\/\/www.europesays.com\/pl\/wp-json\/wp\/v2\/media?parent=160479"}],"wp:term":[{"taxonomy":"category","embeddable":true,"href":"https:\/\/www.europesays.com\/pl\/wp-json\/wp\/v2\/categories?post=160479"},{"taxonomy":"post_tag","embeddable":true,"href":"https:\/\/www.europesays.com\/pl\/wp-json\/wp\/v2\/tags?post=160479"}],"curies":[{"name":"wp","href":"https:\/\/api.w.org\/{rel}","templated":true}]}}