{"id":160505,"date":"2025-12-19T19:38:18","date_gmt":"2025-12-19T19:38:18","guid":{"rendered":"https:\/\/www.europesays.com\/pl\/160505\/"},"modified":"2025-12-19T19:38:18","modified_gmt":"2025-12-19T19:38:18","slug":"katastrofa-odrzutowca-nie-zyje-legenda-z-rodzina","status":"publish","type":"post","link":"https:\/\/www.europesays.com\/pl\/160505\/","title":{"rendered":"Katastrofa odrzutowca. Nie \u017cyje legenda z rodzin\u0105"},"content":{"rendered":"<p class=\"art_paragraph\">Gregory Jack Biffle, nazywany &#8222;Biffem&#8221;, by\u0142 ameryka\u0144skim zawodowym kierowc\u0105 wy\u015bcigowym samochod\u00f3w stock car. Wiele os\u00f3b m\u00f3wi\u0142o, \u017ce by\u0142 legend\u0105 NASCAR i uznawany za jednego z najwybitniejszych <a href=\"https:\/\/www.sport.pl\/zawodnik#anchorLink\" rel=\"nofollow noopener\" target=\"_blank\">zawodnik\u00f3w<\/a> w historii. Zdobywa\u0142 tytu\u0142y mistrzowskie w <a href=\"https:\/\/www.sport.pl\/pilka\/0,65083.html#anchorLink\" rel=\"nofollow noopener\" target=\"_blank\">seriach<\/a> Trucks oraz Xfinity.<\/p>\n<p>\n    Zobacz wideo &#8222;\u017bycie kierowc\u00f3w F1 b\u0119dzie wygl\u0105da\u0142o zupe\u0142nie inaczej. Powr\u00f3t do gokart\u00f3w&#8221;\n  <\/p>\n<p> Katastrofa odrzutowca. Nie \u017cyje legenda wy\u015bcig\u00f3w z rodzin\u0105<\/p>\n<p class=\"art_paragraph\">W czwartek przed po\u0142udniem Biffle zgin\u0105\u0142 w katastrofie lotniczej na regionalnym lotnisku w\u00a0Statesville w Karolinie P\u00f3\u0142nocnej. Mia\u0142 55 lat. Wed\u0142ug relacji ameryka\u0144skich medi\u00f3w jego prywatny odrzutowiec &#8211; Cessna C550, zmierzaj\u0105cy w stron\u0119 Florydy, wzbi\u0142 si\u0119 w powietrze przy niskim zachmurzeniu i m\u017cawce. Kilka minut p\u00f3\u017aniej pilot podj\u0105\u0142 pr\u00f3b\u0119 powrotu na lotnisko, ale manewr ten si\u0119 nie powi\u00f3d\u0142. Samolot run\u0105\u0142 na ziemi\u0119 i stan\u0105\u0142 w p\u0142omieniach. Maszyna wystartowa\u0142a o godzinie 10.06 czasu miejscowego i przelecia\u0142a zaledwie 46 <a href=\"https:\/\/www.sport.pl\/polskabiega\/7,105609,9627937,oblicz-kilometry-sprawdz-ile-przebiegles-km.html#anchorLink\" rel=\"nofollow noopener\" target=\"_blank\">kilometr\u00f3w<\/a>, a rozbi\u0142a si\u0119 o godz. 10.32.\u00a0<\/p>\n<p class=\"art_paragraph\">Przyczyny nag\u0142ego manewru powrotnego i katastrofy nie s\u0105 jeszcze dok\u0142adnie znane. \u015awiadkowie znajduj\u0105cy si\u0119 na pobliskim polu golfowym m\u00f3wili, \u017ce nisko lec\u0105cy odrzutowiec zmusi\u0142 ich, by upadli na ziemi\u0119.\u00a0<\/p>\n<p class=\"art_paragraph\">W katastrofie\u00a0 zgin\u0119\u0142o siedem os\u00f3b, w tym Biffle i jego ca\u0142a rodzina\u00a0 &#8211; \u017cona\u00a0Cristina oraz dzieci &#8211; Ryder i Emma. Media dodaj\u0105 te\u017c, \u017ce zgin\u0119li r\u00f3wnie\u017c\u00a0Dennis Dutton (ameryka\u0144ski filozof sztuki i przedsi\u0119biorca internetowy), jego syn Jack oraz Craig Wadsworth, kt\u00f3ry te\u017c by\u0142 cz\u0119\u015bci\u0105 spo\u0142eczno\u015bci NASCAR.<\/p>\n<p class=\"art_paragraph\">&#8222;Legenda NASCAR Greg Biffle wraz z \u017con\u0105 i dw\u00f3jk\u0105 dzieci zgin\u0119li w katastrofie lotniczej w Karolinie P\u00f3\u0142nocnej. Naprawd\u0119 druzgoc\u0105ce. Ten bohater u\u017cy\u0142 swojego prywatnego helikoptera, aby dostarczy\u0107 zaopatrzenie i uratowa\u0107 niezliczone \u017cycia, uwi\u0119zione podczas huraganu Helene. Jego dzieci mia\u0142y zaledwie 14 i 5 lat. Spoczywaj w pokoju. Modlimy si\u0119 za Ciebie i Twoich bliskich &#8211; napisa\u0142 w serwisie X\u00a0Benny Johnson, ameryka\u0144ski komentator polityczny i YouTuber.<\/p>\n<p class=\"art_paragraph\">Rodzina Biffle\u2019\u00f3w dzia\u0142a\u0142a charytatywnie i pomaga\u0142a ofiarom huraganu Helene, dostarczaj\u0105c zapasy do odci\u0119tych przez \u017cywio\u0142 region\u00f3w.\u00a0<\/p>\n<p class=\"art_paragraph\">Zobacz tak\u017ce: <a href=\"https:\/\/www.sport.pl\/zuzel\/7,64951,32481778,to-nie-zart-bedzie-starcie-boniek-najman-wszystko-przed.html\" class=\"art_link\" rel=\"dofollow noopener\" target=\"_blank\">To nie \u017cart. B\u0119dzie starcie Boniek &#8211; Najman. Wszystko przed bara\u017cem Polski<\/a><\/p>\n<p class=\"art_paragraph\">Biffle wygra\u0142 19 wy\u015bcig\u00f3w Cup Series w ci\u0105gu 20 lat. W 2023 roku zosta\u0142 zaliczony do elitarnego grona 75 najlepszych kierowc\u00f3w NASCAR w historii.\u00a0<\/p>\n<p class=\"art_paragraph\">NASCAR to Narodowa Organizacja Wy\u015bcig\u00f3w Samochod\u00f3w Seryjnych, najwi\u0119ksza w Stanach Zjednoczonych.\u00a0Trzy najwi\u0119ksze serie prowadzone przez NASCAR to: NASCAR Cup Series, Xfinity Series i Craftsman Truck Series.<\/p>\n","protected":false},"excerpt":{"rendered":"Gregory Jack Biffle, nazywany &#8222;Biffem&#8221;, by\u0142 ameryka\u0144skim zawodowym kierowc\u0105 wy\u015bcigowym samochod\u00f3w stock car. Wiele os\u00f3b m\u00f3wi\u0142o, \u017ce by\u0142&hellip;\n","protected":false},"author":2,"featured_media":160506,"comment_status":"","ping_status":"","sticky":false,"template":"","format":"standard","meta":{"footnotes":""},"categories":[14],"tags":[32,33,27,34,35,28,31,25,40,41,80,29,30,26,82,83,84],"class_list":{"0":"post-160505","1":"post","2":"type-post","3":"status-publish","4":"format-standard","5":"has-post-thumbnail","7":"category-swiat","8":"tag-breaking-news","9":"tag-breakingnews","10":"tag-headlines","11":"tag-latest-news","12":"tag-latestnews","13":"tag-naglowki","14":"tag-najwazniejsze-artykuly","15":"tag-news","16":"tag-polish","17":"tag-polski","18":"tag-swiat","19":"tag-top-stories","20":"tag-topstories","21":"tag-wiadomosci","22":"tag-world","23":"tag-world-news","24":"tag-worldnews"},"share_on_mastodon":{"url":"https:\/\/pubeurope.com\/@pl\/115747927131620790","error":""},"_links":{"self":[{"href":"https:\/\/www.europesays.com\/pl\/wp-json\/wp\/v2\/posts\/160505","targetHints":{"allow":["GET"]}}],"collection":[{"href":"https:\/\/www.europesays.com\/pl\/wp-json\/wp\/v2\/posts"}],"about":[{"href":"https:\/\/www.europesays.com\/pl\/wp-json\/wp\/v2\/types\/post"}],"author":[{"embeddable":true,"href":"https:\/\/www.europesays.com\/pl\/wp-json\/wp\/v2\/users\/2"}],"replies":[{"embeddable":true,"href":"https:\/\/www.europesays.com\/pl\/wp-json\/wp\/v2\/comments?post=160505"}],"version-history":[{"count":0,"href":"https:\/\/www.europesays.com\/pl\/wp-json\/wp\/v2\/posts\/160505\/revisions"}],"wp:featuredmedia":[{"embeddable":true,"href":"https:\/\/www.europesays.com\/pl\/wp-json\/wp\/v2\/media\/160506"}],"wp:attachment":[{"href":"https:\/\/www.europesays.com\/pl\/wp-json\/wp\/v2\/media?parent=160505"}],"wp:term":[{"taxonomy":"category","embeddable":true,"href":"https:\/\/www.europesays.com\/pl\/wp-json\/wp\/v2\/categories?post=160505"},{"taxonomy":"post_tag","embeddable":true,"href":"https:\/\/www.europesays.com\/pl\/wp-json\/wp\/v2\/tags?post=160505"}],"curies":[{"name":"wp","href":"https:\/\/api.w.org\/{rel}","templated":true}]}}