{"id":160507,"date":"2025-12-19T19:39:11","date_gmt":"2025-12-19T19:39:11","guid":{"rendered":"https:\/\/www.europesays.com\/pl\/160507\/"},"modified":"2025-12-19T19:39:11","modified_gmt":"2025-12-19T19:39:11","slug":"nowy-problem-dla-rynku-pracy-setki-tysiecy-ukraincow-moze-wyjechac-z-polski","status":"publish","type":"post","link":"https:\/\/www.europesays.com\/pl\/160507\/","title":{"rendered":"Nowy problem dla rynku pracy. Setki tysi\u0119cy Ukrai\u0144c\u00f3w mo\u017ce wyjecha\u0107 z Polski"},"content":{"rendered":"<p> Ukrai\u0144cy w Polsce. 40 proc. z nich prawdopodobnie zostanie na d\u0142u\u017cej<\/p>\n<p class=\"art_paragraph\">W Polsce legalnie przebywa ponad 1,5 mln imigrant\u00f3w z Ukrainy. &#8222;Szacujemy, \u017ce w przypadku 4 na 10 doros\u0142ych imigrant\u00f3w z Ukrainy istnieje bardzo wysokie lub wysokie prawdopodobie\u0144stwo pozostania w Polsce na d\u0142u\u017cej. Osoby te nie tylko deklaruj\u0105, \u017ce chc\u0105 pozosta\u0107 w Polsce, ale podj\u0119\u0142y te\u017c r\u00f3\u017cne dzia\u0142ania, kt\u00f3re na to wskazuj\u0105, np. w zakresie legalizacji pobytu&#8221; &#8211; podkre\u015bla Dominika Prud\u0142o, analityczka w Zespole Analiz Proces\u00f3w Spo\u0142ecznych w <a href=\"https:\/\/next.gazeta.pl\/next\/7,168930,32418111,niemieckie-media-polska-bardzo-zaniepokojona-planem-trumpa.html#anchorLink\" rel=\"nofollow noopener\" target=\"_blank\">Polskim<\/a> Instytucie Ekonomicznym. Wskaza\u0142a, \u017ce im wy\u017cszy poziom &#8222;wej\u015bcia&#8221; w spo\u0142ecze\u0144stwo, tym wy\u017csze prawdopodobie\u0144stwo pozostania, a najwi\u0119ksze obejmuje grup\u0119 os\u00f3b relatywnie m\u0142odych. Chodzi o osoby, kt\u00f3re przyby\u0142y do Polski ponad\u00a0cztery lata <a href=\"https:\/\/wiadomosci.gazeta.pl\/polska\/7,198072,32402011,znany-politolog-powaznie-chory-wszystko-zaczelo-sie-kilka.html#anchorLink\" rel=\"nofollow noopener\" target=\"_blank\">temu<\/a>, czyli przed eskalacj\u0105 wojny w Ukrainie.<\/p>\n<p class=\"art_paragraph\">&#8222;D\u0142u\u017cszy ni\u017c w przypadku pozosta\u0142ych imigrant\u00f3w czas pobytu w Polsce pozwoli\u0142 im na nabycie kompetencji j\u0119zykowych, budow\u0119 kapita\u0142u spo\u0142ecznego poprzez regularne kontakty z Polakami, partycypacj\u0119 w polskich organizacjach i inicjatywach spo\u0142ecznych oraz stabilizacj\u0119 ekonomiczn\u0105&#8221; &#8211; podkre\u015bla Dominika Prud\u0142o. Natomiast po\u0142owa imigrant\u00f3w z Ukrainy znajduje si\u0119 w fazie przej\u015bciowej. Te osoby nale\u017c\u0105 do grupy imigrant\u00f3w, kt\u00f3rzy pozostaj\u0105 w Polsce g\u0142\u00f3wnie ze wzgl\u0119du na prac\u0119, konieczno\u015bci ekonomiczne lub brak alternatywy. Z analizy PIE wynika, \u017ce stabilizacja ekonomiczna nie jest wystarczaj\u0105cym ani dominuj\u0105cym czynnikiem decyduj\u0105cym o planach dotycz\u0105cych pozostania w Polsce. Najsilniejsz\u0105 korelacj\u0119 wykazuje wymiar to\u017csamo\u015bciowy, kt\u00f3ry jest ponad cztery razy silniej skorelowany z decyzj\u0105 o pozostaniu ni\u017c wymiar ekonomiczny.<\/p>\n<p>\n    Zobacz wideo Niemiecka pomoc socjalna demoralizuje cz\u0119\u015b\u0107 imigrant\u00f3w\n  <\/p>\n<p class=\"art_paragraph\">Oszacowane prawdopodobie\u0144stwo pozostania w Polsce imigrant\u00f3w z Ukrainy pozwala r\u00f3wnie\u017c obliczy\u0107 ewentualne konsekwencje dla <a href=\"https:\/\/next.gazeta.pl\/polska#anchorLink\" rel=\"nofollow noopener\" target=\"_blank\">polskiego<\/a> rynku <a href=\"https:\/\/next.gazeta.pl\/praca#anchorLink\" rel=\"nofollow noopener\" target=\"_blank\">pracy<\/a>. &#8222;Istnieje niskie i bardzo niskie prawdopodobie\u0144stwo, \u017ce oko\u0142o 650 tys. pracuj\u0105cych imigrant\u00f3w pozostanie na polskim rynku pracy. Oko\u0142o 300 tys. z nich stanowi\u0105 m\u0119\u017cczy\u017ani pracuj\u0105cy w pracach prostych i wymagaj\u0105cych co najwy\u017cej \u015brednich kwalifikacji&#8221; &#8211; czytamy w raporcie PIE. Z polskiego rynku pracy mo\u017ce te\u017c odej\u015b\u0107 oko\u0142o 285 tys. relatywnie m\u0142odych imigrantek z Ukrainy, kt\u00f3re pracuj\u0105 g\u0142\u00f3wnie w us\u0142ugach, edukacji i t\u0142umaczeniach. &#8222;Potencjalne opuszczenie polskiego rynku pracy przez te grupy imigrant\u00f3w b\u0119dzie oznacza\u0107 nie tylko spadek zasobu si\u0142y roboczej, ale r\u00f3wnie\u017c pog\u0142\u0119bienie problem\u00f3w z rekrutacj\u0105 pracownik\u00f3w w zawodach deficytowych&#8221; &#8211; wyja\u015bnia instytut.<\/p>\n<blockquote class=\"art_blockquote\"><p>Aby zatrzyma\u0107 ukrai\u0144skich pracownik\u00f3w na polskim rynku pracy, polityka integracyjna powinna uzupe\u0142ni\u0107 naturalny proces integracji ekonomicznej o strukturalne programy wspieraj\u0105ce integracj\u0119 kulturow\u0105 i spo\u0142eczn\u0105. Polityka retencji musi wi\u0119c adresowa\u0107 niepewno\u015b\u0107 prawn\u0105, u\u0142atwiaj\u0105c uzyskanie obywatelstwa, przeciwdzia\u0142a\u0107 wykluczeniu, edukowa\u0107 mi\u0119dzykulturowo, zapewnia\u0107 wsparcie dla rodzin, a tak\u017ce atrakcyjne wzgl\u0119dem innych kraj\u00f3w alternatywy ekonomiczne, kt\u00f3re b\u0119d\u0105 m.in. przyci\u0105ga\u0107 wysoko wykwalifikowanych imigrant\u00f3w<\/p><\/blockquote>\n<p class=\"art_paragraph\">&#8211; podkre\u015bla Cezary Przyby\u0142, doradca w Zespole Analiz Proces\u00f3w Spo\u0142ecznych w PIE.<\/p>\n<p> Aktywno\u015b\u0107 zawodowa Ukrai\u0144c\u00f3w w Polsce<\/p>\n<p class=\"art_paragraph\">Polski Instytut Ekonomiczny zauwa\u017ca te\u017c, \u017ce integracja imigrant\u00f3w z Ukrainy w Polsce jest procesem wyra\u017anie zr\u00f3\u017cnicowanym w poszczeg\u00f3lnych wymiarach. &#8222;Wej\u015bcie&#8221; w spo\u0142ecze\u0144stwo nie jest jednolitym, r\u00f3wnomiernym procesem, a post\u0119py w r\u00f3\u017cnych aspektach \u017cycia spo\u0142ecznego przebiegaj\u0105 w odmiennym tempie. Cezary Przyby\u0142 wyja\u015bnia, \u017ce najwy\u017cszy poziom integracji wida\u0107 w wymiarze ekonomicznym, co wskazuje, \u017ce imigranci stosunkowo najlepiej radz\u0105 sobie w sferze pracy, zatrudnienia i ekonomicznego utrzymania si\u0119 w Polsce.<\/p>\n<p class=\"art_paragraph\">&#8222;Poziom aktywno\u015bci zawodowej doros\u0142ych imigrant\u00f3w z Ukrainy, kt\u00f3ry wynosi 75-85 proc., jest wy\u017cszy ni\u017c w\u015br\u00f3d Polak\u00f3w. Imigranci z Ukrainy stanowi\u0105 ju\u017c 5 proc. wszystkich os\u00f3b ubezpieczonych w ZUS, uzupe\u0142niaj\u0105c wakaty w kluczowych dla gospodarki obszarach takich jak us\u0142ugi, przemys\u0142, budownictwo czy bran\u017ca TSL. Ni\u017cszy poziom integracji notowany jest natomiast w wymiarze kulturowym, spo\u0142ecznym i to\u017csamo\u015bciowym. To oznacza, \u017ce proces adaptacji norm kulturowych, budowania wi\u0119zi spo\u0142ecznych i poczucia przynale\u017cno\u015bci do kraju przebiega znacznie wolniej, co mo\u017ce by\u0107 barier\u0105 dla pe\u0142nej integracji oraz podj\u0119cia decyzji o pozostaniu w Polsce na sta\u0142e&#8221; &#8211; wyja\u015bnia Cezary Przyby\u0142.<\/p>\n","protected":false},"excerpt":{"rendered":"Ukrai\u0144cy w Polsce. 40 proc. z nich prawdopodobnie zostanie na d\u0142u\u017cej W Polsce legalnie przebywa ponad 1,5 mln&hellip;\n","protected":false},"author":2,"featured_media":160508,"comment_status":"","ping_status":"","sticky":false,"template":"","format":"standard","meta":{"footnotes":""},"categories":[12],"tags":[32,33,36,37,27,34,35,28,31,25,42,38,40,39,41,29,30,26],"class_list":{"0":"post-160507","1":"post","2":"type-post","3":"status-publish","4":"format-standard","5":"has-post-thumbnail","7":"category-polska","8":"tag-breaking-news","9":"tag-breakingnews","10":"tag-featured-news","11":"tag-featurednews","12":"tag-headlines","13":"tag-latest-news","14":"tag-latestnews","15":"tag-naglowki","16":"tag-najwazniejsze-artykuly","17":"tag-news","18":"tag-pl","19":"tag-poland","20":"tag-polish","21":"tag-polska","22":"tag-polski","23":"tag-top-stories","24":"tag-topstories","25":"tag-wiadomosci"},"share_on_mastodon":{"url":"https:\/\/pubeurope.com\/@pl\/115747931134006173","error":""},"_links":{"self":[{"href":"https:\/\/www.europesays.com\/pl\/wp-json\/wp\/v2\/posts\/160507","targetHints":{"allow":["GET"]}}],"collection":[{"href":"https:\/\/www.europesays.com\/pl\/wp-json\/wp\/v2\/posts"}],"about":[{"href":"https:\/\/www.europesays.com\/pl\/wp-json\/wp\/v2\/types\/post"}],"author":[{"embeddable":true,"href":"https:\/\/www.europesays.com\/pl\/wp-json\/wp\/v2\/users\/2"}],"replies":[{"embeddable":true,"href":"https:\/\/www.europesays.com\/pl\/wp-json\/wp\/v2\/comments?post=160507"}],"version-history":[{"count":0,"href":"https:\/\/www.europesays.com\/pl\/wp-json\/wp\/v2\/posts\/160507\/revisions"}],"wp:featuredmedia":[{"embeddable":true,"href":"https:\/\/www.europesays.com\/pl\/wp-json\/wp\/v2\/media\/160508"}],"wp:attachment":[{"href":"https:\/\/www.europesays.com\/pl\/wp-json\/wp\/v2\/media?parent=160507"}],"wp:term":[{"taxonomy":"category","embeddable":true,"href":"https:\/\/www.europesays.com\/pl\/wp-json\/wp\/v2\/categories?post=160507"},{"taxonomy":"post_tag","embeddable":true,"href":"https:\/\/www.europesays.com\/pl\/wp-json\/wp\/v2\/tags?post=160507"}],"curies":[{"name":"wp","href":"https:\/\/api.w.org\/{rel}","templated":true}]}}