{"id":160509,"date":"2025-12-19T19:40:13","date_gmt":"2025-12-19T19:40:13","guid":{"rendered":"https:\/\/www.europesays.com\/pl\/160509\/"},"modified":"2025-12-19T19:40:13","modified_gmt":"2025-12-19T19:40:13","slug":"nawrocki-mowil-o-nastrojach-polakow-zelenski-od-razu-chwycil-za-dlugopis","status":"publish","type":"post","link":"https:\/\/www.europesays.com\/pl\/160509\/","title":{"rendered":"Nawrocki m\u00f3wi\u0142 o nastrojach Polak\u00f3w. Ze\u0142enski od razu chwyci\u0142 za d\u0142ugopis"},"content":{"rendered":"<p class=\"ods-c-paragraph \">Wo\u0142odymyr Ze\u0142enski przyby\u0142 do Polski jeszcze w czwartek wieczorem. Jego oficjalna wizyta rozpocz\u0119\u0142a si\u0119 nast\u0119pnego dnia rano. Prezydent Ukrainy spotka\u0142 si\u0119 w Warszawie z Karolem Nawrockim. Przyw\u00f3dcy obu pa\u0144stw odbyli rozmow\u0119 i pojawili si\u0119 wsp\u00f3lnie na konferencji prasowej.<\/p>\n<p>Dalszy ci\u0105g artyku\u0142u pod materia\u0142em wideo<\/p>\n<p> Jakie zagadnienia poruszy\u0142 Karol Nawrocki na konferencji? <\/p>\n<p> Co robi\u0142 Wo\u0142odymyr Ze\u0142enski podczas przem\u00f3wienia Nawrockiego? <\/p>\n<p> Kiedy Wo\u0142odymyr Ze\u0142enski przyby\u0142 do Polski? <\/p>\n<p> Dlaczego Nawrocki wspomnia\u0142 o dezinformacji w sprawie MiG-\u00f3w? <\/p>\n<p class=\"ods-c-paragraph \"><a href=\"https:\/\/wiadomosci.onet.pl\/kraj\/mig-i-dla-ukrainy-karol-nawrocki-zapowiada-zalatwienie-sprawy\/9sc09ks\" id=\"a3d0a103-c5fc-42bb-b01a-5929aa3e130c\" rel=\"nofollow noopener\" target=\"_blank\">Nawrocki odni\u00f3s\u0142 si\u0119 m.in. do tematu burzy, kt\u00f3ra wybuch\u0142a wok\u00f3\u0142 sprawy przekazania przez Polsk\u0119 MiG-\u00f3w dla kraju najechanego bestialsko przez armi\u0119 W\u0142adimira Putina<\/a>. \u2014 Niestety, opinia publiczna zosta\u0142a w pewnym sensie zdezinformowana wok\u00f3\u0142 tej sprawy. [&#8230;] Nie do mojego zakresu dzia\u0142ania nale\u017cy podj\u0119cie decyzji w zakresie samych MiG-\u00f3w \u2014 powiedzia\u0142<\/p>\n<p>   Tak zachowywa\u0142 si\u0119 Ze\u0142enski na konferencji prasowej z Nawrockim<\/p>\n<p class=\"ods-c-paragraph \">W czasie konferencji prasowej da\u0142o si\u0119 zauwa\u017cy\u0107, \u017ce Wo\u0142odymyr Ze\u0142enski, co jaki\u015b czas uzupe\u0142nia swoje notatki. Robi\u0142 to, gdy g\u0142os zabiera\u0142 Karol Nawrocki. Wida\u0107 to by\u0142o m.in. podczas przem\u00f3wienia prezydenta RP, gdy ten m\u00f3wi\u0142 o odczuciach Polak\u00f3w wzgl\u0119dem sposobu docenienia ich pomocy przez obywateli Ukrainy.<\/p>\n<p class=\"ods-c-paragraph \">\u2014 Rozmawiali\u015bmy, \u017ce Polacy odnosz\u0105 wra\u017cenie, co zyskuje swoje odbicie tak\u017ce w badaniach [&#8230;], \u017ce nasz wysi\u0142ek czy wielowymiarowa pomoc Ukrainie po rozpocz\u0119ciu pe\u0142noskalowej inwazji nie spotka\u0142y si\u0119 z nale\u017cytym docenieniem i zrozumieniem \u2014 stwierdzi\u0142 Nawrocki, a Ze\u0142enski w tym momencie notowa\u0142. <\/p>\n","protected":false},"excerpt":{"rendered":"Wo\u0142odymyr Ze\u0142enski przyby\u0142 do Polski jeszcze w czwartek wieczorem. Jego oficjalna wizyta rozpocz\u0119\u0142a si\u0119 nast\u0119pnego dnia rano. Prezydent&hellip;\n","protected":false},"author":2,"featured_media":160510,"comment_status":"","ping_status":"","sticky":false,"template":"","format":"standard","meta":{"footnotes":""},"categories":[5],"tags":[32,33,36,37,27,76,43,49,34,35,28,31,48,25,46,42,38,40,39,41,47,29,30,26,309],"class_list":{"0":"post-160509","1":"post","2":"type-post","3":"status-publish","4":"format-standard","5":"has-post-thumbnail","7":"category-naglowki","8":"tag-breaking-news","9":"tag-breakingnews","10":"tag-featured-news","11":"tag-featurednews","12":"tag-headlines","13":"tag-inwazja_rosji_na_ukraine","14":"tag-karol_nawrocki","15":"tag-kraj","16":"tag-latest-news","17":"tag-latestnews","18":"tag-naglowki","19":"tag-najwazniejsze-artykuly","20":"tag-nat_styl","21":"tag-news","22":"tag-omp","23":"tag-pl","24":"tag-poland","25":"tag-polish","26":"tag-polska","27":"tag-polski","28":"tag-screening_general","29":"tag-top-stories","30":"tag-topstories","31":"tag-wiadomosci","32":"tag-wolodymyr_zelenski"},"share_on_mastodon":{"url":"https:\/\/pubeurope.com\/@pl\/115747935141402850","error":""},"_links":{"self":[{"href":"https:\/\/www.europesays.com\/pl\/wp-json\/wp\/v2\/posts\/160509","targetHints":{"allow":["GET"]}}],"collection":[{"href":"https:\/\/www.europesays.com\/pl\/wp-json\/wp\/v2\/posts"}],"about":[{"href":"https:\/\/www.europesays.com\/pl\/wp-json\/wp\/v2\/types\/post"}],"author":[{"embeddable":true,"href":"https:\/\/www.europesays.com\/pl\/wp-json\/wp\/v2\/users\/2"}],"replies":[{"embeddable":true,"href":"https:\/\/www.europesays.com\/pl\/wp-json\/wp\/v2\/comments?post=160509"}],"version-history":[{"count":0,"href":"https:\/\/www.europesays.com\/pl\/wp-json\/wp\/v2\/posts\/160509\/revisions"}],"wp:featuredmedia":[{"embeddable":true,"href":"https:\/\/www.europesays.com\/pl\/wp-json\/wp\/v2\/media\/160510"}],"wp:attachment":[{"href":"https:\/\/www.europesays.com\/pl\/wp-json\/wp\/v2\/media?parent=160509"}],"wp:term":[{"taxonomy":"category","embeddable":true,"href":"https:\/\/www.europesays.com\/pl\/wp-json\/wp\/v2\/categories?post=160509"},{"taxonomy":"post_tag","embeddable":true,"href":"https:\/\/www.europesays.com\/pl\/wp-json\/wp\/v2\/tags?post=160509"}],"curies":[{"name":"wp","href":"https:\/\/api.w.org\/{rel}","templated":true}]}}